{"id":115585,"date":"2026-01-29T07:44:51","date_gmt":"2026-01-29T13:44:51","guid":{"rendered":"https:\/\/losperiodistas.com.mx\/portal\/?p=115585"},"modified":"2026-01-29T07:44:53","modified_gmt":"2026-01-29T13:44:53","slug":"el-papa-al-regnum-christi-el-carisma-no-se-vuelva-algo-estatico-sino-una-fuerza-vital-vatican-news","status":"publish","type":"post","link":"https:\/\/losperiodistas.com.mx\/portal\/el-papa-al-regnum-christi-el-carisma-no-se-vuelva-algo-estatico-sino-una-fuerza-vital-vatican-news\/","title":{"rendered":"El Papa al Regnum Christi: El carisma no se vuelva algo est\u00e1tico, sino una fuerza vital | Vatican News"},"content":{"rendered":"\n<p class=\"has-luminous-vivid-amber-background-color has-background has-medium-font-size\">La ma\u00f1ana de este jueves, 29 de enero, el Santo Padre recibi\u00f3 en audiencia a los participantes en las Asambleas Generales de las Sociedades de Vida Apost\u00f3lica del Regnum Christi. A ellos, el Pont\u00edfice les record\u00f3 que, \u201cel Se\u00f1or nos sigue sorprendiendo y sigue dej\u00e1ndose encontrar por caminos que no son los nuestros (cf. Is 55,8), y por eso su fidelidad sigue sorprendi\u00e9ndonos\u201d.<\/p>\n\n\n\n<figure class=\"wp-block-image size-large\"><img fetchpriority=\"high\" decoding=\"async\" width=\"1024\" height=\"675\" src=\"https:\/\/losperiodistas.com.mx\/portal\/wp-content\/uploads\/2026\/01\/cq5dam.thumbnail.cropped.1500.844-2-1024x675.jpeg\" alt=\"\" class=\"wp-image-115586\" srcset=\"https:\/\/losperiodistas.com.mx\/portal\/wp-content\/uploads\/2026\/01\/cq5dam.thumbnail.cropped.1500.844-2-1024x675.jpeg 1024w, https:\/\/losperiodistas.com.mx\/portal\/wp-content\/uploads\/2026\/01\/cq5dam.thumbnail.cropped.1500.844-2-300x198.jpeg 300w, https:\/\/losperiodistas.com.mx\/portal\/wp-content\/uploads\/2026\/01\/cq5dam.thumbnail.cropped.1500.844-2-768x506.jpeg 768w, https:\/\/losperiodistas.com.mx\/portal\/wp-content\/uploads\/2026\/01\/cq5dam.thumbnail.cropped.1500.844-2.jpeg 1280w\" sizes=\"(max-width: 1024px) 100vw, 1024px\" \/><figcaption class=\"wp-element-caption\">Discurso del Papa Le\u00f3n XIV a los participantes en las Asambleas Generales de las Sociedades de Vida Apost\u00f3lica del Regnum Christi<\/figcaption><\/figure>\n\n\n\n<p><\/p>\n\n\n\n<p class=\"has-vivid-red-color has-text-color has-link-color has-medium-font-size wp-elements-51d8f05bbcec5d2139865d817a87fd25\"><strong>Renato Martinez \/ Vatican News<\/strong><\/p>\n\n\n\n<p>\u00abCarisma, gobierno y comuni\u00f3n\u00bb, fueron los tres temas al centro del&nbsp;<a href=\"https:\/\/www.vatican.va\/content\/leo-xiv\/es\/speeches\/2026\/january\/documents\/20260129-regnum-christi.html\">discurso del Papa Le\u00f3n XIV a los participantes en las Asambleas Generales de las Sociedades de Vida Apost\u00f3lica del&nbsp;<em>Regnum Christi<\/em>,<\/a>&nbsp;a quienes recibi\u00f3 en audiencia la ma\u00f1ana de este jueves, 29 de enero, en la Sala del Consistorio del Vaticano.<\/p>\n\n\n\n<figure class=\"wp-block-image\"><img decoding=\"async\" src=\"https:\/\/www.vaticannews.va\/content\/dam\/vaticannews\/agenzie\/images\/srv\/2026\/01\/29\/2026-01-29-partecipanti-alle-assemblee-generali-dei-consacrati-d\/1769686003346.JPG\/_jcr_content\/renditions\/cq5dam.thumbnail.cropped.750.422.jpeg\" alt=\"El Papa al inicio de la audiencia\" title=\"El Papa al inicio de la audiencia\"\/><\/figure>\n\n\n\n<p>El Papa al inicio de la audiencia &nbsp; (@Vatican Media)<\/p>\n\n\n\n<h2 class=\"wp-block-heading\"><strong>El carisma, un don del Par\u00e1clito<\/strong><\/h2>\n\n\n\n<p>Despu\u00e9s de manifestar su alegr\u00eda por este encuentro, el Santo Padre inici\u00f3 su reflexi\u00f3n sobre el \u201ccarisma\u201d, se\u00f1alando que, el Magisterio nos ense\u00f1a que \u00abla Iglesia rejuvenece por el poder del Evangelio y el Esp\u00edritu continuamente la renueva \u201ccon diversos dones jer\u00e1rquicos y carism\u00e1ticos\u201d\u00bb. En estos d\u00edas \u2013 afirm\u00f3 el Papa \u2013 han tenido ocasi\u00f3n de reflexionar y dialogar sobre la definici\u00f3n del propio carisma de las respectivas Sociedades de Vida Apost\u00f3lica, reconociendo en \u00e9l un don del Par\u00e1clito, ofrecido a la Iglesia para que reavive en ella su vida y dinamice su misi\u00f3n, tanto en su seno como en la sociedad.<\/p>\n\n\n\n<p><em>\u201cEste don, mientras genera vida y vitalidad en el Instituto, le confiere tambi\u00e9n una identidad espec\u00edfica, que cualifica y hace reconocible la presencia de ustedes en la Iglesia y en el mundo. Hoy m\u00e1s que nunca es necesario saber qui\u00e9nes somos, si queremos dialogar de manera aut\u00e9ntica con la sociedad sin ser absorbidos o uniformados. Para evangelizar los contextos en los que viven \u2014fin espec\u00edfico de su vocaci\u00f3n\u2014 es por tanto fundamental que definan su identidad cada vez con mayor claridad\u201d.<\/em><\/p>\n\n\n\n<blockquote class=\"wp-block-quote is-layout-flow wp-block-quote-is-layout-flow\">\n<p>\u201cQuien recibe el carisma est\u00e1 llamado a mantenerlo vivo en s\u00ed mismo\u201d<\/p>\n<\/blockquote>\n\n\n\n<p>En este sentido, el Pont\u00edfice precis\u00f3 que, quien \u201crecibe el carisma est\u00e1 llamado a mantenerlo vivo en s\u00ed mismo, para que no se vuelva algo est\u00e1tico, sino que se convierta en una fuerza vital, que fluye creativa y libremente\u201d.<\/p>\n\n\n\n<p><em>\u201cEl Instituto, la Sociedad, son un cuerpo vivo donde la energ\u00eda carism\u00e1tica atraviesa cada c\u00e9lula y cada miembro, de la cual a su vez son portadores y transmisores. Y esta energ\u00eda debe animar la misi\u00f3n que llevan adelante e iluminar el camino a recorrer, para legarla despu\u00e9s como herencia viva a las generaciones futuras, llamadas asimismo a enamorarse de ella y a convertirla en fuente de su servicio\u201d.<\/em><\/p>\n\n\n\n<figure class=\"wp-block-image\"><img decoding=\"async\" src=\"https:\/\/www.vaticannews.va\/content\/dam\/vaticannews\/agenzie\/images\/srv\/2026\/01\/29\/2026-01-29-partecipanti-alle-assemblee-generali-dei-consacrati-d\/1769686024549.JPG\/_jcr_content\/renditions\/cq5dam.thumbnail.cropped.750.422.jpeg\" alt=\"Sala del Consistorio del Vaticano\" title=\"Sala del Consistorio del Vaticano\"\/><\/figure>\n\n\n\n<p>Sala del Consistorio del Vaticano &nbsp; (@VATICAN MEDIA)<\/p>\n\n\n\n<h2 class=\"wp-block-heading\"><strong>El gobierno, un aut\u00e9ntico ministerio eclesial<\/strong><\/h2>\n\n\n\n<p>Al reflexionar sobre el segundo punto, el gobierno, el Papa Le\u00f3n XIV dijo que, para poder comenzar procesos decisionales maduros en un clima de aut\u00e9ntico discernimiento, se necesita de la comuni\u00f3n. A este prop\u00f3sito el Papa record\u00f3 los documentos de la Iglesia, donde se dice que \u00ablas personas consagradas son llamadas al seguimiento de Cristo obediente dentro de un \u201cproyecto evang\u00e9lico\u201d, o carism\u00e1tico, suscitado por el Esp\u00edritu y autenticado por la Iglesia\u00bb, y que \u00aben este camino, la autoridad tiene la obligaci\u00f3n pastoral de guiar y decidir\u00bb.<\/p>\n\n\n\n<p><em>\u201cEl gobierno es un servicio necesario en las Sociedades de vida apost\u00f3lica; un aut\u00e9ntico ministerio eclesial, que acompa\u00f1a a las hermanas y a los hermanos hacia una fidelidad consciente, libre y responsable en el seguimiento de Cristo. Todo Instituto y toda Sociedad, adem\u00e1s, est\u00e1n llamadas a reconocer en \u00e9l un estilo propio, en armon\u00eda con su carisma espec\u00edfico y con su espiritualidad\u201d.<\/em><\/p>\n\n\n\n<blockquote class=\"wp-block-quote is-layout-flow wp-block-quote-is-layout-flow\">\n<p>\u201cUn gobierno aut\u00e9nticamente evang\u00e9lico siempre est\u00e1 orientado al servicio\u201d<\/p>\n<\/blockquote>\n\n\n\n<p>Por otra parte, el Santo Padre se\u00f1al\u00f3 que, un gobierno aut\u00e9nticamente evang\u00e9lico siempre est\u00e1 orientado al servicio: sostiene, acompa\u00f1a y ayuda a cada miembro a configurarse cada d\u00eda m\u00e1s con la persona del Salvador. En este sentido, el Papa dijo que, el discernimiento comunitario es el lugar privilegiado en el que pueden madurar decisiones compartidas, capaces de generar comuni\u00f3n y corresponsabilidad.<\/p>\n\n\n\n<p><em>\u201cNo tengan miedo de experimentar nuevas formas de gobierno, es m\u00e1s, conviene que tengan siempre presente que la b\u00fasqueda conjunta de un estilo propio en el ejercicio de la autoridad abre caminos que no s\u00f3lo enriquecen a las Sociedades y a sus miembros individuales, sino que tambi\u00e9n refuerzan el sentido de pertenencia y la participaci\u00f3n en la misi\u00f3n com\u00fan\u201d.<\/em><\/p>\n\n\n\n<figure class=\"wp-block-image\"><img decoding=\"async\" src=\"https:\/\/www.vaticannews.va\/content\/dam\/vaticannews\/agenzie\/images\/srv\/2026\/01\/29\/2026-01-29-partecipanti-alle-assemblee-generali-dei-consacrati-d\/1769686004663.JPG\/_jcr_content\/renditions\/cq5dam.thumbnail.cropped.750.422.jpeg\" alt=\"Bendici\u00f3n del Papa al final de la audiencia\" title=\"Bendici\u00f3n del Papa al final de la audiencia\"\/><\/figure>\n\n\n\n<p>Bendici\u00f3n del Papa al final de la audiencia &nbsp; (@Vatican Media)<\/p>\n\n\n\n<h2 class=\"wp-block-heading\"><strong>La comuni\u00f3n, compartir espiritualidad y apostolado<\/strong><\/h2>\n\n\n\n<p>Luego, el Pont\u00edfice se centr\u00f3 en el tercer punto de su reflexi\u00f3n: la comuni\u00f3n dentro de la Familia del&nbsp;<em>Regnum Christi<\/em>. El camino particular de ustedes, insertado en la gran historia de un cuerpo apost\u00f3lico, indic\u00f3 el Papa, lleva las huellas de la acci\u00f3n silenciosa y poderosa del Esp\u00edritu Santo, que renueva continuamente a la Iglesia y la hace joven en la esperanza.<\/p>\n\n\n\n<p><em>\u201cEn este contexto, est\u00e1n llamados a promover una comuni\u00f3n cada vez m\u00e1s profunda en toda la Familia, compartiendo espiritualidad y apostolado, viviendo plenamente la vocaci\u00f3n espec\u00edfica a la que Dios los ha llamado como miembros de la Sociedad a la que pertenecen, comprometidos a dar testimonio, con su propia vida, de la fidelidad al carisma recibido\u201d.<\/em><\/p>\n\n\n\n<blockquote class=\"wp-block-quote is-layout-flow wp-block-quote-is-layout-flow\">\n<p>\u201cLa comuni\u00f3n org\u00e1nica en la diversidad es obra del Esp\u00edritu Santo\u201d<\/p>\n<\/blockquote>\n\n\n\n<p>Y recordando la Exhortaci\u00f3n Apost\u00f3lica&nbsp;<em>Vita consecrata<\/em>, el Pont\u00edfice dijo que, \u00abtodos los fieles, en virtud de su regeneraci\u00f3n en Cristo, participan de una dignidad com\u00fan; todos son llamados a la santidad; todos cooperan a la edificaci\u00f3n del \u00fanico Cuerpo de Cristo, cada uno seg\u00fan su propia vocaci\u00f3n y el don recibido del Esp\u00edritu Santo\u00bb.<\/p>\n\n\n\n<p><em>\u201cLa unidad en la dignidad bautismal y la diversidad de vocaciones no se contraponen, sino que se iluminan mutuamente. La comuni\u00f3n org\u00e1nica en la diversidad es obra del Esp\u00edritu Santo, que transforma cada vocaci\u00f3n en servicio para los dem\u00e1s, para que el Cuerpo de Cristo crezca en la historia y cumpla su misi\u00f3n en el mundo\u201d.<\/em><\/p>\n\n\n\n<figure class=\"wp-block-image\"><img decoding=\"async\" src=\"https:\/\/www.vaticannews.va\/content\/dam\/vaticannews\/agenzie\/images\/srv\/2026\/01\/29\/2026-01-29-partecipanti-alle-assemblee-generali-dei-consacrati-d\/1769686001829.JPG\/_jcr_content\/renditions\/cq5dam.thumbnail.cropped.750.422.jpeg\" alt=\"Foto conclusiva de la audiencia\" title=\"Foto conclusiva de la audiencia\"\/><\/figure>\n\n\n\n<p>Foto conclusiva de la audiencia &nbsp; (@VATICAN MEDIA)<\/p>\n\n\n\n<h2 class=\"wp-block-heading\"><strong>Todos somos vidas en camino<\/strong><\/h2>\n\n\n\n<p>Antes de concluir su discurso, el Papa Le\u00f3n XIV subray\u00f3 que, todos somos vidas en camino, a las que Dios sigue inspirando sus sue\u00f1os a trav\u00e9s de los profetas de ayer y de hoy, para liberar a la humanidad de antiguas y nuevas esclavitudes, involucrando a j\u00f3venes y ancianos, pobres y ricos, hombres y mujeres, santos y pecadores en las obras de su misericordia y en las maravillas de su justicia.<\/p>\n\n\n\n<p><em>\u201cEl Se\u00f1or no hace ruido, pero su Reino brota y crece en todos los rincones del mundo. Y en este sentido, muchas ciudades y muchas comunidades necesitan que se les diga: \u2018En verdad no eres la menor\u2019 (cf. Mt 2,6)\u201d.<\/em><\/p>\n\n\n\n<p>Fuente: <a href=\"https:\/\/www.vaticannews.va\/es\/papa\/news\/2026-01\/papa-leon-xiv-audiencia-participantes-asambleas-regnum-christi-2.html\">https:\/\/www.vaticannews.va\/es\/papa\/news\/2026-01\/papa-leon-xiv-audiencia-participantes-asambleas-regnum-christi-2.html<\/a><\/p>\n","protected":false},"excerpt":{"rendered":"<p>La ma\u00f1ana de este jueves, 29 de enero, el Santo Padre recibi\u00f3 en audiencia a los participantes en las Asambleas [&hellip;]<\/p>\n","protected":false},"author":1,"featured_media":115586,"comment_status":"open","ping_status":"open","sticky":false,"template":"","format":"standard","meta":{"site-sidebar-layout":"default","site-content-layout":"","ast-site-content-layout":"default","site-content-style":"default","site-sidebar-style":"default","ast-global-header-display":"","ast-banner-title-visibility":"","ast-main-header-display":"","ast-hfb-above-header-display":"","ast-hfb-below-header-display":"","ast-hfb-mobile-header-display":"","site-post-title":"","ast-breadcrumbs-content":"","ast-featured-img":"","footer-sml-layout":"","theme-transparent-header-meta":"","adv-header-id-meta":"","stick-header-meta":"","header-above-stick-meta":"","header-main-stick-meta":"","header-below-stick-meta":"","astra-migrate-meta-layouts":"default","ast-page-background-enabled":"default","ast-page-background-meta":{"desktop":{"background-color":"var(--ast-global-color-4)","background-image":"","background-repeat":"repeat","background-position":"center center","background-size":"auto","background-attachment":"scroll","background-type":"","background-media":"","overlay-type":"","overlay-color":"","overlay-opacity":"","overlay-gradient":""},"tablet":{"background-color":"","background-image":"","background-repeat":"repeat","background-position":"center center","background-size":"auto","background-attachment":"scroll","background-type":"","background-media":"","overlay-type":"","overlay-color":"","overlay-opacity":"","overlay-gradient":""},"mobile":{"background-color":"","background-image":"","background-repeat":"repeat","background-position":"center center","background-size":"auto","background-attachment":"scroll","background-type":"","background-media":"","overlay-type":"","overlay-color":"","overlay-opacity":"","overlay-gradient":""}},"ast-content-background-meta":{"desktop":{"background-color":"var(--ast-global-color-5)","background-image":"","background-repeat":"repeat","background-position":"center center","background-size":"auto","background-attachment":"scroll","background-type":"","background-media":"","overlay-type":"","overlay-color":"","overlay-opacity":"","overlay-gradient":""},"tablet":{"background-color":"var(--ast-global-color-5)","background-image":"","background-repeat":"repeat","background-position":"center center","background-size":"auto","background-attachment":"scroll","background-type":"","background-media":"","overlay-type":"","overlay-color":"","overlay-opacity":"","overlay-gradient":""},"mobile":{"background-color":"var(--ast-global-color-5)","background-image":"","background-repeat":"repeat","background-position":"center center","background-size":"auto","background-attachment":"scroll","background-type":"","background-media":"","overlay-type":"","overlay-color":"","overlay-opacity":"","overlay-gradient":""}},"footnotes":""},"categories":[8],"tags":[45756,5948],"class_list":["post-115585","post","type-post","status-publish","format-standard","has-post-thumbnail","hentry","category-noticias","tag-audiencias-leon-xiv","tag-regnum-christi"],"_links":{"self":[{"href":"https:\/\/losperiodistas.com.mx\/portal\/wp-json\/wp\/v2\/posts\/115585","targetHints":{"allow":["GET"]}}],"collection":[{"href":"https:\/\/losperiodistas.com.mx\/portal\/wp-json\/wp\/v2\/posts"}],"about":[{"href":"https:\/\/losperiodistas.com.mx\/portal\/wp-json\/wp\/v2\/types\/post"}],"author":[{"embeddable":true,"href":"https:\/\/losperiodistas.com.mx\/portal\/wp-json\/wp\/v2\/users\/1"}],"replies":[{"embeddable":true,"href":"https:\/\/losperiodistas.com.mx\/portal\/wp-json\/wp\/v2\/comments?post=115585"}],"version-history":[{"count":1,"href":"https:\/\/losperiodistas.com.mx\/portal\/wp-json\/wp\/v2\/posts\/115585\/revisions"}],"predecessor-version":[{"id":115587,"href":"https:\/\/losperiodistas.com.mx\/portal\/wp-json\/wp\/v2\/posts\/115585\/revisions\/115587"}],"wp:featuredmedia":[{"embeddable":true,"href":"https:\/\/losperiodistas.com.mx\/portal\/wp-json\/wp\/v2\/media\/115586"}],"wp:attachment":[{"href":"https:\/\/losperiodistas.com.mx\/portal\/wp-json\/wp\/v2\/media?parent=115585"}],"wp:term":[{"taxonomy":"category","embeddable":true,"href":"https:\/\/losperiodistas.com.mx\/portal\/wp-json\/wp\/v2\/categories?post=115585"},{"taxonomy":"post_tag","embeddable":true,"href":"https:\/\/losperiodistas.com.mx\/portal\/wp-json\/wp\/v2\/tags?post=115585"}],"curies":[{"name":"wp","href":"https:\/\/api.w.org\/{rel}","templated":true}]}}