{"id":115571,"date":"2026-01-28T23:39:01","date_gmt":"2026-01-29T05:39:01","guid":{"rendered":"https:\/\/losperiodistas.com.mx\/portal\/?p=115571"},"modified":"2026-01-28T23:39:03","modified_gmt":"2026-01-29T05:39:03","slug":"marina-detuvo-a-israel-vizcarra-alias-palillo-jefe-de-plaza-de-los-mayos-del-cartel-de-sinaloa-infobae","status":"publish","type":"post","link":"https:\/\/losperiodistas.com.mx\/portal\/marina-detuvo-a-israel-vizcarra-alias-palillo-jefe-de-plaza-de-los-mayos-del-cartel-de-sinaloa-infobae\/","title":{"rendered":"Marina detuvo a Israel Vizcarra, alias \u201cPalillo\u201d, jefe de plaza de \u201cLos Mayos\u201d del C\u00e1rtel de Sinaloa | Infobae"},"content":{"rendered":"\n<p>En el mismo operativo realizado en el municipio de Culiac\u00e1n, tambi\u00e9n fue capturado su hermano, Alexis Vizcarra<\/p>\n\n\n\n<figure class=\"wp-block-image size-large\"><img fetchpriority=\"high\" decoding=\"async\" width=\"1024\" height=\"576\" src=\"https:\/\/losperiodistas.com.mx\/portal\/wp-content\/uploads\/2026\/01\/Operativo-ElPalillo-1024x576.png\" alt=\"\" class=\"wp-image-115572\" srcset=\"https:\/\/losperiodistas.com.mx\/portal\/wp-content\/uploads\/2026\/01\/Operativo-ElPalillo-1024x576.png 1024w, https:\/\/losperiodistas.com.mx\/portal\/wp-content\/uploads\/2026\/01\/Operativo-ElPalillo-300x169.png 300w, https:\/\/losperiodistas.com.mx\/portal\/wp-content\/uploads\/2026\/01\/Operativo-ElPalillo-768x432.png 768w, https:\/\/losperiodistas.com.mx\/portal\/wp-content\/uploads\/2026\/01\/Operativo-ElPalillo.png 1240w\" sizes=\"(max-width: 1024px) 100vw, 1024px\" \/><\/figure>\n\n\n\n<p class=\"has-vivid-red-color has-text-color has-link-color wp-elements-1581a5bfd6023007055069153af3e405\">Juan Castillo \/ Infobae<\/p>\n\n\n\n<p>En un<a href=\"https:\/\/www.infobae.com\/mexico\/2026\/01\/24\/localizan-con-vida-a-la-tiktoker-la-nicholette-tras-ser-secuestrada-en-sinaloa\/\" target=\"_blank\" rel=\"noreferrer noopener\"><strong> operativo<\/strong><\/a> reciente, <strong>personal de la Secretar\u00eda de Marina<\/strong> en coordinaci\u00f3n con la <strong>Secretar\u00eda de Seguridad y Protecci\u00f3n Ciudadana (SSPC)<\/strong> <strong>detuvo <\/strong>en <strong>Sinaloa <\/strong>a <strong>Israel Vizcarra Beltr\u00e1n<\/strong>, alias <strong>\u201cPalillo\u201d<\/strong>, y a <strong>Alexis Arnoldo Vizcarra Beltr\u00e1n<\/strong>, hermanos se\u00f1alados como operadores de segundo y tercer nivel de <strong>\u201cLos Mayos\u201d<\/strong>.<\/p>\n\n\n\n<p>De acuerdo con fuentes federales consultadas por<em><strong>Infobae M\u00e9xico<\/strong><\/em>, <strong>Israel Vizcarra Beltr\u00e1n<\/strong> es identificado como <strong>jefe de plaza en la zona de El Dorado<\/strong> y presunto l\u00edder de una celular dedicada a la elaboraci\u00f3n de drogas con presencia en <a href=\"https:\/\/www.infobae.com\/mexico\/2026\/01\/28\/activan-operativo-en-sinaloa-tras-ataque-contra-diputados-de-movimiento-ciudadano\/\" target=\"_blank\" rel=\"noreferrer noopener\"><strong>Sinaloa<\/strong><\/a>, <strong>Sonora<\/strong>,<strong> Nuevo Le\u00f3n<\/strong>, <strong>Hidalgo<\/strong>, <strong>Puebla <\/strong>y <strong>Estado de M\u00e9xico<\/strong>.<\/p>\n\n\n\n<p>Su relevancia lo posicionar\u00eda como colaborador de segundo nivel en la estructura criminal de <strong>\u201cLos Mayos\u201d<\/strong>, solo por detr\u00e1s<strong> Ismael Zambada Sicairos<\/strong>, alias <a href=\"https:\/\/www.infobae.com\/mexico\/2026\/01\/24\/tiktoker-la-nicholette-aparecio-en-video-tras-secuestro-trabajo-con-mayito-flaco\/\" target=\"_blank\" rel=\"noreferrer noopener\"><strong>\u201cEl Mayito Flaco\u201d<\/strong><\/a>.<\/p>\n\n\n\n<p>Adem\u00e1s, mantiene una orden de aprehensi\u00f3n vigente en el estado de <strong>Guanajuato<\/strong>.<\/p>\n\n\n\n<p>Por su parte, <strong>Alexis Arnoldo Vizcarra Beltr\u00e1n<\/strong>, es identificadocomo segundo al mando en las plazas de <strong>Quil\u00e1<\/strong> y <strong>El Dorado<\/strong>, ocupando un tercer nivel en la estructura criminal.<\/p>\n\n\n\n<p>La acci\u00f3n se enmarca en labores de inteligencia realizados durante varios meses y patrullajes terrestres en la zona de <strong>Tierra y Libertad Uno<\/strong>, municipio de <strong>Culiac\u00e1n<\/strong>, donde se concret\u00f3 la detenci\u00f3n de ambos sujetos.<\/p>\n\n\n\n<figure class=\"wp-block-image size-full\"><img decoding=\"async\" width=\"992\" height=\"616\" src=\"https:\/\/losperiodistas.com.mx\/portal\/wp-content\/uploads\/2026\/01\/imagen-161.png\" alt=\"\" class=\"wp-image-115573\" srcset=\"https:\/\/losperiodistas.com.mx\/portal\/wp-content\/uploads\/2026\/01\/imagen-161.png 992w, https:\/\/losperiodistas.com.mx\/portal\/wp-content\/uploads\/2026\/01\/imagen-161-300x186.png 300w, https:\/\/losperiodistas.com.mx\/portal\/wp-content\/uploads\/2026\/01\/imagen-161-768x477.png 768w\" sizes=\"(max-width: 992px) 100vw, 992px\" \/><figcaption class=\"wp-element-caption\">Niveles en la estructura criminal de \u00abLos Mayos\u00bb del C\u00e1rtel de Sinaloa. (Especial)<\/figcaption><\/figure>\n\n\n\n<p>Las autoridades federales destacan la coordinaci\u00f3n interinstitucional como factor clave para el resultado de este operativo.<\/p>\n\n\n\n<h2 class=\"wp-block-heading\">Coordinaci\u00f3n interinstitucional y desarrollo del operativo<\/h2>\n\n\n\n<p>El despliegue que permiti\u00f3 la detenci\u00f3n de <strong>Israel Vizcarra Beltr\u00e1n<\/strong> y <strong>Alexis Arnoldo Vizcarra Beltr\u00e1n<\/strong> fue resultado de una estrategia coordinada entre la<strong> Marina<\/strong> y la <strong>SSPC<\/strong>.<\/p>\n\n\n\n<p>El operativo form\u00f3 parte de acciones conjuntas que involucraron meses de labores de campo y gabinete, enmarcadas en el intercambio de informaci\u00f3n y la inteligencia institucional.<\/p>\n\n\n\n<p>Seg\u00fan reportes de autoridades, el punto clave de esta intervenci\u00f3n fue un recorrido de vigilancia terrestre en el \u00e1rea denominada <strong>Tierra y Libertad Uno<\/strong>, dentro del municipio de <strong>Culiac\u00e1n<\/strong>, Sinaloa. En ese contexto, las autoridades lograron ubicar y detener a los presuntos integrantes de la estructura criminal.<\/p>\n\n\n\n<p>La participaci\u00f3n de distintas dependencias federales permiti\u00f3 fortalecer la capacidad de reacci\u00f3n y consolidar la operaci\u00f3n, seg\u00fan refieren fuentes federales.<\/p>\n\n\n\n<p>Este esfuerzo conjunto busc\u00f3 neutralizar actividades il\u00edcitas en una zona de alta incidencia delictiva y con presencia de grupos ligados al narcotr\u00e1fico, espec\u00edficamente contra estos dos hombres, presuntamente relacionados con la el grupo criminal de <strong>\u201cLos Mayos\u201d<\/strong>, liderados por <strong>Ismael Zambada Sicairos<\/strong>, alias <strong>\u201cEl Mayito Flaco\u201d<\/strong>.<\/p>\n\n\n\n<h2 class=\"wp-block-heading\">Objetos asegurados durante la detenci\u00f3n<\/h2>\n\n\n\n<p>Durante la detenci\u00f3n de <strong>Israel Vizcarra Beltr\u00e1n<\/strong> y <strong>Alexis Arnoldo Vizcarra Beltr\u00e1n<\/strong>, el personal de la <strong>Secretar\u00eda de Marina<\/strong> incaut\u00f3 diversos objetos relacionados con las actividades il\u00edcitas que presuntamente encabezaban los detenidos.<\/p>\n\n\n\n<p>Entre los bienes asegurados se encuentran <strong>un fusil y un arma corta<\/strong>, as\u00ed como <strong>220 cartuchos de diferentes calibres<\/strong>.<\/p>\n\n\n\n<p>Adem\u00e1s, informes oficiales revelaron que los efectivos confiscaron <strong>aproximadamente un kilo de presunta droga<\/strong>, equipos de comunicaci\u00f3n y un <strong>veh\u00edculo de la marca Dodge,<\/strong> el cual era utilizado por los ahora detenidos al momento de su captura.<\/p>\n\n\n\n<figure class=\"wp-block-image size-full\"><img decoding=\"async\" width=\"992\" height=\"558\" src=\"https:\/\/losperiodistas.com.mx\/portal\/wp-content\/uploads\/2026\/01\/imagen-162.png\" alt=\"\" class=\"wp-image-115574\" srcset=\"https:\/\/losperiodistas.com.mx\/portal\/wp-content\/uploads\/2026\/01\/imagen-162.png 992w, https:\/\/losperiodistas.com.mx\/portal\/wp-content\/uploads\/2026\/01\/imagen-162-300x169.png 300w, https:\/\/losperiodistas.com.mx\/portal\/wp-content\/uploads\/2026\/01\/imagen-162-768x432.png 768w\" sizes=\"(max-width: 992px) 100vw, 992px\" \/><figcaption class=\"wp-element-caption\">Autom\u00f3vil asegurado en la detenci\u00f3n.<\/figcaption><\/figure>\n\n\n\n<p>Estos art\u00edculos fueron decomisados en el lugar de la detenci\u00f3n y forman parte de las pruebas que las autoridades pusieron a disposici\u00f3n de las instancias competentes, con el objetivo de fortalecer el proceso judicial y esclarecer la naturaleza de las operaciones del grupo criminal.<\/p>\n\n\n\n<h2 class=\"wp-block-heading\">Acusaciones y antecedentes judiciales de Israel Vizcarra<\/h2>\n\n\n\n<p><strong>Israel Vizcarra Beltr\u00e1n<\/strong>, alias<strong> \u201cPalillo\u201d<\/strong>, enfrenta diversas acusaciones relacionadas con su presunta participaci\u00f3n en actividades delictivas.<\/p>\n\n\n\n<p>Fuentes federales refirieron a<strong> Infobae M\u00e9xico<\/strong> que se le vincula con los delitos de <strong>delincuencia organizada<\/strong> y <strong>operaciones con recursos de procedencia il\u00edcita<\/strong>, dentro de una organizaci\u00f3n criminal con presencia en varios estados de la Rep\u00fablica.<\/p>\n\n\n\n<p>Adem\u00e1s, cuenta con una <strong>orden de aprehensi\u00f3n vigente en el estado de Guanajuato<\/strong> por presunta asociaci\u00f3n delictuosa.<\/p>\n\n\n\n<p>La informaci\u00f3n proporcionada a indica que estas acusaciones se suman a su rol como jefe de plaza y l\u00edder operativo dentro de la facci\u00f3n <strong>\u201cMayos\u201d<\/strong> del <strong>C\u00e1rtel de Sinaloa<\/strong>.<\/p>\n\n\n\n<p>Estos antecedentes judiciales refuerzan el se\u00f1alamiento de las autoridades sobre el nivel de liderazgo y la relevancia de <strong>Israel Vizcarra Beltr\u00e1n <\/strong>dentro de la estructura criminal desmantelada en el operativo.<\/p>\n\n\n\n<p>Fuente: <a href=\"https:\/\/www.infobae.com\/mexico\/2026\/01\/28\/detuvieron-a-israel-vizcarra-alias-palillo-jefe-de-plaza-de-los-mayos-del-cartel-de-sinaloa\/\" target=\"_blank\" rel=\"noreferrer noopener\">Infobae<\/a><\/p>\n","protected":false},"excerpt":{"rendered":"<p>En el mismo operativo realizado en el municipio de Culiac\u00e1n, tambi\u00e9n fue capturado su hermano, Alexis Vizcarra<\/p>\n","protected":false},"author":1,"featured_media":115572,"comment_status":"open","ping_status":"open","sticky":false,"template":"","format":"standard","meta":{"site-sidebar-layout":"default","site-content-layout":"","ast-site-content-layout":"default","site-content-style":"default","site-sidebar-style":"default","ast-global-header-display":"","ast-banner-title-visibility":"","ast-main-header-display":"","ast-hfb-above-header-display":"","ast-hfb-below-header-display":"","ast-hfb-mobile-header-display":"","site-post-title":"","ast-breadcrumbs-content":"","ast-featured-img":"","footer-sml-layout":"","theme-transparent-header-meta":"","adv-header-id-meta":"","stick-header-meta":"","header-above-stick-meta":"","header-main-stick-meta":"","header-below-stick-meta":"","astra-migrate-meta-layouts":"default","ast-page-background-enabled":"default","ast-page-background-meta":{"desktop":{"background-color":"var(--ast-global-color-4)","background-image":"","background-repeat":"repeat","background-position":"center center","background-size":"auto","background-attachment":"scroll","background-type":"","background-media":"","overlay-type":"","overlay-color":"","overlay-opacity":"","overlay-gradient":""},"tablet":{"background-color":"","background-image":"","background-repeat":"repeat","background-position":"center center","background-size":"auto","background-attachment":"scroll","background-type":"","background-media":"","overlay-type":"","overlay-color":"","overlay-opacity":"","overlay-gradient":""},"mobile":{"background-color":"","background-image":"","background-repeat":"repeat","background-position":"center center","background-size":"auto","background-attachment":"scroll","background-type":"","background-media":"","overlay-type":"","overlay-color":"","overlay-opacity":"","overlay-gradient":""}},"ast-content-background-meta":{"desktop":{"background-color":"var(--ast-global-color-5)","background-image":"","background-repeat":"repeat","background-position":"center center","background-size":"auto","background-attachment":"scroll","background-type":"","background-media":"","overlay-type":"","overlay-color":"","overlay-opacity":"","overlay-gradient":""},"tablet":{"background-color":"var(--ast-global-color-5)","background-image":"","background-repeat":"repeat","background-position":"center center","background-size":"auto","background-attachment":"scroll","background-type":"","background-media":"","overlay-type":"","overlay-color":"","overlay-opacity":"","overlay-gradient":""},"mobile":{"background-color":"var(--ast-global-color-5)","background-image":"","background-repeat":"repeat","background-position":"center center","background-size":"auto","background-attachment":"scroll","background-type":"","background-media":"","overlay-type":"","overlay-color":"","overlay-opacity":"","overlay-gradient":""}},"footnotes":""},"categories":[8],"tags":[1392,45755,14540,45754,9932],"class_list":["post-115571","post","type-post","status-publish","format-standard","has-post-thumbnail","hentry","category-noticias","tag-cartel-de-sinaloa-2","tag-el-palillo","tag-los-mayos","tag-operativo","tag-sinaloa"],"_links":{"self":[{"href":"https:\/\/losperiodistas.com.mx\/portal\/wp-json\/wp\/v2\/posts\/115571","targetHints":{"allow":["GET"]}}],"collection":[{"href":"https:\/\/losperiodistas.com.mx\/portal\/wp-json\/wp\/v2\/posts"}],"about":[{"href":"https:\/\/losperiodistas.com.mx\/portal\/wp-json\/wp\/v2\/types\/post"}],"author":[{"embeddable":true,"href":"https:\/\/losperiodistas.com.mx\/portal\/wp-json\/wp\/v2\/users\/1"}],"replies":[{"embeddable":true,"href":"https:\/\/losperiodistas.com.mx\/portal\/wp-json\/wp\/v2\/comments?post=115571"}],"version-history":[{"count":1,"href":"https:\/\/losperiodistas.com.mx\/portal\/wp-json\/wp\/v2\/posts\/115571\/revisions"}],"predecessor-version":[{"id":115575,"href":"https:\/\/losperiodistas.com.mx\/portal\/wp-json\/wp\/v2\/posts\/115571\/revisions\/115575"}],"wp:featuredmedia":[{"embeddable":true,"href":"https:\/\/losperiodistas.com.mx\/portal\/wp-json\/wp\/v2\/media\/115572"}],"wp:attachment":[{"href":"https:\/\/losperiodistas.com.mx\/portal\/wp-json\/wp\/v2\/media?parent=115571"}],"wp:term":[{"taxonomy":"category","embeddable":true,"href":"https:\/\/losperiodistas.com.mx\/portal\/wp-json\/wp\/v2\/categories?post=115571"},{"taxonomy":"post_tag","embeddable":true,"href":"https:\/\/losperiodistas.com.mx\/portal\/wp-json\/wp\/v2\/tags?post=115571"}],"curies":[{"name":"wp","href":"https:\/\/api.w.org\/{rel}","templated":true}]}}