{"id":115567,"date":"2026-01-28T23:23:21","date_gmt":"2026-01-29T05:23:21","guid":{"rendered":"https:\/\/losperiodistas.com.mx\/portal\/?p=115567"},"modified":"2026-01-28T23:24:19","modified_gmt":"2026-01-29T05:24:19","slug":"asalto-a-equipo-de-presidencia-reaviva-alerta-en-carreteras-unotv","status":"publish","type":"post","link":"https:\/\/losperiodistas.com.mx\/portal\/asalto-a-equipo-de-presidencia-reaviva-alerta-en-carreteras-unotv\/","title":{"rendered":"Asalto a equipo de Presidencia reaviva alerta en carreteras | UnoTV"},"content":{"rendered":"\n<figure class=\"wp-block-image size-large\"><img fetchpriority=\"high\" decoding=\"async\" width=\"1024\" height=\"576\" src=\"https:\/\/losperiodistas.com.mx\/portal\/wp-content\/uploads\/2026\/01\/inseguridad-carreteras-1024x576.png\" alt=\"\" class=\"wp-image-115568\" srcset=\"https:\/\/losperiodistas.com.mx\/portal\/wp-content\/uploads\/2026\/01\/inseguridad-carreteras-1024x576.png 1024w, https:\/\/losperiodistas.com.mx\/portal\/wp-content\/uploads\/2026\/01\/inseguridad-carreteras-300x169.png 300w, https:\/\/losperiodistas.com.mx\/portal\/wp-content\/uploads\/2026\/01\/inseguridad-carreteras-768x432.png 768w, https:\/\/losperiodistas.com.mx\/portal\/wp-content\/uploads\/2026\/01\/inseguridad-carreteras.png 1358w\" sizes=\"(max-width: 1024px) 100vw, 1024px\" \/><figcaption class=\"wp-element-caption\">Asaltos en carreteras son evidenciados. Foto: Cuartoscuro<\/figcaption><\/figure>\n\n\n\n<p class=\"has-vivid-red-color has-text-color has-link-color wp-elements-bbfe257eadf4963e9a01a0f04c14e3ce\">Sergio Iv\u00e1n Gonz\u00e1lez \/ Uno TV<\/p>\n\n\n\n<p>El <strong>asalto a personal que presta servicios al Gobierno federal<\/strong> en la <strong>carretera federal 57<\/strong> volvi\u00f3 a encender las alertas sobre la <strong>inseguridad en carreteras<\/strong> del pa\u00eds, una problem\u00e1tica que afecta tanto a funcionarios como a transportistas y viajeros.<\/p>\n\n\n\n<p>El <strong>Gobierno de San Luis Potos\u00ed confirm\u00f3<\/strong> que el ataque ocurri\u00f3 a la altura del <strong>kil\u00f3metro 67, en el tramo San Luis Potos\u00ed\u2013Matehuala<\/strong>, donde las v\u00edctimas fueron <strong>despojadas de dinero y equipo<\/strong> mientras circulaban por la zona. El caso cobr\u00f3 relevancia nacional luego de que se difundiera que el ataque habr\u00eda sido contra el <strong>equipo cercano de la presidenta Claudia Sheinbaum<\/strong>, versi\u00f3n que fue aclarada por autoridades estatales.<\/p>\n\n\n\n<h2 class=\"wp-block-heading\" id=\"h-asalto-a-personal-de-presidencia-reflejo-de-inseguridad\">Asalto a personal de Presidencia, reflejo de inseguridad<\/h2>\n\n\n\n<p>Las autoridades precisaron que <strong>no se trat\u00f3 de la avanzada presidencial<\/strong>, aunque s\u00ed de <strong>personas que realizan actividades para el Gobierno federal<\/strong>, principalmente en la <strong>producci\u00f3n de materiales audiovisuales<\/strong>.<\/p>\n\n\n\n<p>Durante el fin de semana, en redes sociales comenzaron a circular reportes de los <strong>automovilistas que fueron interceptados<\/strong>, obligados a descender de sus veh\u00edculos y despojados de sus pertenencias, hechos que, de acuerdo con <strong>informaci\u00f3n de sitios especializados en transporte y seguridad privada<\/strong>, reflejan un <strong>patr\u00f3n recurrente en esa zona de la carretera 57<\/strong>.<\/p>\n\n\n\n<h2 class=\"wp-block-heading\">Las carreteras m\u00e1s inseguras de M\u00e9xico, seg\u00fan reportes oficiales<\/h2>\n\n\n\n<p>El asalto al <strong>equipo vinculado a Presidencia<\/strong> volvi\u00f3 a poner bajo la lupa a los tramos carreteros con mayor n\u00famero de denuncias por robos y ataques. De acuerdo con registros del <strong>Secretariado Ejecutivo del Sistema Nacional de Seguridad P\u00fablica<\/strong>, as\u00ed como an\u00e1lisis de empresas de seguridad y medios especializados, las <strong>carreteras m\u00e1s peligrosas del pa\u00eds<\/strong> son:<\/p>\n\n\n\n<ul class=\"wp-block-list\">\n<li><strong>Carretera federal 57<\/strong><\/li>\n\n\n\n<li><strong>Carretera federal 45D<\/strong><\/li>\n\n\n\n<li>Puebla \u2013 C\u00f3rdoba<\/li>\n\n\n\n<li>Autopista Matehuala \u2013 Monterrey<\/li>\n\n\n\n<li>Morelia \u2013 Puerto de L\u00e1zaro C\u00e1rdenas, Michoac\u00e1n<\/li>\n\n\n\n<li>Autopista M\u00e9xico \u2013 Cuernavaca<\/li>\n\n\n\n<li>Urracas \u2013 Matamoros \u2013 Reynosa<\/li>\n\n\n\n<li>Quer\u00e9taro \u2013 Irapuato<\/li>\n\n\n\n<li>Carretera Toluca \u2013 M\u00e9xico<\/li>\n<\/ul>\n\n\n\n<p>Especialistas coinciden en que los <strong>asaltos en carreteras federales 57 y 45D<\/strong> se concentran debido a que conectan <strong>zonas de alta actividad econ\u00f3mica<\/strong>, lo que las convierte en objetivos frecuentes para la delincuencia.<\/p>\n\n\n\n<h2 class=\"wp-block-heading\">La carretera 57, un corredor clave golpeado por la inseguridad<\/h2>\n\n\n\n<p>La <strong>carretera federal 57<\/strong> es una de las arterias m\u00e1s importantes del pa\u00eds: conecta a la <strong>Ciudad de M\u00e9xico con el Baj\u00edo y el norte<\/strong>, enlazando centros industriales y agroindustriales como <strong>Quer\u00e9taro y Guanajuato<\/strong>. Por este corredor circulan diariamente <strong>millones de toneladas de mercanc\u00edas<\/strong>, adem\u00e1s de miles de automovilistas.<\/p>\n\n\n\n<p>Transportistas de Quer\u00e9taro y Guanajuato han denunciado un <strong>incremento en la frecuencia y violencia de los ataques<\/strong>, que van desde el despojo de unidades hasta <strong>agresiones con armas<\/strong>. En algunos <strong>tramos rurales del Baj\u00edo<\/strong>, se reportan <strong>hasta 30 atracos mensuales<\/strong>, especialmente en puntos aislados o con bloqueos improvisados.<\/p>\n\n\n\n<h2 class=\"wp-block-heading\">Horarios de mayor riesgo en carreteras<\/h2>\n\n\n\n<p>La <strong>Asociaci\u00f3n Nacional de Empresas de Rastreo y Protecci\u00f3n Vehicular (ANERPV)<\/strong> advierte que ciertos horarios concentran mayor incidencia delictiva y accidentes, por lo que recomienda evitarlos si es posible:<\/p>\n\n\n\n<ul class=\"wp-block-list\">\n<li><strong>00:00 a 07:00 horas<\/strong><\/li>\n\n\n\n<li><strong>07:00 a 12:00 horas<\/strong><\/li>\n\n\n\n<li><strong>19:00 a 00:00 horas<\/strong><\/li>\n<\/ul>\n\n\n\n<p>Estos periodos combinan <strong>cansancio de los conductores, baja visibilidad y menor vigilancia<\/strong>, factores que incrementan el riesgo de <strong>asaltos en carretera<\/strong> y percances viales.<\/p>\n\n\n\n<p>Fuente: <a href=\"https:\/\/www.unotv.com\/nacional\/asalto-a-equipo-de-presidencia-reaviva-alerta-en-carreteras-ve-las-mas-inseguras\/\" target=\"_blank\" rel=\"noreferrer noopener\">UnoTV<\/a><\/p>\n","protected":false},"excerpt":{"rendered":"<p>Sergio Iv\u00e1n Gonz\u00e1lez \/ Uno TV El asalto a personal que presta servicios al Gobierno federal en la carretera federal [&hellip;]<\/p>\n","protected":false},"author":1,"featured_media":115568,"comment_status":"open","ping_status":"open","sticky":false,"template":"","format":"standard","meta":{"site-sidebar-layout":"default","site-content-layout":"","ast-site-content-layout":"default","site-content-style":"default","site-sidebar-style":"default","ast-global-header-display":"","ast-banner-title-visibility":"","ast-main-header-display":"","ast-hfb-above-header-display":"","ast-hfb-below-header-display":"","ast-hfb-mobile-header-display":"","site-post-title":"","ast-breadcrumbs-content":"","ast-featured-img":"","footer-sml-layout":"","theme-transparent-header-meta":"","adv-header-id-meta":"","stick-header-meta":"","header-above-stick-meta":"","header-main-stick-meta":"","header-below-stick-meta":"","astra-migrate-meta-layouts":"default","ast-page-background-enabled":"default","ast-page-background-meta":{"desktop":{"background-color":"var(--ast-global-color-4)","background-image":"","background-repeat":"repeat","background-position":"center center","background-size":"auto","background-attachment":"scroll","background-type":"","background-media":"","overlay-type":"","overlay-color":"","overlay-opacity":"","overlay-gradient":""},"tablet":{"background-color":"","background-image":"","background-repeat":"repeat","background-position":"center center","background-size":"auto","background-attachment":"scroll","background-type":"","background-media":"","overlay-type":"","overlay-color":"","overlay-opacity":"","overlay-gradient":""},"mobile":{"background-color":"","background-image":"","background-repeat":"repeat","background-position":"center center","background-size":"auto","background-attachment":"scroll","background-type":"","background-media":"","overlay-type":"","overlay-color":"","overlay-opacity":"","overlay-gradient":""}},"ast-content-background-meta":{"desktop":{"background-color":"var(--ast-global-color-5)","background-image":"","background-repeat":"repeat","background-position":"center center","background-size":"auto","background-attachment":"scroll","background-type":"","background-media":"","overlay-type":"","overlay-color":"","overlay-opacity":"","overlay-gradient":""},"tablet":{"background-color":"var(--ast-global-color-5)","background-image":"","background-repeat":"repeat","background-position":"center center","background-size":"auto","background-attachment":"scroll","background-type":"","background-media":"","overlay-type":"","overlay-color":"","overlay-opacity":"","overlay-gradient":""},"mobile":{"background-color":"var(--ast-global-color-5)","background-image":"","background-repeat":"repeat","background-position":"center center","background-size":"auto","background-attachment":"scroll","background-type":"","background-media":"","overlay-type":"","overlay-color":"","overlay-opacity":"","overlay-gradient":""}},"footnotes":""},"categories":[8],"tags":[45753,5732,33803,45749,45752,45751,45750],"class_list":["post-115567","post","type-post","status-publish","format-standard","has-post-thumbnail","hentry","category-noticias","tag-agresiones-con-arma","tag-anerpv","tag-asalto","tag-carretera-federal-57","tag-carreteras-inseguras","tag-personal-de-presidencia","tag-san-luis-potosi-matehuala"],"_links":{"self":[{"href":"https:\/\/losperiodistas.com.mx\/portal\/wp-json\/wp\/v2\/posts\/115567","targetHints":{"allow":["GET"]}}],"collection":[{"href":"https:\/\/losperiodistas.com.mx\/portal\/wp-json\/wp\/v2\/posts"}],"about":[{"href":"https:\/\/losperiodistas.com.mx\/portal\/wp-json\/wp\/v2\/types\/post"}],"author":[{"embeddable":true,"href":"https:\/\/losperiodistas.com.mx\/portal\/wp-json\/wp\/v2\/users\/1"}],"replies":[{"embeddable":true,"href":"https:\/\/losperiodistas.com.mx\/portal\/wp-json\/wp\/v2\/comments?post=115567"}],"version-history":[{"count":2,"href":"https:\/\/losperiodistas.com.mx\/portal\/wp-json\/wp\/v2\/posts\/115567\/revisions"}],"predecessor-version":[{"id":115570,"href":"https:\/\/losperiodistas.com.mx\/portal\/wp-json\/wp\/v2\/posts\/115567\/revisions\/115570"}],"wp:featuredmedia":[{"embeddable":true,"href":"https:\/\/losperiodistas.com.mx\/portal\/wp-json\/wp\/v2\/media\/115568"}],"wp:attachment":[{"href":"https:\/\/losperiodistas.com.mx\/portal\/wp-json\/wp\/v2\/media?parent=115567"}],"wp:term":[{"taxonomy":"category","embeddable":true,"href":"https:\/\/losperiodistas.com.mx\/portal\/wp-json\/wp\/v2\/categories?post=115567"},{"taxonomy":"post_tag","embeddable":true,"href":"https:\/\/losperiodistas.com.mx\/portal\/wp-json\/wp\/v2\/tags?post=115567"}],"curies":[{"name":"wp","href":"https:\/\/api.w.org\/{rel}","templated":true}]}}