{"id":115564,"date":"2026-01-28T23:18:08","date_gmt":"2026-01-29T05:18:08","guid":{"rendered":"https:\/\/losperiodistas.com.mx\/portal\/?p=115564"},"modified":"2026-01-28T23:18:10","modified_gmt":"2026-01-29T05:18:10","slug":"mexico-y-estados-unidos-acuerdan-el-arranque-formal-de-la-revision-del-tmec-el-pais","status":"publish","type":"post","link":"https:\/\/losperiodistas.com.mx\/portal\/mexico-y-estados-unidos-acuerdan-el-arranque-formal-de-la-revision-del-tmec-el-pais\/","title":{"rendered":"M\u00e9xico y Estados Unidos acuerdan el arranque formal de la revisi\u00f3n del TMEC | El Pa\u00eds"},"content":{"rendered":"\n<p>Ebrard y Greer aseguran que buscar\u00e1n \u201creformas estructurales y estrat\u00e9gicas\u201d para el tratado comercial de Norteam\u00e9rica<\/p>\n\n\n\n<figure class=\"wp-block-image size-large\"><img fetchpriority=\"high\" decoding=\"async\" width=\"1024\" height=\"682\" src=\"https:\/\/losperiodistas.com.mx\/portal\/wp-content\/uploads\/2026\/01\/Ebrard-TMEC-1024x682.png\" alt=\"\" class=\"wp-image-115565\" srcset=\"https:\/\/losperiodistas.com.mx\/portal\/wp-content\/uploads\/2026\/01\/Ebrard-TMEC-1024x682.png 1024w, https:\/\/losperiodistas.com.mx\/portal\/wp-content\/uploads\/2026\/01\/Ebrard-TMEC-300x200.png 300w, https:\/\/losperiodistas.com.mx\/portal\/wp-content\/uploads\/2026\/01\/Ebrard-TMEC-768x512.png 768w, https:\/\/losperiodistas.com.mx\/portal\/wp-content\/uploads\/2026\/01\/Ebrard-TMEC.png 1193w\" sizes=\"(max-width: 1024px) 100vw, 1024px\" \/><figcaption class=\"wp-element-caption\">Marcelo Ebrard y Jamieson Greer, en junio de 2025.Secretar\u00eda de Econom\u00eda<\/figcaption><\/figure>\n\n\n\n<p class=\"has-vivid-red-color has-text-color has-link-color wp-elements-e0b211e99ac0b215eafc1d32c9a3f182\">Sonia Corona \/ El Pa\u00eds<\/p>\n\n\n\n<p>M\u00e9xico y Estados Unidos han acordado este mi\u00e9rcoles comenzar formalmente con la revisi\u00f3n del tratado de libre comercio (TMEC). El secretario mexicano de Econom\u00eda, Marcelo Ebrard, y el representante de Comercio de Estados Unidos, Jamieson Greer, se han reunido en Washington para valorar\u00a0la relaci\u00f3n bilateral comercial entre los pa\u00edses.<\/p>\n\n\n\n<p>Al finalizar la reuni\u00f3n han anunciado que ambos se encuentran en condiciones para negociar e \u201ciniciar conversaciones formales sobre posibles reformas estructurales y estrat\u00e9gicas\u201d al acuerdo comercial. Canad\u00e1, que tambi\u00e9n es parte del tratado, ha anunciado que ha terminado sus consultas internas y que est\u00e1 dispuesto a comenzar el proceso, que tiene como fecha objetivo el 1 de julio.<\/p>\n\n\n\n<p>\u201cAmbas partes reconocieron avances sustanciales en los \u00faltimos meses y acordaron continuar la colaboraci\u00f3n intensiva para abordar las barreras no arancelarias\u201d, ha manifestado en un comunicado la oficina comercial estadounidense (USTR, por sus siglas en ingl\u00e9s). Adem\u00e1s, los socios han revelado que entre los temas que abordar\u00e1n en la revisi\u00f3n est\u00e1n las reglas de origen para bienes industriales, la colaboraci\u00f3n sobre minerales cr\u00edticos, el combate al<em>&nbsp;dumping<\/em>&nbsp;de la manufactura y la defensa de los derechos de los trabajadores y productores en Estados Unidos y M\u00e9xico.<\/p>\n\n\n\n<p>Ebrard ha contado, a su salida de la oficina de USTR, que la reuni\u00f3n ha durado una hora y que la conversaci\u00f3n se ha enfocado en \u201clos siguientes pasos\u201d que se tomar\u00e1n para revisar el TMEC. \u201cHemos avanzado muchos temas, previamente, para que la revisi\u00f3n vaya lo m\u00e1s r\u00e1pido posible, lo mejor posible\u201d, ha mencionado el secretario de Econom\u00eda. Sobre la mesa, seg\u00fan ha revelado Ebrard, han estado los aranceles al acero y el aluminio, as\u00ed como el estado de la industria automotriz, la seguridad de la cadena de suministro y el futuro de los minerales cr\u00edticos.<\/p>\n\n\n\n<p>Este anuncio desahoga, de momento, las dudas que exist\u00edan sobre si Estados Unidos estar\u00eda a favor de la continuidad del acuerdo comercial de Norteam\u00e9rica. El presidente estadounidense, Donald Trump, ha amenazado en varias ocasiones en terminar el tratado de tajo.<\/p>\n\n\n\n<p>Hace dos semanas, el republicano mencion\u00f3, en una visita a una planta automotriz, que el TMEC era \u201cirrelevante\u201d para Estados Unidos y que no ve\u00eda el futuro para esta asociaci\u00f3n que representa el 29% del PIB mundial. Adem\u00e1s, la semana pasada, Trump amag\u00f3 a Canad\u00e1 con\u00a0la imposici\u00f3n de m\u00e1s aranceles\u00a0ante su nueva alianza comercial con China.<\/p>\n\n\n\n<p>Los tres socios tienen frente a ellos la primera revisi\u00f3n del tratado\u00a0que podr\u00eda extender su vigencia por 16 a\u00f1os m\u00e1s o someterse a una revisi\u00f3n anual en los a\u00f1os por venir.\u00a0Tanto M\u00e9xico como Canad\u00e1 han buscado asegurar la permanencia del TMEC en el largo plazo.<\/p>\n\n\n\n<p>La presidenta mexicana, Claudia Sheinbaum, y el primer ministro canadiense, Mark Carney, se reunieron en septiembre en Ciudad de M\u00e9xico para cerrar una alianza en camino a la renovaci\u00f3n del acuerdo. Carney, por su parte, ha buscado nuevas alternativas de comercio con otras regiones del mundo, como Asia, lo que ha disgustado a Trump.<\/p>\n\n\n\n<p>Sheinbaum, mientras tanto, ha mantenido una estrategia de conversaciones contin\u00faas con Washington al mismo tiempo que ha impuesto aranceles a 1.400 productos provenientes de Asia, principalmente desde China, como un gesto hacia la pol\u00edtica proteccionista de Washington.<\/p>\n\n\n\n<p>Fuente: <a href=\"https:\/\/elpais.com\/mexico\/economia\/2026-01-28\/mexico-y-estados-unidos-acuerdan-el-arranque-formal-de-la-revision-del-tmec.html\" target=\"_blank\" rel=\"noreferrer noopener\">El Pa\u00eds<\/a><\/p>\n","protected":false},"excerpt":{"rendered":"<p>Ebrard y Greer aseguran que buscar\u00e1n \u201creformas estructurales y estrat\u00e9gicas\u201d para el tratado comercial de Norteam\u00e9rica<\/p>\n","protected":false},"author":1,"featured_media":115565,"comment_status":"open","ping_status":"open","sticky":false,"template":"","format":"standard","meta":{"site-sidebar-layout":"default","site-content-layout":"","ast-site-content-layout":"default","site-content-style":"default","site-sidebar-style":"default","ast-global-header-display":"","ast-banner-title-visibility":"","ast-main-header-display":"","ast-hfb-above-header-display":"","ast-hfb-below-header-display":"","ast-hfb-mobile-header-display":"","site-post-title":"","ast-breadcrumbs-content":"","ast-featured-img":"","footer-sml-layout":"","theme-transparent-header-meta":"","adv-header-id-meta":"","stick-header-meta":"","header-above-stick-meta":"","header-main-stick-meta":"","header-below-stick-meta":"","astra-migrate-meta-layouts":"default","ast-page-background-enabled":"default","ast-page-background-meta":{"desktop":{"background-color":"var(--ast-global-color-4)","background-image":"","background-repeat":"repeat","background-position":"center center","background-size":"auto","background-attachment":"scroll","background-type":"","background-media":"","overlay-type":"","overlay-color":"","overlay-opacity":"","overlay-gradient":""},"tablet":{"background-color":"","background-image":"","background-repeat":"repeat","background-position":"center center","background-size":"auto","background-attachment":"scroll","background-type":"","background-media":"","overlay-type":"","overlay-color":"","overlay-opacity":"","overlay-gradient":""},"mobile":{"background-color":"","background-image":"","background-repeat":"repeat","background-position":"center center","background-size":"auto","background-attachment":"scroll","background-type":"","background-media":"","overlay-type":"","overlay-color":"","overlay-opacity":"","overlay-gradient":""}},"ast-content-background-meta":{"desktop":{"background-color":"var(--ast-global-color-5)","background-image":"","background-repeat":"repeat","background-position":"center center","background-size":"auto","background-attachment":"scroll","background-type":"","background-media":"","overlay-type":"","overlay-color":"","overlay-opacity":"","overlay-gradient":""},"tablet":{"background-color":"var(--ast-global-color-5)","background-image":"","background-repeat":"repeat","background-position":"center center","background-size":"auto","background-attachment":"scroll","background-type":"","background-media":"","overlay-type":"","overlay-color":"","overlay-opacity":"","overlay-gradient":""},"mobile":{"background-color":"var(--ast-global-color-5)","background-image":"","background-repeat":"repeat","background-position":"center center","background-size":"auto","background-attachment":"scroll","background-type":"","background-media":"","overlay-type":"","overlay-color":"","overlay-opacity":"","overlay-gradient":""}},"footnotes":""},"categories":[8],"tags":[4025,42778,645,2193,11305,2799],"class_list":["post-115564","post","type-post","status-publish","format-standard","has-post-thumbnail","hentry","category-noticias","tag-estados-unidos","tag-jamieson-greer","tag-marcelo-ebrard","tag-mexico","tag-relacion-bilateral","tag-t-mec"],"_links":{"self":[{"href":"https:\/\/losperiodistas.com.mx\/portal\/wp-json\/wp\/v2\/posts\/115564","targetHints":{"allow":["GET"]}}],"collection":[{"href":"https:\/\/losperiodistas.com.mx\/portal\/wp-json\/wp\/v2\/posts"}],"about":[{"href":"https:\/\/losperiodistas.com.mx\/portal\/wp-json\/wp\/v2\/types\/post"}],"author":[{"embeddable":true,"href":"https:\/\/losperiodistas.com.mx\/portal\/wp-json\/wp\/v2\/users\/1"}],"replies":[{"embeddable":true,"href":"https:\/\/losperiodistas.com.mx\/portal\/wp-json\/wp\/v2\/comments?post=115564"}],"version-history":[{"count":1,"href":"https:\/\/losperiodistas.com.mx\/portal\/wp-json\/wp\/v2\/posts\/115564\/revisions"}],"predecessor-version":[{"id":115566,"href":"https:\/\/losperiodistas.com.mx\/portal\/wp-json\/wp\/v2\/posts\/115564\/revisions\/115566"}],"wp:featuredmedia":[{"embeddable":true,"href":"https:\/\/losperiodistas.com.mx\/portal\/wp-json\/wp\/v2\/media\/115565"}],"wp:attachment":[{"href":"https:\/\/losperiodistas.com.mx\/portal\/wp-json\/wp\/v2\/media?parent=115564"}],"wp:term":[{"taxonomy":"category","embeddable":true,"href":"https:\/\/losperiodistas.com.mx\/portal\/wp-json\/wp\/v2\/categories?post=115564"},{"taxonomy":"post_tag","embeddable":true,"href":"https:\/\/losperiodistas.com.mx\/portal\/wp-json\/wp\/v2\/tags?post=115564"}],"curies":[{"name":"wp","href":"https:\/\/api.w.org\/{rel}","templated":true}]}}