{"id":115561,"date":"2026-01-28T22:57:52","date_gmt":"2026-01-29T04:57:52","guid":{"rendered":"https:\/\/losperiodistas.com.mx\/portal\/?p=115561"},"modified":"2026-01-28T22:57:53","modified_gmt":"2026-01-29T04:57:53","slug":"buap-crea-su-propia-agencia-de-inteligencia-artificial-y-presenta-a-marcelo-garcia-almaguer-como-su-titular-td","status":"publish","type":"post","link":"https:\/\/losperiodistas.com.mx\/portal\/buap-crea-su-propia-agencia-de-inteligencia-artificial-y-presenta-a-marcelo-garcia-almaguer-como-su-titular-td\/","title":{"rendered":"BUAP crea su propia Agencia de Inteligencia Artificial y presenta a Marcelo Garc\u00eda Almaguer como su titular | TD"},"content":{"rendered":"\n<p>La rectora Lilia Cedillo anunci\u00f3 la creaci\u00f3n de esta agencia especializada que, seg\u00fan dijo, debe servir para formar generaciones m\u00e1s cr\u00edticas, creativas y conscientes de su impacto en el mundo.<\/p>\n\n\n\n<figure class=\"wp-block-image size-large\"><img fetchpriority=\"high\" decoding=\"async\" width=\"1024\" height=\"576\" src=\"https:\/\/losperiodistas.com.mx\/portal\/wp-content\/uploads\/2026\/01\/rectora-lilia-cedillo-y-garcia-almaguer-1024x576.png\" alt=\"\" class=\"wp-image-115562\" srcset=\"https:\/\/losperiodistas.com.mx\/portal\/wp-content\/uploads\/2026\/01\/rectora-lilia-cedillo-y-garcia-almaguer-1024x576.png 1024w, https:\/\/losperiodistas.com.mx\/portal\/wp-content\/uploads\/2026\/01\/rectora-lilia-cedillo-y-garcia-almaguer-300x169.png 300w, https:\/\/losperiodistas.com.mx\/portal\/wp-content\/uploads\/2026\/01\/rectora-lilia-cedillo-y-garcia-almaguer-768x432.png 768w, https:\/\/losperiodistas.com.mx\/portal\/wp-content\/uploads\/2026\/01\/rectora-lilia-cedillo-y-garcia-almaguer.png 1291w\" sizes=\"(max-width: 1024px) 100vw, 1024px\" \/><figcaption class=\"wp-element-caption\">La rectora Lilia Cedillo anunci\u00f3 a Garc\u00eda Almaguer como el primer responsable de la Agencia de IA de la BUAP \/ Agencia Es Imagen<\/figcaption><\/figure>\n\n\n\n<p class=\"has-vivid-red-color has-text-color has-link-color wp-elements-cd95d497dd1a16eee72e076c97f86c0e\">Elvia Garc\u00eda \/ Telediario<\/p>\n\n\n\n<p>La rectora Lilia Cedillo Ram\u00edrez anunci\u00f3 este mi\u00e9rcoles la creaci\u00f3n de la Agencia de Inteligencia Artificial Especializada instalada dentro de las instalaciones en la BUAP y que estar\u00e1 encabezada por Marcelo Garc\u00eda Almaguer.<\/p>\n\n\n\n<p>Durante el &#8216;Seminario Acad\u00e9mico Especializado IA responsable para nuevas generaciones&#8217;, la rectora explic\u00f3 que esta Agencia de la Benem\u00e9rita Universidad Aut\u00f3noma de Puebla est\u00e1 pensada no solo para hablar de lo que la Inteligencia Artificial puede hacer, sino para definir en qu\u00e9 se va a utilizar y con qu\u00e9 valores se guiar\u00e1.<\/p>\n\n\n\n<p>Resalt\u00f3 la importancia de la inteligencia artificial al indicar que va m\u00e1s all\u00e1 de ser una herramienta t\u00e9cnica, ya que puede considerarse una oportunidad hist\u00f3rica para formar una generaci\u00f3n m\u00e1s cr\u00edtica, m\u00e1s creativa y m\u00e1s consciente de su impacto en el mundo.<\/p>\n\n\n\n<p>Asimismo, indic\u00f3 que se busca que las nuevas generaciones no solo usen la tecnolog\u00eda, sino que la piensen, la cuestionen y la dise\u00f1en con valores.<\/p>\n\n\n\n<p>\u00abDesde la BUAP estamos convencidos que el liderazgo tecnol\u00f3gico del M\u00e9xico de hoy no se construye solo con c\u00f3digo, sino con responsabilidad; no s\u00f3lo con innovaci\u00f3n, sino con \u00e9tica; no s\u00f3lo con velocidad sino con prop\u00f3sito\u00bb, dijo.<\/p>\n\n\n\n<p>\u00abEs una oportunidad hist\u00f3rica para formar una generaci\u00f3n m\u00e1s cr\u00edtica, m\u00e1s creativa, m\u00e1s consciente de su impacto en el mundo\u00bb.<\/p>\n\n\n\n<p>Y agreg\u00f3: \u00absomos tambi\u00e9n una generaci\u00f3n que no solo use tecnolog\u00eda, sino que la piense, la cuestiones y la dise\u00f1e con valores. Porque la verdadera pregunta ya no es qu\u00e9 puede hacer la inteligencia, sino qu\u00e9 tipo de persona queremos ser en un mundo con IA\u00bb.<\/p>\n\n\n\n<h2 class=\"wp-block-heading\">Las nuevas generaciones deben elegir c\u00f3mo utilizar la IA; es una responsabilidad hist\u00f3rica: Garc\u00eda Almaguer<\/h2>\n\n\n\n<p>Por su parte, Marcelo Garc\u00eda Almaguer agradeci\u00f3 la confianza de la rectora Lilia Cedillo para estar al frente de la Agencia de Inteligencia Artificial Especializada.<\/p>\n\n\n\n<p>Indic\u00f3 que las nuevas generaciones no solo heredaron una herramienta, sino que heredaron una responsabilidad hist\u00f3rica y es su responsabilidad decidir c\u00f3mo se va a utilizar esta herramienta.<\/p>\n\n\n\n<p>\u00abCelebro que la rectora Lilia Cedillo haya tomado una determinaci\u00f3n tan audaz, dando cumplimiento a lo que expres\u00f3 durante su reelecci\u00f3n [como rectora]: ver el futuro. Llego el momento de volcar el talento y todos los esfuerzos institucionales en una generaci\u00f3n de j\u00f3venes capaces no solo de dominar la tecnolog\u00eda, sino de comprender su impacto social, \u00e9tico que conlleva\u00bb, manifest\u00f3.<\/p>\n\n\n\n<p>Por \u00faltimo, Garc\u00eda Almaguer detall\u00f3 que, de acuerdo a McKinsey &amp; Company, del 63 por ciento de las personas que hacen uso de la IA es para generar textos, el 36 por ciento lo utiliza para generar im\u00e1genes; 27 por ciento para generar c\u00f3digos; 13 por ciento para generar videos; 13 por ciento para generar voces y m\u00fasica, mientras que el dos por ciento le da otros usos.<\/p>\n\n\n\n<p>Fuente: <a href=\"https:\/\/www.telediario.mx\/comunidad\/buap-crea-agencia-de-inteligencia-artificial-especializada\" target=\"_blank\" rel=\"noreferrer noopener\">Telediario<\/a><\/p>\n","protected":false},"excerpt":{"rendered":"<p>La rectora Lilia Cedillo anunci\u00f3 la creaci\u00f3n de esta agencia especializada que, seg\u00fan dijo, debe servir para formar generaciones m\u00e1s cr\u00edticas, creativas y conscientes de su impacto en el mundo.<\/p>\n","protected":false},"author":1,"featured_media":115562,"comment_status":"open","ping_status":"open","sticky":false,"template":"","format":"standard","meta":{"site-sidebar-layout":"default","site-content-layout":"","ast-site-content-layout":"default","site-content-style":"default","site-sidebar-style":"default","ast-global-header-display":"","ast-banner-title-visibility":"","ast-main-header-display":"","ast-hfb-above-header-display":"","ast-hfb-below-header-display":"","ast-hfb-mobile-header-display":"","site-post-title":"","ast-breadcrumbs-content":"","ast-featured-img":"","footer-sml-layout":"","theme-transparent-header-meta":"","adv-header-id-meta":"","stick-header-meta":"","header-above-stick-meta":"","header-main-stick-meta":"","header-below-stick-meta":"","astra-migrate-meta-layouts":"default","ast-page-background-enabled":"default","ast-page-background-meta":{"desktop":{"background-color":"var(--ast-global-color-4)","background-image":"","background-repeat":"repeat","background-position":"center center","background-size":"auto","background-attachment":"scroll","background-type":"","background-media":"","overlay-type":"","overlay-color":"","overlay-opacity":"","overlay-gradient":""},"tablet":{"background-color":"","background-image":"","background-repeat":"repeat","background-position":"center center","background-size":"auto","background-attachment":"scroll","background-type":"","background-media":"","overlay-type":"","overlay-color":"","overlay-opacity":"","overlay-gradient":""},"mobile":{"background-color":"","background-image":"","background-repeat":"repeat","background-position":"center center","background-size":"auto","background-attachment":"scroll","background-type":"","background-media":"","overlay-type":"","overlay-color":"","overlay-opacity":"","overlay-gradient":""}},"ast-content-background-meta":{"desktop":{"background-color":"var(--ast-global-color-5)","background-image":"","background-repeat":"repeat","background-position":"center center","background-size":"auto","background-attachment":"scroll","background-type":"","background-media":"","overlay-type":"","overlay-color":"","overlay-opacity":"","overlay-gradient":""},"tablet":{"background-color":"var(--ast-global-color-5)","background-image":"","background-repeat":"repeat","background-position":"center center","background-size":"auto","background-attachment":"scroll","background-type":"","background-media":"","overlay-type":"","overlay-color":"","overlay-opacity":"","overlay-gradient":""},"mobile":{"background-color":"var(--ast-global-color-5)","background-image":"","background-repeat":"repeat","background-position":"center center","background-size":"auto","background-attachment":"scroll","background-type":"","background-media":"","overlay-type":"","overlay-color":"","overlay-opacity":"","overlay-gradient":""}},"footnotes":""},"categories":[8],"tags":[45748,2376,3660,22991],"class_list":["post-115561","post","type-post","status-publish","format-standard","has-post-thumbnail","hentry","category-noticias","tag-agencia-de-inteligencia-artificial","tag-buap","tag-lilia-cedillo","tag-marcelo-garcia-almaguer"],"_links":{"self":[{"href":"https:\/\/losperiodistas.com.mx\/portal\/wp-json\/wp\/v2\/posts\/115561","targetHints":{"allow":["GET"]}}],"collection":[{"href":"https:\/\/losperiodistas.com.mx\/portal\/wp-json\/wp\/v2\/posts"}],"about":[{"href":"https:\/\/losperiodistas.com.mx\/portal\/wp-json\/wp\/v2\/types\/post"}],"author":[{"embeddable":true,"href":"https:\/\/losperiodistas.com.mx\/portal\/wp-json\/wp\/v2\/users\/1"}],"replies":[{"embeddable":true,"href":"https:\/\/losperiodistas.com.mx\/portal\/wp-json\/wp\/v2\/comments?post=115561"}],"version-history":[{"count":1,"href":"https:\/\/losperiodistas.com.mx\/portal\/wp-json\/wp\/v2\/posts\/115561\/revisions"}],"predecessor-version":[{"id":115563,"href":"https:\/\/losperiodistas.com.mx\/portal\/wp-json\/wp\/v2\/posts\/115561\/revisions\/115563"}],"wp:featuredmedia":[{"embeddable":true,"href":"https:\/\/losperiodistas.com.mx\/portal\/wp-json\/wp\/v2\/media\/115562"}],"wp:attachment":[{"href":"https:\/\/losperiodistas.com.mx\/portal\/wp-json\/wp\/v2\/media?parent=115561"}],"wp:term":[{"taxonomy":"category","embeddable":true,"href":"https:\/\/losperiodistas.com.mx\/portal\/wp-json\/wp\/v2\/categories?post=115561"},{"taxonomy":"post_tag","embeddable":true,"href":"https:\/\/losperiodistas.com.mx\/portal\/wp-json\/wp\/v2\/tags?post=115561"}],"curies":[{"name":"wp","href":"https:\/\/api.w.org\/{rel}","templated":true}]}}