{"id":115558,"date":"2026-01-28T22:49:22","date_gmt":"2026-01-29T04:49:22","guid":{"rendered":"https:\/\/losperiodistas.com.mx\/portal\/?p=115558"},"modified":"2026-01-28T22:49:23","modified_gmt":"2026-01-29T04:49:23","slug":"hieren-a-dos-diputados-en-un-ataque-con-armas-de-fuego-en-sinaloa-en-el-noroeste-de-mexico-cnn","status":"publish","type":"post","link":"https:\/\/losperiodistas.com.mx\/portal\/hieren-a-dos-diputados-en-un-ataque-con-armas-de-fuego-en-sinaloa-en-el-noroeste-de-mexico-cnn\/","title":{"rendered":"Hieren a dos diputados en un ataque con armas de fuego en Sinaloa, en el noroeste de M\u00e9xico | CNN"},"content":{"rendered":"\n<figure class=\"wp-block-image size-large\"><img fetchpriority=\"high\" decoding=\"async\" width=\"1024\" height=\"576\" src=\"https:\/\/losperiodistas.com.mx\/portal\/wp-content\/uploads\/2026\/01\/DiputadosSinaloa-1024x576.png\" alt=\"\" class=\"wp-image-115559\" srcset=\"https:\/\/losperiodistas.com.mx\/portal\/wp-content\/uploads\/2026\/01\/DiputadosSinaloa-1024x576.png 1024w, https:\/\/losperiodistas.com.mx\/portal\/wp-content\/uploads\/2026\/01\/DiputadosSinaloa-300x169.png 300w, https:\/\/losperiodistas.com.mx\/portal\/wp-content\/uploads\/2026\/01\/DiputadosSinaloa-768x432.png 768w, https:\/\/losperiodistas.com.mx\/portal\/wp-content\/uploads\/2026\/01\/DiputadosSinaloa.png 1450w\" sizes=\"(max-width: 1024px) 100vw, 1024px\" \/><figcaption class=\"wp-element-caption\"> Im\u00e1genes de archivo de los diputados locales Elizabeth Montoya y Sergio Torres.\nCongreso de Sinaloa<\/figcaption><\/figure>\n\n\n\n<p class=\"has-vivid-red-color has-text-color has-link-color wp-elements-ba0b65a0d6d4b6fa44d135c5fa177701\">Mauricio Torres \/ CNN<\/p>\n\n\n\n<p>Elizabeth Montoya y Sergio Torres, dos diputados locales del partido Movimiento Ciudadano, resultaron heridos este mi\u00e9rcoles tras un ataque armado en Culiac\u00e1n, capital del estado de Sinaloa, en el noroeste de M\u00e9xico, de acuerdo con reportes de autoridades federales y estatales.<\/p>\n\n\n\n<p>La Fiscal\u00eda de Sinaloa dijo en X que la agresi\u00f3n con arma de fuego ocurri\u00f3 alrededor del mediod\u00eda y en total dej\u00f3 tres heridos: los legisladores y una persona m\u00e1s cuyo nombre no se ha dado a conocer. Por estos hechos, la Fiscal\u00eda abri\u00f3 una investigaci\u00f3n por el delito de homicidio en grado de tentativa.<\/p>\n\n\n\n<p>El gobernador de Sinaloa, Rub\u00e9n Rocha, se\u00f1al\u00f3 en la misma red social que est\u00e1 en coordinaci\u00f3n con la Fiscal\u00eda y orden\u00f3 a la Secretar\u00eda de Seguridad P\u00fablica comenzar un operativo para detener a los agresores.<\/p>\n\n\n\n<p>Mientras tanto, el gabinete de seguridad federal dijo que una c\u00e9lula de inteligencia e investigaci\u00f3n contribuir\u00e1 con las indagatorias.<\/p>\n\n\n\n<p>Jorge \u00c1lvarez M\u00e1ynez, l\u00edder nacional de Movimiento Ciudadano, se\u00f1al\u00f3 que Torres \u201cse encuentra delicado tras una intervenci\u00f3n en quir\u00f3fano\u201d, en tanto que Montoya tiene lesiones que \u201cest\u00e1n siendo atendidas\u201d.<\/p>\n\n\n\n<p>\u201cCondenamos el ataque armado contra los diputados Sergio Torres y Elizabeth Montoya en Culiac\u00e1n. La crisis de impunidad y violencia de M\u00e9xico, y en particular de Sinaloa, ha rebasado todos los l\u00edmites. Estaremos atentos a la informaci\u00f3n del caso y a que no haya impunidad\u201d, dijo.<\/p>\n\n\n\n<p>Tanto Torres como Montoya son diputados de representaci\u00f3n proporcional (no fueron elegidos por voto directo sino por la proporci\u00f3n de votos que gan\u00f3 su partido en la m\u00e1s reciente elecci\u00f3n). Pertenecen a la Legislatura que comenz\u00f3 en 2024 y terminar\u00e1 en 2027.<\/p>\n\n\n\n<p>La agresi\u00f3n contra los legisladores ocurre en un estado donde los niveles de violencia se han incrementado desde septiembre de 2024, cuando la detenci\u00f3n del capo Ismael \u201cEl Mayo\u201d Zambada, uno de los l\u00edderes del cartel de Sinaloa quien en agosto del a\u00f1o pasado se declar\u00f3 culpable de narcotr\u00e1fico en Estados Unidos, deton\u00f3 una serie de enfrentamientos entre distintas facciones de la organizaci\u00f3n criminal.<\/p>\n\n\n\n<p>Sinaloa termin\u00f3 el 2025 con 1.663 homicidios dolosos, de acuerdo con estad\u00edsticas oficiales. Esta cifra indica que el estado vivi\u00f3 su a\u00f1o m\u00e1s violento en una d\u00e9cada.<\/p>\n\n\n\n<p>Fuente: <a href=\"https:\/\/cnnespanol.cnn.com\/2026\/01\/28\/mexico\/diputados-heridos-sinaloa-ataque-orix\" target=\"_blank\" rel=\"noreferrer noopener\">CNN<\/a><\/p>\n","protected":false},"excerpt":{"rendered":"<p>Mauricio Torres \/ CNN Elizabeth Montoya y Sergio Torres, dos diputados locales del partido Movimiento Ciudadano, resultaron heridos este mi\u00e9rcoles [&hellip;]<\/p>\n","protected":false},"author":1,"featured_media":115559,"comment_status":"open","ping_status":"open","sticky":false,"template":"","format":"standard","meta":{"site-sidebar-layout":"default","site-content-layout":"","ast-site-content-layout":"default","site-content-style":"default","site-sidebar-style":"default","ast-global-header-display":"","ast-banner-title-visibility":"","ast-main-header-display":"","ast-hfb-above-header-display":"","ast-hfb-below-header-display":"","ast-hfb-mobile-header-display":"","site-post-title":"","ast-breadcrumbs-content":"","ast-featured-img":"","footer-sml-layout":"","theme-transparent-header-meta":"","adv-header-id-meta":"","stick-header-meta":"","header-above-stick-meta":"","header-main-stick-meta":"","header-below-stick-meta":"","astra-migrate-meta-layouts":"default","ast-page-background-enabled":"default","ast-page-background-meta":{"desktop":{"background-color":"var(--ast-global-color-4)","background-image":"","background-repeat":"repeat","background-position":"center center","background-size":"auto","background-attachment":"scroll","background-type":"","background-media":"","overlay-type":"","overlay-color":"","overlay-opacity":"","overlay-gradient":""},"tablet":{"background-color":"","background-image":"","background-repeat":"repeat","background-position":"center center","background-size":"auto","background-attachment":"scroll","background-type":"","background-media":"","overlay-type":"","overlay-color":"","overlay-opacity":"","overlay-gradient":""},"mobile":{"background-color":"","background-image":"","background-repeat":"repeat","background-position":"center center","background-size":"auto","background-attachment":"scroll","background-type":"","background-media":"","overlay-type":"","overlay-color":"","overlay-opacity":"","overlay-gradient":""}},"ast-content-background-meta":{"desktop":{"background-color":"var(--ast-global-color-5)","background-image":"","background-repeat":"repeat","background-position":"center center","background-size":"auto","background-attachment":"scroll","background-type":"","background-media":"","overlay-type":"","overlay-color":"","overlay-opacity":"","overlay-gradient":""},"tablet":{"background-color":"var(--ast-global-color-5)","background-image":"","background-repeat":"repeat","background-position":"center center","background-size":"auto","background-attachment":"scroll","background-type":"","background-media":"","overlay-type":"","overlay-color":"","overlay-opacity":"","overlay-gradient":""},"mobile":{"background-color":"var(--ast-global-color-5)","background-image":"","background-repeat":"repeat","background-position":"center center","background-size":"auto","background-attachment":"scroll","background-type":"","background-media":"","overlay-type":"","overlay-color":"","overlay-opacity":"","overlay-gradient":""}},"footnotes":""},"categories":[8],"tags":[14573,45745,45746,45747,9932],"class_list":["post-115558","post","type-post","status-publish","format-standard","has-post-thumbnail","hentry","category-noticias","tag-armas-de-fuego","tag-ataque-a-2-diputados","tag-elizabeth-montoya","tag-sergio-torres","tag-sinaloa"],"_links":{"self":[{"href":"https:\/\/losperiodistas.com.mx\/portal\/wp-json\/wp\/v2\/posts\/115558","targetHints":{"allow":["GET"]}}],"collection":[{"href":"https:\/\/losperiodistas.com.mx\/portal\/wp-json\/wp\/v2\/posts"}],"about":[{"href":"https:\/\/losperiodistas.com.mx\/portal\/wp-json\/wp\/v2\/types\/post"}],"author":[{"embeddable":true,"href":"https:\/\/losperiodistas.com.mx\/portal\/wp-json\/wp\/v2\/users\/1"}],"replies":[{"embeddable":true,"href":"https:\/\/losperiodistas.com.mx\/portal\/wp-json\/wp\/v2\/comments?post=115558"}],"version-history":[{"count":1,"href":"https:\/\/losperiodistas.com.mx\/portal\/wp-json\/wp\/v2\/posts\/115558\/revisions"}],"predecessor-version":[{"id":115560,"href":"https:\/\/losperiodistas.com.mx\/portal\/wp-json\/wp\/v2\/posts\/115558\/revisions\/115560"}],"wp:featuredmedia":[{"embeddable":true,"href":"https:\/\/losperiodistas.com.mx\/portal\/wp-json\/wp\/v2\/media\/115559"}],"wp:attachment":[{"href":"https:\/\/losperiodistas.com.mx\/portal\/wp-json\/wp\/v2\/media?parent=115558"}],"wp:term":[{"taxonomy":"category","embeddable":true,"href":"https:\/\/losperiodistas.com.mx\/portal\/wp-json\/wp\/v2\/categories?post=115558"},{"taxonomy":"post_tag","embeddable":true,"href":"https:\/\/losperiodistas.com.mx\/portal\/wp-json\/wp\/v2\/tags?post=115558"}],"curies":[{"name":"wp","href":"https:\/\/api.w.org\/{rel}","templated":true}]}}