{"id":115546,"date":"2026-01-28T08:49:17","date_gmt":"2026-01-28T14:49:17","guid":{"rendered":"https:\/\/losperiodistas.com.mx\/portal\/?p=115546"},"modified":"2026-01-28T08:49:33","modified_gmt":"2026-01-28T14:49:33","slug":"todo-empezo-con-un-regalo-floral-de-john-galliano-jonathan-anderson-viaja-al-jardin-de-christian-dior-en-normandia-para-su-debut-en-la-alta-costura-vanity-fair","status":"publish","type":"post","link":"https:\/\/losperiodistas.com.mx\/portal\/todo-empezo-con-un-regalo-floral-de-john-galliano-jonathan-anderson-viaja-al-jardin-de-christian-dior-en-normandia-para-su-debut-en-la-alta-costura-vanity-fair\/","title":{"rendered":"Todo empez\u00f3 con un regalo floral de John Galliano: Jonathan Anderson viaja al jard\u00edn de Christian Dior en Normand\u00eda para su debut en la Alta Costura | Vanity Fair"},"content":{"rendered":"\n<hr class=\"wp-block-separator has-alpha-channel-opacity\"\/>\n\n\n\n<p class=\"has-medium-font-size\">El dise\u00f1ador irland\u00e9s ha desvelado su primera colecci\u00f3n de Alta Costura bajo un cielo floral en el Museo Rodin, donde la mujer de Christian Dior renace m\u00e1s que nunca de sus cenizas.<\/p>\n\n\n\n<figure class=\"wp-block-image size-large\"><img fetchpriority=\"high\" decoding=\"async\" width=\"1024\" height=\"576\" src=\"https:\/\/losperiodistas.com.mx\/portal\/wp-content\/uploads\/2026\/01\/DIOR_HC_SS26_FRONT_LOOK_04201-1024x576.webp\" alt=\"\" class=\"wp-image-115547\" srcset=\"https:\/\/losperiodistas.com.mx\/portal\/wp-content\/uploads\/2026\/01\/DIOR_HC_SS26_FRONT_LOOK_04201-1024x576.webp 1024w, https:\/\/losperiodistas.com.mx\/portal\/wp-content\/uploads\/2026\/01\/DIOR_HC_SS26_FRONT_LOOK_04201-300x169.webp 300w, https:\/\/losperiodistas.com.mx\/portal\/wp-content\/uploads\/2026\/01\/DIOR_HC_SS26_FRONT_LOOK_04201-768x432.webp 768w, https:\/\/losperiodistas.com.mx\/portal\/wp-content\/uploads\/2026\/01\/DIOR_HC_SS26_FRONT_LOOK_04201-1536x864.webp 1536w, https:\/\/losperiodistas.com.mx\/portal\/wp-content\/uploads\/2026\/01\/DIOR_HC_SS26_FRONT_LOOK_04201-2048x1152.webp 2048w\" sizes=\"(max-width: 1024px) 100vw, 1024px\" \/><\/figure>\n\n\n\n<p class=\"has-vivid-red-color has-text-color has-link-color has-medium-font-size wp-elements-0f3119cff7c131cb6b542a313ca253d2\"><strong>Por\u00a0<a href=\"https:\/\/www.revistavanityfair.es\/autor\/adele-bari\">Ad\u00e8le Bari<\/a> \/ Vanity Fair<\/strong><\/p>\n\n\n\n<p>Traducido y adaptado por\u00a0<a href=\"https:\/\/www.revistavanityfair.es\/autor\/dario-gael-blanco\/1945\">Dar\u00edo Gael Blanco<\/a><\/p>\n\n\n\n<p><\/p>\n\n\n\n<p>En 1947,&nbsp;<a href=\"https:\/\/www.revistavanityfair.es\/articulos\/colecciones-primavera-verano-2026-opinion-desfiles\">Christian Dior<\/a>&nbsp;presenta su primera colecci\u00f3n de Alta Costura, a la que ha titulado&nbsp;<em>Corolle<\/em>, en honor a los p\u00e9talos de las flores. El legendario modista desvela sus primeras siluetas de \u00abmujeres-flor\u00bb (que no florero), inspiradas en el jard\u00edn de la infancia de Christian Dior en la villa Les Rhumbs en Granville, Normand\u00eda. Algunas de las siluetas se despliegan a trav\u00e9s de delicados bordados evocando el jard\u00edn de rosas que su madre, Madeleine Dior, plant\u00f3 y atendi\u00f3 en sus terrenos. \u00abSol\u00eda dibujar mujeres-flor con hombros sutiles, bustos redondeados, cinturas esbeltas cual enredaderas y faldas como corolas\u00bb, explicaba el dise\u00f1ador, en sus propias palabras. Casi ochenta a\u00f1os despu\u00e9s, es el turno de&nbsp;<a href=\"https:\/\/www.revistavanityfair.es\/articulos\/quim-gutierrez-guitarricadelafuente-belen-cuesta-asistentes-espanoles-desfiles-hombre-paris\"><strong>Jonathan Anderson<\/strong><\/a>&nbsp;y su propia interpretaci\u00f3n de estas l\u00edneas po\u00e9ticas y vegetales, inaugurando su primera l\u00ednea de alta costura para Dior, que incluso podr\u00edamos calificar de colorista.<\/p>\n\n\n\n<figure class=\"wp-block-image\"><img decoding=\"async\" src=\"https:\/\/media.revistavanityfair.es\/photos\/6979e7b569358ab8f1d1fe8a\/master\/w_1600%2Cc_limit\/DIOR_HC_SS26_FRONT_LOOK_08.jpg\" alt=\"Desfile de Christian Dior alta costura primaveraverano 2026 Par\u00eds.\"\/><\/figure>\n\n\n\n<p>No obstante, sin el gesto de su predecesor&nbsp;<a href=\"https:\/\/www.revistavanityfair.es\/articulos\/leigh-bowery-exposicion-tate-modern-londres-john-galliano-lucian-freud-mcqueen\">John Galliano<\/a>, que le regal\u00f3 un ramo ciclamen para celebrar su llegada al frente de la casa, probablemente el desfile nunca habr\u00eda adquirido la envergadura de un ramo monumental. Al fin y al cabo, todo empez\u00f3 ah\u00ed. Estas flores, a menudo rosas o violetas, encarnan la ternura, la compasi\u00f3n y la devoci\u00f3n. Reproducidas con realismo, se recortan en seda y se aplican en tops abombados, revestidos de rejilla, donde la muselina y la organza se superponen a modo de plumas.<\/p>\n\n\n\n<p>A continuaci\u00f3n, las orqu\u00eddeas, s\u00edmbolo del amor y el poder, se entrelazan con las voluptuosas siluetas de vestidos inspirados en las curvas de la obra de la ceramista&nbsp;<strong>Magdalene Odundo<\/strong>, famosa por sus jarrones de formas org\u00e1nicas. Sin embargo, la modernidad del enfoque del dise\u00f1ador de origen irland\u00e9s se plasm\u00f3 en una est\u00e9tica&nbsp;<em>kawaii<\/em>, un universo japon\u00e9s de tonos pastel y figuras imaginarias, ti\u00f1endo el cabello de rosa y exagerando los pendientes florales, sugiriendoun delicado retorno a la infancia. Otro&nbsp;<em>look<\/em>&nbsp;parece salido directamente de Animal Crossing, el famoso videojuego japon\u00e9s lanzado en 2002, ya que hace referencia a los personajes que protegen su cabeza con una simple hoja. A continuaci\u00f3n, las creaciones florales (y coloridas) de&nbsp;<a href=\"https:\/\/www.revistavanityfair.es\/articulos\/jonathan-anderson-sale-de-loewe-carta-comunicado\">Jonathan Anderson<\/a>.<\/p>\n\n\n\n<p><em>Art\u00edculo original publicado por Vanity Fair Francia. Accede&nbsp;<a href=\"https:\/\/www.vanityfair.fr\/galerie\/chez-dior-la-femme-fleur-selon-jonathan-anderson\">aqu\u00ed<\/a>.<\/em><\/p>\n\n\n\n<ul class=\"wp-block-list\">\n<li><img decoding=\"async\" src=\"https:\/\/media.revistavanityfair.es\/photos\/6979e7b569358ab8f1d1fe8b\/master\/w_1024%2Cc_limit\/DIOR_HC_SS26_FRONT_LOOK_12.jpg\" alt=\"Durante la Semana de la Alta Costura en Par\u00eds.\">Christian Dior Alta CosturaDurante la Semana de la Alta Costura en Par\u00eds.<\/li>\n\n\n\n<li><\/li>\n\n\n\n<li><img decoding=\"async\" src=\"https:\/\/media.revistavanityfair.es\/photos\/6979e7b569358ab8f1d1fe8c\/master\/w_1024%2Cc_limit\/DIOR_HC_SS26_FRONT_LOOK_03.jpg\" alt=\"Durante la Semana de la Alta Costura en Par\u00eds.\">Christian Dior Alta CosturaDurante la Semana de la Alta Costura en Par\u00eds.VER<a href=\"https:\/\/www.revistavanityfair.es\/video\/watch\/juliette-binoche-robert-redford-me-insistio-para-hacer-in-i-in-motion-vanity-fair\" target=\"_blank\" rel=\"noreferrer noopener\">Juliette Binoche: \u2018\u2019Robert Redford me insisti\u00f3 para hacer In-I In Motion\u2019\u2019<\/a><\/li>\n\n\n\n<li><img decoding=\"async\" src=\"https:\/\/media.revistavanityfair.es\/photos\/6979e7b569358ab8f1d1fe8d\/master\/w_1024%2Cc_limit\/DIOR_HC_SS26_FRONT_LOOK_05.jpg\" alt=\"Durante la semana de la Alta Costura en Par\u00eds.\">Christian Dior Alta CosturaDurante la semana de la Alta Costura en Par\u00eds.<\/li>\n\n\n\n<li><img decoding=\"async\" src=\"https:\/\/media.revistavanityfair.es\/photos\/6979e7b569358ab8f1d1fe8e\/master\/w_1024%2Cc_limit\/DIOR_HC_SS26_FRONT_LOOK_06.jpg\" alt=\"Durante la Semana de la Alta Costura en Par\u00eds.\">Christian Dior Alta CosturaDurante la Semana de la Alta Costura en Par\u00eds.<\/li>\n<\/ul>\n\n\n\n<p class=\"has-ast-global-color-4-background-color has-background\">Lo m\u00e1s visto<\/p>\n\n\n\n<ul class=\"wp-block-list\">\n<li><a href=\"https:\/\/www.revistavanityfair.es\/articulos\/princesa-irene-tiara-perlas-diamantes-viaje-estado-tailandia-1963#intcid=_vanity-fair-es-right-rail_9524a4b7-af82-4449-8d86-42e7d5bbe0f8_popular4-2\"><\/a><a href=\"https:\/\/www.revistavanityfair.es\/articulos\/princesa-irene-tiara-perlas-diamantes-viaje-estado-tailandia-1963#intcid=_vanity-fair-es-right-rail_9524a4b7-af82-4449-8d86-42e7d5bbe0f8_popular4-2\"><\/a><a href=\"https:\/\/www.revistavanityfair.es\/articulos\/princesa-irene-tiara-perlas-diamantes-viaje-estado-tailandia-1963#intcid=_vanity-fair-es-right-rail_9524a4b7-af82-4449-8d86-42e7d5bbe0f8_popular4-2\"><\/a><a href=\"https:\/\/www.revistavanityfair.es\/articulos\/princesa-irene-tiara-perlas-diamantes-viaje-estado-tailandia-1963#intcid=_vanity-fair-es-right-rail_9524a4b7-af82-4449-8d86-42e7d5bbe0f8_popular4-2\"><\/a><a href=\"https:\/\/www.revistavanityfair.es\/articulos\/princesa-irene-tiara-perlas-diamantes-viaje-estado-tailandia-1963#intcid=_vanity-fair-es-right-rail_9524a4b7-af82-4449-8d86-42e7d5bbe0f8_popular4-2\">Recordamos la visita de Irene de Grecia a Sirikit de Tailandia con la tiara de diamantes y perlas de su madre en 1963<\/a>Por\u00a0Marta Mart\u00ednez Tato<\/li>\n\n\n\n<li><a href=\"https:\/\/www.revistavanityfair.es\/articulos\/irene-urdangarin-vida-universitaria-en-inglaterra-relacion-leonor-infanta-cristina-inaki#intcid=_vanity-fair-es-right-rail_9524a4b7-af82-4449-8d86-42e7d5bbe0f8_popular4-2\"><\/a><a href=\"https:\/\/www.revistavanityfair.es\/articulos\/irene-urdangarin-vida-universitaria-en-inglaterra-relacion-leonor-infanta-cristina-inaki#intcid=_vanity-fair-es-right-rail_9524a4b7-af82-4449-8d86-42e7d5bbe0f8_popular4-2\"><\/a><a href=\"https:\/\/www.revistavanityfair.es\/articulos\/irene-urdangarin-vida-universitaria-en-inglaterra-relacion-leonor-infanta-cristina-inaki#intcid=_vanity-fair-es-right-rail_9524a4b7-af82-4449-8d86-42e7d5bbe0f8_popular4-2\"><\/a><a href=\"https:\/\/www.revistavanityfair.es\/articulos\/irene-urdangarin-vida-universitaria-en-inglaterra-relacion-leonor-infanta-cristina-inaki#intcid=_vanity-fair-es-right-rail_9524a4b7-af82-4449-8d86-42e7d5bbe0f8_popular4-2\"><\/a><a href=\"https:\/\/www.revistavanityfair.es\/articulos\/irene-urdangarin-vida-universitaria-en-inglaterra-relacion-leonor-infanta-cristina-inaki#intcid=_vanity-fair-es-right-rail_9524a4b7-af82-4449-8d86-42e7d5bbe0f8_popular4-2\">Irene Urdangarin y su vida universitaria en Inglaterra: una residencia con estudiantes de todo el mundo, viajes a Espa\u00f1a para ver a su familia y una relaci\u00f3n m\u00e1s cercana de lo que parece con la princesa Leonor<\/a>Por\u00a0Nuria Hern\u00e1ndez<\/li>\n\n\n\n<li><a href=\"https:\/\/www.revistavanityfair.es\/articulos\/chanel-alta-costura-primavera-2026-laura-ponte-penelope-cruz#intcid=_vanity-fair-es-right-rail_9524a4b7-af82-4449-8d86-42e7d5bbe0f8_popular4-2\"><\/a><a href=\"https:\/\/www.revistavanityfair.es\/articulos\/chanel-alta-costura-primavera-2026-laura-ponte-penelope-cruz#intcid=_vanity-fair-es-right-rail_9524a4b7-af82-4449-8d86-42e7d5bbe0f8_popular4-2\"><\/a><a href=\"https:\/\/www.revistavanityfair.es\/articulos\/chanel-alta-costura-primavera-2026-laura-ponte-penelope-cruz#intcid=_vanity-fair-es-right-rail_9524a4b7-af82-4449-8d86-42e7d5bbe0f8_popular4-2\"><\/a><a href=\"https:\/\/www.revistavanityfair.es\/articulos\/chanel-alta-costura-primavera-2026-laura-ponte-penelope-cruz#intcid=_vanity-fair-es-right-rail_9524a4b7-af82-4449-8d86-42e7d5bbe0f8_popular4-2\"><\/a><a href=\"https:\/\/www.revistavanityfair.es\/articulos\/chanel-alta-costura-primavera-2026-laura-ponte-penelope-cruz#intcid=_vanity-fair-es-right-rail_9524a4b7-af82-4449-8d86-42e7d5bbe0f8_popular4-2\">Laura Ponte desfila por primera vez para Chanel con Pen\u00e9lope Cruz como testigo en la primera fila<\/a>Por\u00a0Marta Mart\u00ednez Tato<\/li>\n<\/ul>\n\n\n\n<p><\/p>\n\n\n\n<ul class=\"wp-block-list\">\n<li><img decoding=\"async\" src=\"https:\/\/media.revistavanityfair.es\/photos\/6979e7b569358ab8f1d1fe8f\/master\/w_1024%2Cc_limit\/DIOR_HC_SS26_FRONT_LOOK_07.jpg\" alt=\"Durante la Semana de la Alta Costura en Par\u00eds.\">Christian Dior Alta CosturaDurante la Semana de la Alta Costura en Par\u00eds.<\/li>\n\n\n\n<li><img decoding=\"async\" src=\"https:\/\/media.revistavanityfair.es\/photos\/6979e7b569358ab8f1d1fe90\/master\/w_1024%2Cc_limit\/DIOR_HC_SS26_FRONT_LOOK_08.jpg\" alt=\"Durante la Semana de la Alta Costura en Par\u00eds.\">Christian Dior Alta CosturaDurante la Semana de la Alta Costura en Par\u00eds.<\/li>\n\n\n\n<li><img decoding=\"async\" src=\"https:\/\/media.revistavanityfair.es\/photos\/6979e7b569358ab8f1d1fe91\/master\/w_1024%2Cc_limit\/DIOR_HC_SS26_FRONT_LOOK_10.jpg\" alt=\"Durante la Semana de la Alta Costura en Par\u00eds.\">Christian Dior Alta CosturaDurante la Semana de la Alta Costura en Par\u00eds.<\/li>\n<\/ul>\n\n\n\n<p class=\"has-ast-global-color-4-background-color has-background\">Lo m\u00e1s visto<\/p>\n\n\n\n<ul class=\"wp-block-list\">\n<li><a href=\"https:\/\/www.revistavanityfair.es\/articulos\/princesa-irene-tiara-perlas-diamantes-viaje-estado-tailandia-1963#intcid=_vanity-fair-es-right-rail_9524a4b7-af82-4449-8d86-42e7d5bbe0f8_popular4-2\"><\/a><a href=\"https:\/\/www.revistavanityfair.es\/articulos\/princesa-irene-tiara-perlas-diamantes-viaje-estado-tailandia-1963#intcid=_vanity-fair-es-right-rail_9524a4b7-af82-4449-8d86-42e7d5bbe0f8_popular4-2\"><\/a><a href=\"https:\/\/www.revistavanityfair.es\/articulos\/princesa-irene-tiara-perlas-diamantes-viaje-estado-tailandia-1963#intcid=_vanity-fair-es-right-rail_9524a4b7-af82-4449-8d86-42e7d5bbe0f8_popular4-2\"><\/a><a href=\"https:\/\/www.revistavanityfair.es\/articulos\/princesa-irene-tiara-perlas-diamantes-viaje-estado-tailandia-1963#intcid=_vanity-fair-es-right-rail_9524a4b7-af82-4449-8d86-42e7d5bbe0f8_popular4-2\"><\/a><a href=\"https:\/\/www.revistavanityfair.es\/articulos\/princesa-irene-tiara-perlas-diamantes-viaje-estado-tailandia-1963#intcid=_vanity-fair-es-right-rail_9524a4b7-af82-4449-8d86-42e7d5bbe0f8_popular4-2\">Recordamos la visita de Irene de Grecia a Sirikit de Tailandia con la tiara de diamantes y perlas de su madre en 1963<\/a>Por\u00a0Marta Mart\u00ednez Tato<\/li>\n\n\n\n<li><a href=\"https:\/\/www.revistavanityfair.es\/articulos\/irene-urdangarin-vida-universitaria-en-inglaterra-relacion-leonor-infanta-cristina-inaki#intcid=_vanity-fair-es-right-rail_9524a4b7-af82-4449-8d86-42e7d5bbe0f8_popular4-2\"><\/a><a href=\"https:\/\/www.revistavanityfair.es\/articulos\/irene-urdangarin-vida-universitaria-en-inglaterra-relacion-leonor-infanta-cristina-inaki#intcid=_vanity-fair-es-right-rail_9524a4b7-af82-4449-8d86-42e7d5bbe0f8_popular4-2\"><\/a><a href=\"https:\/\/www.revistavanityfair.es\/articulos\/irene-urdangarin-vida-universitaria-en-inglaterra-relacion-leonor-infanta-cristina-inaki#intcid=_vanity-fair-es-right-rail_9524a4b7-af82-4449-8d86-42e7d5bbe0f8_popular4-2\"><\/a><a href=\"https:\/\/www.revistavanityfair.es\/articulos\/irene-urdangarin-vida-universitaria-en-inglaterra-relacion-leonor-infanta-cristina-inaki#intcid=_vanity-fair-es-right-rail_9524a4b7-af82-4449-8d86-42e7d5bbe0f8_popular4-2\"><\/a><a href=\"https:\/\/www.revistavanityfair.es\/articulos\/irene-urdangarin-vida-universitaria-en-inglaterra-relacion-leonor-infanta-cristina-inaki#intcid=_vanity-fair-es-right-rail_9524a4b7-af82-4449-8d86-42e7d5bbe0f8_popular4-2\">Irene Urdangarin y su vida universitaria en Inglaterra: una residencia con estudiantes de todo el mundo, viajes a Espa\u00f1a para ver a su familia y una relaci\u00f3n m\u00e1s cercana de lo que parece con la princesa Leonor<\/a>Por\u00a0Nuria Hern\u00e1ndez<\/li>\n\n\n\n<li><a href=\"https:\/\/www.revistavanityfair.es\/articulos\/chanel-alta-costura-primavera-2026-laura-ponte-penelope-cruz#intcid=_vanity-fair-es-right-rail_9524a4b7-af82-4449-8d86-42e7d5bbe0f8_popular4-2\"><\/a><a href=\"https:\/\/www.revistavanityfair.es\/articulos\/chanel-alta-costura-primavera-2026-laura-ponte-penelope-cruz#intcid=_vanity-fair-es-right-rail_9524a4b7-af82-4449-8d86-42e7d5bbe0f8_popular4-2\"><\/a><a href=\"https:\/\/www.revistavanityfair.es\/articulos\/chanel-alta-costura-primavera-2026-laura-ponte-penelope-cruz#intcid=_vanity-fair-es-right-rail_9524a4b7-af82-4449-8d86-42e7d5bbe0f8_popular4-2\"><\/a><a href=\"https:\/\/www.revistavanityfair.es\/articulos\/chanel-alta-costura-primavera-2026-laura-ponte-penelope-cruz#intcid=_vanity-fair-es-right-rail_9524a4b7-af82-4449-8d86-42e7d5bbe0f8_popular4-2\"><\/a><a href=\"https:\/\/www.revistavanityfair.es\/articulos\/chanel-alta-costura-primavera-2026-laura-ponte-penelope-cruz#intcid=_vanity-fair-es-right-rail_9524a4b7-af82-4449-8d86-42e7d5bbe0f8_popular4-2\">Laura Ponte desfila por primera vez para Chanel con Pen\u00e9lope Cruz como testigo en la primera fila<\/a>Por\u00a0Marta Mart\u00ednez Tato<\/li>\n<\/ul>\n\n\n\n<p><\/p>\n\n\n\n<ul class=\"wp-block-list\">\n<li><img decoding=\"async\" src=\"https:\/\/media.revistavanityfair.es\/photos\/6979e7b569358ab8f1d1fe92\/master\/w_1024%2Cc_limit\/DIOR_HC_SS26_FRONT_LOOK_13.jpg\" alt=\"Durante la Semana de la Alta Costura en Par\u00eds.\">Christian Dior Alta CosturaDurante la Semana de la Alta Costura en Par\u00eds.<\/li>\n\n\n\n<li><img decoding=\"async\" src=\"https:\/\/media.revistavanityfair.es\/photos\/6979e7b569358ab8f1d1fe93\/master\/w_1024%2Cc_limit\/DIOR_HC_SS26_FRONT_LOOK_15.jpg\" alt=\"Durante la Semana de la Alta Costura en Par\u00eds.\">Christian Dior Alta CosturaDurante la Semana de la Alta Costura en Par\u00eds.<\/li>\n\n\n\n<li><img decoding=\"async\" src=\"https:\/\/media.revistavanityfair.es\/photos\/6979e7b569358ab8f1d1fe94\/master\/w_1024%2Cc_limit\/DIOR_HC_SS26_FRONT_LOOK_29.jpg\" alt=\"Durante la Semana de la Alta Costura en Par\u00eds.\">Christian Dior Alta CosturaDurante la Semana de la Alta Costura en Par\u00eds.<\/li>\n<\/ul>\n\n\n\n<p class=\"has-ast-global-color-4-background-color has-background\">Lo m\u00e1s visto<\/p>\n\n\n\n<ul class=\"wp-block-list\">\n<li><a href=\"https:\/\/www.revistavanityfair.es\/articulos\/princesa-irene-tiara-perlas-diamantes-viaje-estado-tailandia-1963#intcid=_vanity-fair-es-right-rail_9524a4b7-af82-4449-8d86-42e7d5bbe0f8_popular4-2\"><\/a><a href=\"https:\/\/www.revistavanityfair.es\/articulos\/princesa-irene-tiara-perlas-diamantes-viaje-estado-tailandia-1963#intcid=_vanity-fair-es-right-rail_9524a4b7-af82-4449-8d86-42e7d5bbe0f8_popular4-2\"><\/a><a href=\"https:\/\/www.revistavanityfair.es\/articulos\/princesa-irene-tiara-perlas-diamantes-viaje-estado-tailandia-1963#intcid=_vanity-fair-es-right-rail_9524a4b7-af82-4449-8d86-42e7d5bbe0f8_popular4-2\"><\/a><a href=\"https:\/\/www.revistavanityfair.es\/articulos\/princesa-irene-tiara-perlas-diamantes-viaje-estado-tailandia-1963#intcid=_vanity-fair-es-right-rail_9524a4b7-af82-4449-8d86-42e7d5bbe0f8_popular4-2\"><\/a><a href=\"https:\/\/www.revistavanityfair.es\/articulos\/princesa-irene-tiara-perlas-diamantes-viaje-estado-tailandia-1963#intcid=_vanity-fair-es-right-rail_9524a4b7-af82-4449-8d86-42e7d5bbe0f8_popular4-2\">Recordamos la visita de Irene de Grecia a Sirikit de Tailandia con la tiara de diamantes y perlas de su madre en 1963<\/a>Por\u00a0Marta Mart\u00ednez Tato<\/li>\n\n\n\n<li><a href=\"https:\/\/www.revistavanityfair.es\/articulos\/irene-urdangarin-vida-universitaria-en-inglaterra-relacion-leonor-infanta-cristina-inaki#intcid=_vanity-fair-es-right-rail_9524a4b7-af82-4449-8d86-42e7d5bbe0f8_popular4-2\"><\/a><a href=\"https:\/\/www.revistavanityfair.es\/articulos\/irene-urdangarin-vida-universitaria-en-inglaterra-relacion-leonor-infanta-cristina-inaki#intcid=_vanity-fair-es-right-rail_9524a4b7-af82-4449-8d86-42e7d5bbe0f8_popular4-2\"><\/a><a href=\"https:\/\/www.revistavanityfair.es\/articulos\/irene-urdangarin-vida-universitaria-en-inglaterra-relacion-leonor-infanta-cristina-inaki#intcid=_vanity-fair-es-right-rail_9524a4b7-af82-4449-8d86-42e7d5bbe0f8_popular4-2\"><\/a><a href=\"https:\/\/www.revistavanityfair.es\/articulos\/irene-urdangarin-vida-universitaria-en-inglaterra-relacion-leonor-infanta-cristina-inaki#intcid=_vanity-fair-es-right-rail_9524a4b7-af82-4449-8d86-42e7d5bbe0f8_popular4-2\"><\/a><a href=\"https:\/\/www.revistavanityfair.es\/articulos\/irene-urdangarin-vida-universitaria-en-inglaterra-relacion-leonor-infanta-cristina-inaki#intcid=_vanity-fair-es-right-rail_9524a4b7-af82-4449-8d86-42e7d5bbe0f8_popular4-2\">Irene Urdangarin y su vida universitaria en Inglaterra: una residencia con estudiantes de todo el mundo, viajes a Espa\u00f1a para ver a su familia y una relaci\u00f3n m\u00e1s cercana de lo que parece con la princesa Leonor<\/a>Por\u00a0Nuria Hern\u00e1ndez<\/li>\n\n\n\n<li><a href=\"https:\/\/www.revistavanityfair.es\/articulos\/chanel-alta-costura-primavera-2026-laura-ponte-penelope-cruz#intcid=_vanity-fair-es-right-rail_9524a4b7-af82-4449-8d86-42e7d5bbe0f8_popular4-2\"><\/a><a href=\"https:\/\/www.revistavanityfair.es\/articulos\/chanel-alta-costura-primavera-2026-laura-ponte-penelope-cruz#intcid=_vanity-fair-es-right-rail_9524a4b7-af82-4449-8d86-42e7d5bbe0f8_popular4-2\"><\/a><a href=\"https:\/\/www.revistavanityfair.es\/articulos\/chanel-alta-costura-primavera-2026-laura-ponte-penelope-cruz#intcid=_vanity-fair-es-right-rail_9524a4b7-af82-4449-8d86-42e7d5bbe0f8_popular4-2\"><\/a><a href=\"https:\/\/www.revistavanityfair.es\/articulos\/chanel-alta-costura-primavera-2026-laura-ponte-penelope-cruz#intcid=_vanity-fair-es-right-rail_9524a4b7-af82-4449-8d86-42e7d5bbe0f8_popular4-2\"><\/a><a href=\"https:\/\/www.revistavanityfair.es\/articulos\/chanel-alta-costura-primavera-2026-laura-ponte-penelope-cruz#intcid=_vanity-fair-es-right-rail_9524a4b7-af82-4449-8d86-42e7d5bbe0f8_popular4-2\">Laura Ponte desfila por primera vez para Chanel con Pen\u00e9lope Cruz como testigo en la primera fila<\/a>Por\u00a0Marta Mart\u00ednez Tato<\/li>\n<\/ul>\n\n\n\n<p><\/p>\n\n\n\n<ul class=\"wp-block-list\">\n<li><img decoding=\"async\" src=\"https:\/\/media.revistavanityfair.es\/photos\/6979e7b569358ab8f1d1fe95\/master\/w_1024%2Cc_limit\/DIOR_HC_SS26_FRONT_LOOK_35.jpg\" alt=\"Durante la semana de la Alta Costura en Par\u00eds.\">Christian Dior Alta CosturaDurante la semana de la Alta Costura en Par\u00eds.<\/li>\n\n\n\n<li><img decoding=\"async\" src=\"https:\/\/media.revistavanityfair.es\/photos\/6979e7b569358ab8f1d1fe96\/master\/w_1024%2Cc_limit\/DIOR_HC_SS26_FRONT_LOOK_63.jpg\" alt=\"Durante la Semana de la Alta Costura en Par\u00eds.\">Christian Dior Alta CosturaDurante la Semana de la Alta Costura en Par\u00eds.<\/li>\n<\/ul>\n\n\n\n<p>Fuente: <a href=\"https:\/\/www.revistavanityfair.es\/galerias\/jonathan-anderson-debut-alta-costura-dior-paris\">https:\/\/www.revistavanityfair.es\/galerias\/jonathan-anderson-debut-alta-costura-dior-paris<\/a><\/p>\n","protected":false},"excerpt":{"rendered":"<p>El dise\u00f1ador irland\u00e9s ha desvelado su primera colecci\u00f3n de Alta Costura bajo un cielo floral en el Museo Rodin, donde [&hellip;]<\/p>\n","protected":false},"author":1,"featured_media":115547,"comment_status":"open","ping_status":"open","sticky":false,"template":"","format":"standard","meta":{"site-sidebar-layout":"default","site-content-layout":"","ast-site-content-layout":"default","site-content-style":"default","site-sidebar-style":"default","ast-global-header-display":"","ast-banner-title-visibility":"","ast-main-header-display":"","ast-hfb-above-header-display":"","ast-hfb-below-header-display":"","ast-hfb-mobile-header-display":"","site-post-title":"","ast-breadcrumbs-content":"","ast-featured-img":"","footer-sml-layout":"","theme-transparent-header-meta":"","adv-header-id-meta":"","stick-header-meta":"","header-above-stick-meta":"","header-main-stick-meta":"","header-below-stick-meta":"","astra-migrate-meta-layouts":"default","ast-page-background-enabled":"default","ast-page-background-meta":{"desktop":{"background-color":"var(--ast-global-color-4)","background-image":"","background-repeat":"repeat","background-position":"center center","background-size":"auto","background-attachment":"scroll","background-type":"","background-media":"","overlay-type":"","overlay-color":"","overlay-opacity":"","overlay-gradient":""},"tablet":{"background-color":"","background-image":"","background-repeat":"repeat","background-position":"center center","background-size":"auto","background-attachment":"scroll","background-type":"","background-media":"","overlay-type":"","overlay-color":"","overlay-opacity":"","overlay-gradient":""},"mobile":{"background-color":"","background-image":"","background-repeat":"repeat","background-position":"center center","background-size":"auto","background-attachment":"scroll","background-type":"","background-media":"","overlay-type":"","overlay-color":"","overlay-opacity":"","overlay-gradient":""}},"ast-content-background-meta":{"desktop":{"background-color":"var(--ast-global-color-5)","background-image":"","background-repeat":"repeat","background-position":"center center","background-size":"auto","background-attachment":"scroll","background-type":"","background-media":"","overlay-type":"","overlay-color":"","overlay-opacity":"","overlay-gradient":""},"tablet":{"background-color":"var(--ast-global-color-5)","background-image":"","background-repeat":"repeat","background-position":"center center","background-size":"auto","background-attachment":"scroll","background-type":"","background-media":"","overlay-type":"","overlay-color":"","overlay-opacity":"","overlay-gradient":""},"mobile":{"background-color":"var(--ast-global-color-5)","background-image":"","background-repeat":"repeat","background-position":"center center","background-size":"auto","background-attachment":"scroll","background-type":"","background-media":"","overlay-type":"","overlay-color":"","overlay-opacity":"","overlay-gradient":""}},"footnotes":""},"categories":[8],"tags":[45740,11148,23965,4424,45741,45739],"class_list":["post-115546","post","type-post","status-publish","format-standard","has-post-thumbnail","hentry","category-noticias","tag-alta-costura-normandia","tag-alta-costura-paris","tag-john-galliano","tag-jonathan-anderson","tag-museo-rodin","tag-todo-empezo-con-un-regalo-floral-de-john-galliano-jonathan-anderson-viaja-al-jardin-de-christian-dior-en-normandia-para-su-debut-en-la-alta-costura-vanity-fair"],"_links":{"self":[{"href":"https:\/\/losperiodistas.com.mx\/portal\/wp-json\/wp\/v2\/posts\/115546","targetHints":{"allow":["GET"]}}],"collection":[{"href":"https:\/\/losperiodistas.com.mx\/portal\/wp-json\/wp\/v2\/posts"}],"about":[{"href":"https:\/\/losperiodistas.com.mx\/portal\/wp-json\/wp\/v2\/types\/post"}],"author":[{"embeddable":true,"href":"https:\/\/losperiodistas.com.mx\/portal\/wp-json\/wp\/v2\/users\/1"}],"replies":[{"embeddable":true,"href":"https:\/\/losperiodistas.com.mx\/portal\/wp-json\/wp\/v2\/comments?post=115546"}],"version-history":[{"count":1,"href":"https:\/\/losperiodistas.com.mx\/portal\/wp-json\/wp\/v2\/posts\/115546\/revisions"}],"predecessor-version":[{"id":115548,"href":"https:\/\/losperiodistas.com.mx\/portal\/wp-json\/wp\/v2\/posts\/115546\/revisions\/115548"}],"wp:featuredmedia":[{"embeddable":true,"href":"https:\/\/losperiodistas.com.mx\/portal\/wp-json\/wp\/v2\/media\/115547"}],"wp:attachment":[{"href":"https:\/\/losperiodistas.com.mx\/portal\/wp-json\/wp\/v2\/media?parent=115546"}],"wp:term":[{"taxonomy":"category","embeddable":true,"href":"https:\/\/losperiodistas.com.mx\/portal\/wp-json\/wp\/v2\/categories?post=115546"},{"taxonomy":"post_tag","embeddable":true,"href":"https:\/\/losperiodistas.com.mx\/portal\/wp-json\/wp\/v2\/tags?post=115546"}],"curies":[{"name":"wp","href":"https:\/\/api.w.org\/{rel}","templated":true}]}}