{"id":115518,"date":"2026-01-28T06:38:58","date_gmt":"2026-01-28T12:38:58","guid":{"rendered":"https:\/\/losperiodistas.com.mx\/portal\/?p=115518"},"modified":"2026-01-28T06:38:59","modified_gmt":"2026-01-28T12:38:59","slug":"el-papa-llama-a-la-comunidad-internacional-a-estar-siempre-alerta-para-evitar-el-horror-del-genocidio-aci","status":"publish","type":"post","link":"https:\/\/losperiodistas.com.mx\/portal\/el-papa-llama-a-la-comunidad-internacional-a-estar-siempre-alerta-para-evitar-el-horror-del-genocidio-aci\/","title":{"rendered":"El Papa llama a la comunidad internacional a estar siempre \u00abalerta\u00bb para evitar el \u201chorror del genocidio\u201d | ACI"},"content":{"rendered":"\n<figure class=\"wp-block-image size-full\"><img fetchpriority=\"high\" decoding=\"async\" width=\"672\" height=\"448\" src=\"https:\/\/losperiodistas.com.mx\/portal\/wp-content\/uploads\/2026\/01\/papa1-1769602550.webp\" alt=\"\" class=\"wp-image-115519\" srcset=\"https:\/\/losperiodistas.com.mx\/portal\/wp-content\/uploads\/2026\/01\/papa1-1769602550.webp 672w, https:\/\/losperiodistas.com.mx\/portal\/wp-content\/uploads\/2026\/01\/papa1-1769602550-300x200.webp 300w\" sizes=\"(max-width: 672px) 100vw, 672px\" \/><\/figure>\n\n\n\n<p>El Papa presidi\u00f3 la Audiencia General en el Aula Pablo VI | Cr\u00e9dito: Daniel Iba\u00f1ez\/ EWTN News<\/p>\n\n\n\n<p><a href=\"https:\/\/www.aciprensa.com\/autor\/247\/victoria-cardiel\"><\/a><\/p>\n\n\n\n<p>Por\u00a0<a href=\"https:\/\/www.aciprensa.com\/autor\/247\/victoria-cardiel\">Victoria Cardiel<\/a> \/ ACI Prensa<\/p>\n\n\n\n<p>El Papa Le\u00f3n XIV llam\u00f3 este mi\u00e9rcoles a la comunidad internacional a permanecer \u201csiempre alerta\u201d para evitar que \u201cel horror del genocidio vuelva a caer sobre ning\u00fan pueblo\u201d, al tiempo que reclam\u00f3 un mundo libre de antisemitismo y persecuci\u00f3n.<\/p>\n\n\n\n<p>Tras la Audiencia General de este mi\u00e9rcoles, el Pont\u00edfice record\u00f3 que el martes 27 de enero se conmemor\u00f3 la Jornada Internacional en Memoria de las V\u00edctimas del Holocausto, el genocidio realizado por el r\u00e9gimen de la Alemania nazi contra los jud\u00edos de Europa durante el transcurso de la Segunda Guerra Mundial.<\/p>\n\n\n\n<h4 class=\"wp-block-heading\"><\/h4>\n\n\n\n<p>\u201cEn esta anual ocasi\u00f3n de doloroso recuerdo, pido al Dios omnipotente el don de un mundo sin antisemitismo y sin prejuicios, opresi\u00f3n y persecuci\u00f3n contra ninguna criatura humana\u201d, afirm\u00f3 el Pont\u00edfice.<\/p>\n\n\n\n<p>Asimismo, renov\u00f3 su llamamiento a la comunidad internacional para que permanezca vigilante frente a cualquier forma de odio o violencia. \u201cRenuevo mi llamamiento a la comunidad de las naciones para que est\u00e9 siempre atenta, de modo que el horror del genocidio no vuelva a abatirse sobre ning\u00fan pueblo y se construya una sociedad fundada en el respeto rec\u00edproco y en el bien com\u00fan\u201d, subray\u00f3.<\/p>\n\n\n\n<p>Adem\u00e1s, este martes en una publicaci\u00f3n en la red social X, el Papa reafirm\u00f3 su fidelidad a la postura expresada en la declaraci\u00f3n surgida del Concilio Vaticano II&nbsp;<em>Nostra Aetate<\/em>&nbsp;publicada en 1965 que supuso un punto de inflexi\u00f3n hist\u00f3rico en las relaciones entre la Iglesia Cat\u00f3lica y las religiones no cristianas, promoviendo el di\u00e1logo, el respeto mutuo y la fraternidad universal.<\/p>\n\n\n\n<p>\u00abHoy, D\u00eda de la Memoria, deseo recordar que la Iglesia permanece fiel a la firme posici\u00f3n de la Declaraci\u00f3n&nbsp;<em>Nostra Aetate<\/em>&nbsp;contra todas las formas de antisemitismo, y rechaza cualquier discriminaci\u00f3n o acoso por motivos \u00e9tnicos, de lengua, nacionalidad o religi\u00f3n\u00bb, subray\u00f3 en un mensaje publicado en la red social &#8216;X&#8217;.<\/p>\n\n\n\n<p><\/p>\n\n\n\n<h4 class=\"wp-block-heading\"><\/h4>\n\n\n\n<p><a href=\"https:\/\/twitter.com\/Pontifex_es\/status\/2016111444409114746?ref_src=twsrc%5Etfw%7Ctwcamp%5Etweetembed%7Ctwterm%5E2016111444409114746%7Ctwgr%5E624fa3ff9e0159eb87ad521fca1958a77e37ba2f%7Ctwcon%5Es1_c10&amp;ref_url=https%3A%2F%2Fwww.aciprensa.com%2Fnoticias%2F121501%2Fel-papa-llama-a-las-naciones-a-estar-siempre-alertas-para-evitar-el-horror-del-genocidio\">https:\/\/twitter.com\/Pontifex_es\/status\/2016111444409114746?ref_src=twsrc%5Etfw%7Ctwcamp%5Etweetembed%7Ctwterm%5E2016111444409114746%7Ctwgr%5E624fa3ff9e0159eb87ad521fca1958a77e37ba2f%7Ctwcon%5Es1_c10&amp;ref_url=https%3A%2F%2Fwww.aciprensa.com%2Fnoticias%2F121501%2Fel-papa-llama-a-las-naciones-a-estar-siempre-alertas-para-evitar-el-horror-del-genocidio<\/a><\/p>\n\n\n\n<p>Adem\u00e1s, este martes inst\u00f3 a rezar intensamente por la paz y a rechazar la violencia como medio de resoluci\u00f3n de los conflictos a la salida de Villa Barberini, en Castel Gandolfo, donde transcurri\u00f3 como hace habitualmente la jornada semanal de descanso y trabajo.<\/p>\n\n\n\n<p>\u201cDigo solamente que es necesario rezar mucho por la paz\u201d, afirm\u00f3 el Papa en una breve declaraci\u00f3n ante la televisi\u00f3n p\u00fablica italiana, RAI. Preguntado por los cronistas sobre la situaci\u00f3n en Oriente Medio \u2014y en particular por la presencia en aguas de la regi\u00f3n del grupo de ataque naval encabezado por el portaaviones estadounidense Abraham Lincoln\u2014, Le\u00f3n XIV reiter\u00f3 su llamamiento al di\u00e1logo y a la no violencia.<\/p>\n\n\n\n<p>\u201cNosotros, aunque seamos peque\u00f1os, podemos alzar la voz y buscar siempre el di\u00e1logo, no la violencia, para resolver estos problemas\u201d, subray\u00f3 el Pont\u00edfice que tambi\u00e9n hizo referencia a que era la jornada en que se celebraba el Holocausto.<\/p>\n\n\n\n<p>Finalmente, como es habitual, tras la Audiencia General, dirigi\u00f3 unas palabras a los j\u00f3venes, los enfermos y los reci\u00e9n casados, en el d\u00eda en que la Iglesia celebra la memoria lit\u00fargica de Santo Tom\u00e1s de Aquino.<\/p>\n\n\n\n<p>El Papa confi\u00f3 adem\u00e1s a la intercesi\u00f3n de este Doctor de la Iglesia a los enfermos, deseando que su ejemplo y su ense\u00f1anza sean fuente de consuelo y fortaleza espiritual.<\/p>\n\n\n\n<p>Fuente: <a href=\"https:\/\/www.aciprensa.com\/noticias\/121501\/el-papa-llama-a-las-naciones-a-estar-siempre-alertas-para-evitar-el-horror-del-genocidio\">https:\/\/www.aciprensa.com\/noticias\/121501\/el-papa-llama-a-las-naciones-a-estar-siempre-alertas-para-evitar-el-horror-del-genocidio<\/a><\/p>\n","protected":false},"excerpt":{"rendered":"<p>El Papa presidi\u00f3 la Audiencia General en el Aula Pablo VI | Cr\u00e9dito: Daniel Iba\u00f1ez\/ EWTN News Por\u00a0Victoria Cardiel \/ [&hellip;]<\/p>\n","protected":false},"author":1,"featured_media":115519,"comment_status":"open","ping_status":"open","sticky":false,"template":"","format":"standard","meta":{"site-sidebar-layout":"default","site-content-layout":"","ast-site-content-layout":"default","site-content-style":"default","site-sidebar-style":"default","ast-global-header-display":"","ast-banner-title-visibility":"","ast-main-header-display":"","ast-hfb-above-header-display":"","ast-hfb-below-header-display":"","ast-hfb-mobile-header-display":"","site-post-title":"","ast-breadcrumbs-content":"","ast-featured-img":"","footer-sml-layout":"","theme-transparent-header-meta":"","adv-header-id-meta":"","stick-header-meta":"","header-above-stick-meta":"","header-main-stick-meta":"","header-below-stick-meta":"","astra-migrate-meta-layouts":"default","ast-page-background-enabled":"default","ast-page-background-meta":{"desktop":{"background-color":"var(--ast-global-color-4)","background-image":"","background-repeat":"repeat","background-position":"center center","background-size":"auto","background-attachment":"scroll","background-type":"","background-media":"","overlay-type":"","overlay-color":"","overlay-opacity":"","overlay-gradient":""},"tablet":{"background-color":"","background-image":"","background-repeat":"repeat","background-position":"center center","background-size":"auto","background-attachment":"scroll","background-type":"","background-media":"","overlay-type":"","overlay-color":"","overlay-opacity":"","overlay-gradient":""},"mobile":{"background-color":"","background-image":"","background-repeat":"repeat","background-position":"center center","background-size":"auto","background-attachment":"scroll","background-type":"","background-media":"","overlay-type":"","overlay-color":"","overlay-opacity":"","overlay-gradient":""}},"ast-content-background-meta":{"desktop":{"background-color":"var(--ast-global-color-5)","background-image":"","background-repeat":"repeat","background-position":"center center","background-size":"auto","background-attachment":"scroll","background-type":"","background-media":"","overlay-type":"","overlay-color":"","overlay-opacity":"","overlay-gradient":""},"tablet":{"background-color":"var(--ast-global-color-5)","background-image":"","background-repeat":"repeat","background-position":"center center","background-size":"auto","background-attachment":"scroll","background-type":"","background-media":"","overlay-type":"","overlay-color":"","overlay-opacity":"","overlay-gradient":""},"mobile":{"background-color":"var(--ast-global-color-5)","background-image":"","background-repeat":"repeat","background-position":"center center","background-size":"auto","background-attachment":"scroll","background-type":"","background-media":"","overlay-type":"","overlay-color":"","overlay-opacity":"","overlay-gradient":""}},"footnotes":""},"categories":[8],"tags":[5254,45735],"class_list":["post-115518","post","type-post","status-publish","format-standard","has-post-thumbnail","hentry","category-noticias","tag-genocidio","tag-leon-xiv-condena-genocidio"],"_links":{"self":[{"href":"https:\/\/losperiodistas.com.mx\/portal\/wp-json\/wp\/v2\/posts\/115518","targetHints":{"allow":["GET"]}}],"collection":[{"href":"https:\/\/losperiodistas.com.mx\/portal\/wp-json\/wp\/v2\/posts"}],"about":[{"href":"https:\/\/losperiodistas.com.mx\/portal\/wp-json\/wp\/v2\/types\/post"}],"author":[{"embeddable":true,"href":"https:\/\/losperiodistas.com.mx\/portal\/wp-json\/wp\/v2\/users\/1"}],"replies":[{"embeddable":true,"href":"https:\/\/losperiodistas.com.mx\/portal\/wp-json\/wp\/v2\/comments?post=115518"}],"version-history":[{"count":1,"href":"https:\/\/losperiodistas.com.mx\/portal\/wp-json\/wp\/v2\/posts\/115518\/revisions"}],"predecessor-version":[{"id":115520,"href":"https:\/\/losperiodistas.com.mx\/portal\/wp-json\/wp\/v2\/posts\/115518\/revisions\/115520"}],"wp:featuredmedia":[{"embeddable":true,"href":"https:\/\/losperiodistas.com.mx\/portal\/wp-json\/wp\/v2\/media\/115519"}],"wp:attachment":[{"href":"https:\/\/losperiodistas.com.mx\/portal\/wp-json\/wp\/v2\/media?parent=115518"}],"wp:term":[{"taxonomy":"category","embeddable":true,"href":"https:\/\/losperiodistas.com.mx\/portal\/wp-json\/wp\/v2\/categories?post=115518"},{"taxonomy":"post_tag","embeddable":true,"href":"https:\/\/losperiodistas.com.mx\/portal\/wp-json\/wp\/v2\/tags?post=115518"}],"curies":[{"name":"wp","href":"https:\/\/api.w.org\/{rel}","templated":true}]}}