{"id":115515,"date":"2026-01-28T06:31:32","date_gmt":"2026-01-28T12:31:32","guid":{"rendered":"https:\/\/losperiodistas.com.mx\/portal\/?p=115515"},"modified":"2026-01-28T06:31:34","modified_gmt":"2026-01-28T12:31:34","slug":"la-actriz-susan-sarandon-goya-internacional-2026-efe","status":"publish","type":"post","link":"https:\/\/losperiodistas.com.mx\/portal\/la-actriz-susan-sarandon-goya-internacional-2026-efe\/","title":{"rendered":"La actriz Susan Sarandon, Goya Internacional 2026 | EFE"},"content":{"rendered":"\n<figure class=\"wp-block-image size-full\"><img fetchpriority=\"high\" decoding=\"async\" width=\"900\" height=\"621\" src=\"https:\/\/losperiodistas.com.mx\/portal\/wp-content\/uploads\/2026\/01\/susan-sarandon-goya-internacional-2026-1.webp\" alt=\"\" class=\"wp-image-115516\" srcset=\"https:\/\/losperiodistas.com.mx\/portal\/wp-content\/uploads\/2026\/01\/susan-sarandon-goya-internacional-2026-1.webp 900w, https:\/\/losperiodistas.com.mx\/portal\/wp-content\/uploads\/2026\/01\/susan-sarandon-goya-internacional-2026-1-300x207.webp 300w, https:\/\/losperiodistas.com.mx\/portal\/wp-content\/uploads\/2026\/01\/susan-sarandon-goya-internacional-2026-1-768x530.webp 768w\" sizes=\"(max-width: 900px) 100vw, 900px\" \/><figcaption class=\"wp-element-caption\">La actriz Susan Sarandon. EFE\/Filip Singer<\/figcaption><\/figure>\n\n\n\n<p><\/p>\n\n\n\n<p class=\"has-vivid-red-color has-text-color has-link-color has-medium-font-size wp-elements-23db7e95974579b190d8bc7ea9a6cef6\"><strong>Agencia EFE<\/strong><\/p>\n\n\n\n<p>Madrid (EFE).- La actriz estadounidense Susan Sarandon ser\u00e1 galardonada con el Goya Internacional en la&nbsp;<a href=\"https:\/\/efe.com\/cultura\/2026-01-13\/nominados-premios-goya-2026\/\" target=\"_blank\" rel=\"noreferrer noopener\">40 gala de los Premios Goya del cine espa\u00f1ol,<\/a>&nbsp;se que celebrar\u00e1 el 28 de febrero en Barcelona.<\/p>\n\n\n\n<figure class=\"wp-block-embed is-type-wp-embed is-provider-efe-noticias wp-block-embed-efe-noticias\"><div class=\"wp-block-embed__wrapper\">\n<blockquote class=\"wp-embedded-content\" data-secret=\"ADElpEa617\"><a href=\"https:\/\/efe.com\/cultura\/2026-01-13\/nominados-premios-goya-2026\/\">&#8216;Los domingos&#8217; y &#8216;Sirat&#8217;, con 13 y 11 candidaturas, favoritas para los Premios Goya 2026<\/a><\/blockquote><iframe class=\"wp-embedded-content\" sandbox=\"allow-scripts\" security=\"restricted\" style=\"position: absolute; visibility: hidden;\" title=\"\u00ab&#8216;Los domingos&#8217; y &#8216;Sirat&#8217;, con 13 y 11 candidaturas, favoritas para los Premios Goya 2026\u00bb \u2014 EFE Noticias\" src=\"https:\/\/efe.com\/cultura\/2026-01-13\/nominados-premios-goya-2026\/embed\/#?secret=Bnv5K1MQfP#?secret=ADElpEa617\" data-secret=\"ADElpEa617\" width=\"500\" height=\"282\" frameborder=\"0\" marginwidth=\"0\" marginheight=\"0\" scrolling=\"no\"><\/iframe>\n<\/div><\/figure>\n\n\n\n<p>La academia cinematogr\u00e1fica espa\u00f1ola destac\u00f3 este mi\u00e9rcoles su \u00abfilmograf\u00eda extraordinaria, con interpretaciones inolvidables en obras maestras y tambi\u00e9n en pel\u00edculas que forman parte de la cultura popular\u00bb. Igualmente, valor\u00f3 su \u00abvaliente compromiso pol\u00edtico y social\u00bb.<\/p>\n\n\n\n<p>\u00abEs, durante d\u00e9cadas, uno de los rostros m\u00e1s destacados del cine de Hollywood admirado por amantes del cine de todo el mundo\u00bb, argument\u00f3.<\/p>\n\n\n\n<figure class=\"wp-block-image\"><img decoding=\"async\" src=\"https:\/\/i0.wp.com\/efe.com\/wp-content\/uploads\/2026\/01\/susan-sarandon-goya-internacional-2026.webp?resize=900%2C600&amp;ssl=1\" alt=\"La actriz Susan Sarandon.\" class=\"wp-image-2449276\"\/><figcaption class=\"wp-element-caption\">La actriz Susan Sarandon. EFE\/Quique Garc\u00eda<\/figcaption><\/figure>\n\n\n\n<p>La Academia ha destacado su \u00abfilmograf\u00eda extraordinaria, con interpretaciones inolvidables en obras maestras y tambi\u00e9n en pel\u00edculas que forman parte de la cultura popular; y su valiente compromiso pol\u00edtico y social. Es, durante d\u00e9cadas, uno de los rostros m\u00e1s destacados del cine de Hollywood admirado por amantes del cine de todo el mundo\u00bb.<\/p>\n\n\n\n<p>Fuente: <a href=\"https:\/\/efe.com\/cultura\/2026-01-28\/susan-sarandon-goya-internacional-2026\/\">https:\/\/efe.com\/cultura\/2026-01-28\/susan-sarandon-goya-internacional-2026\/<\/a><a href=\"https:\/\/efe.com\/cataluna\/\"><\/a><\/p>\n\n\n\n<p><\/p>\n","protected":false},"excerpt":{"rendered":"<p>Agencia EFE Madrid (EFE).- La actriz estadounidense Susan Sarandon ser\u00e1 galardonada con el Goya Internacional en la&nbsp;40 gala de los [&hellip;]<\/p>\n","protected":false},"author":1,"featured_media":115516,"comment_status":"open","ping_status":"open","sticky":false,"template":"","format":"standard","meta":{"site-sidebar-layout":"default","site-content-layout":"","ast-site-content-layout":"default","site-content-style":"default","site-sidebar-style":"default","ast-global-header-display":"","ast-banner-title-visibility":"","ast-main-header-display":"","ast-hfb-above-header-display":"","ast-hfb-below-header-display":"","ast-hfb-mobile-header-display":"","site-post-title":"","ast-breadcrumbs-content":"","ast-featured-img":"","footer-sml-layout":"","theme-transparent-header-meta":"","adv-header-id-meta":"","stick-header-meta":"","header-above-stick-meta":"","header-main-stick-meta":"","header-below-stick-meta":"","astra-migrate-meta-layouts":"default","ast-page-background-enabled":"default","ast-page-background-meta":{"desktop":{"background-color":"var(--ast-global-color-4)","background-image":"","background-repeat":"repeat","background-position":"center center","background-size":"auto","background-attachment":"scroll","background-type":"","background-media":"","overlay-type":"","overlay-color":"","overlay-opacity":"","overlay-gradient":""},"tablet":{"background-color":"","background-image":"","background-repeat":"repeat","background-position":"center center","background-size":"auto","background-attachment":"scroll","background-type":"","background-media":"","overlay-type":"","overlay-color":"","overlay-opacity":"","overlay-gradient":""},"mobile":{"background-color":"","background-image":"","background-repeat":"repeat","background-position":"center center","background-size":"auto","background-attachment":"scroll","background-type":"","background-media":"","overlay-type":"","overlay-color":"","overlay-opacity":"","overlay-gradient":""}},"ast-content-background-meta":{"desktop":{"background-color":"var(--ast-global-color-5)","background-image":"","background-repeat":"repeat","background-position":"center center","background-size":"auto","background-attachment":"scroll","background-type":"","background-media":"","overlay-type":"","overlay-color":"","overlay-opacity":"","overlay-gradient":""},"tablet":{"background-color":"var(--ast-global-color-5)","background-image":"","background-repeat":"repeat","background-position":"center center","background-size":"auto","background-attachment":"scroll","background-type":"","background-media":"","overlay-type":"","overlay-color":"","overlay-opacity":"","overlay-gradient":""},"mobile":{"background-color":"var(--ast-global-color-5)","background-image":"","background-repeat":"repeat","background-position":"center center","background-size":"auto","background-attachment":"scroll","background-type":"","background-media":"","overlay-type":"","overlay-color":"","overlay-opacity":"","overlay-gradient":""}},"footnotes":""},"categories":[8],"tags":[45732,45733],"class_list":["post-115515","post","type-post","status-publish","format-standard","has-post-thumbnail","hentry","category-noticias","tag-goya-inteernacional-2026","tag-susan-sarandon"],"_links":{"self":[{"href":"https:\/\/losperiodistas.com.mx\/portal\/wp-json\/wp\/v2\/posts\/115515","targetHints":{"allow":["GET"]}}],"collection":[{"href":"https:\/\/losperiodistas.com.mx\/portal\/wp-json\/wp\/v2\/posts"}],"about":[{"href":"https:\/\/losperiodistas.com.mx\/portal\/wp-json\/wp\/v2\/types\/post"}],"author":[{"embeddable":true,"href":"https:\/\/losperiodistas.com.mx\/portal\/wp-json\/wp\/v2\/users\/1"}],"replies":[{"embeddable":true,"href":"https:\/\/losperiodistas.com.mx\/portal\/wp-json\/wp\/v2\/comments?post=115515"}],"version-history":[{"count":1,"href":"https:\/\/losperiodistas.com.mx\/portal\/wp-json\/wp\/v2\/posts\/115515\/revisions"}],"predecessor-version":[{"id":115517,"href":"https:\/\/losperiodistas.com.mx\/portal\/wp-json\/wp\/v2\/posts\/115515\/revisions\/115517"}],"wp:featuredmedia":[{"embeddable":true,"href":"https:\/\/losperiodistas.com.mx\/portal\/wp-json\/wp\/v2\/media\/115516"}],"wp:attachment":[{"href":"https:\/\/losperiodistas.com.mx\/portal\/wp-json\/wp\/v2\/media?parent=115515"}],"wp:term":[{"taxonomy":"category","embeddable":true,"href":"https:\/\/losperiodistas.com.mx\/portal\/wp-json\/wp\/v2\/categories?post=115515"},{"taxonomy":"post_tag","embeddable":true,"href":"https:\/\/losperiodistas.com.mx\/portal\/wp-json\/wp\/v2\/tags?post=115515"}],"curies":[{"name":"wp","href":"https:\/\/api.w.org\/{rel}","templated":true}]}}