{"id":115504,"date":"2026-01-27T23:09:34","date_gmt":"2026-01-28T05:09:34","guid":{"rendered":"https:\/\/losperiodistas.com.mx\/portal\/?p=115504"},"modified":"2026-01-27T23:09:35","modified_gmt":"2026-01-28T05:09:35","slug":"india-y-la-ue-logran-la-madre-de-todos-los-acuerdos-con-historico-tratado-de-libre-comercio-la-jornada","status":"publish","type":"post","link":"https:\/\/losperiodistas.com.mx\/portal\/india-y-la-ue-logran-la-madre-de-todos-los-acuerdos-con-historico-tratado-de-libre-comercio-la-jornada\/","title":{"rendered":"India y la UE logran la \u201cmadre de todos los acuerdos\u201d con hist\u00f3rico tratado de libre comercio | La Jornada"},"content":{"rendered":"\n<figure class=\"wp-block-image size-large\"><img fetchpriority=\"high\" decoding=\"async\" width=\"1024\" height=\"448\" src=\"https:\/\/losperiodistas.com.mx\/portal\/wp-content\/uploads\/2026\/01\/MegaTratado-1024x448.png\" alt=\"\" class=\"wp-image-115505\" srcset=\"https:\/\/losperiodistas.com.mx\/portal\/wp-content\/uploads\/2026\/01\/MegaTratado-1024x448.png 1024w, https:\/\/losperiodistas.com.mx\/portal\/wp-content\/uploads\/2026\/01\/MegaTratado-300x131.png 300w, https:\/\/losperiodistas.com.mx\/portal\/wp-content\/uploads\/2026\/01\/MegaTratado-768x336.png 768w, https:\/\/losperiodistas.com.mx\/portal\/wp-content\/uploads\/2026\/01\/MegaTratado.png 1500w\" sizes=\"(max-width: 1024px) 100vw, 1024px\" \/><figcaption class=\"wp-element-caption\">El tratado entre dos de los mercados m\u00e1s grandes del mundo llega en un momento en que Washington est\u00e1 imponiendo altos aranceles tanto a India como a la Uni\u00f3n Europea (UE), lo que altera los flujos comerciales establecidos. Foto Ap <\/figcaption><\/figure>\n\n\n\n<p class=\"has-vivid-red-color has-text-color has-link-color wp-elements-d8ace0577df33144c006bfd7901140d9\">Redacci\u00f3n \/ La Jornada<\/p>\n\n\n\n<p>Despu\u00e9s de casi dos d\u00e9cadas de negociaciones, India y la Uni\u00f3n Europea alcanzaron un acuerdo de libre comercio para profundizar sus lazos econ\u00f3micos y estrat\u00e9gicos, dijeron funcionarios el martes.<\/p>\n\n\n\n<p>El pacto, descrito por la jefa del ejecutivo europeo como \u201cla madre de todos los acuerdos\u201d, podr\u00eda impactar a la asombrosa cifra de 2 mil millones de personas. Es probable que pasen varios meses antes de que el acuerdo entre en vigor.<\/p>\n\n\n\n<p>El tratado entre dos de los mercados m\u00e1s grandes del mundo llega en un momento en que Washington est\u00e1 imponiendo altos aranceles tanto a India como a la Uni\u00f3n Europea (UE), lo que altera los flujos comerciales establecidos y empuja a las principales econom\u00edas a buscar asociaciones alternativas.<\/p>\n\n\n\n<p>India es un pa\u00eds que forma parte del grupo BRICS, integrado inicialmente por Brasil, Rusia, India, China y Sud\u00e1frica, y al que se han sumado otros integrantes para un total de once naciones que buscan ser un contrapeso a la hegemon\u00eda de Washington.<\/p>\n\n\n\n<p>\u201cEste acuerdo traer\u00e1 grandes oportunidades para los pueblos de India y Europa\u201d, dijo el primer ministro de India, Narendra Modi, mientras se dirig\u00eda de forma remota a una conferencia de energ\u00eda. \u201cRepresenta 25 por ciento del producto interno bruto (PIB) global y un tercio del comercio mundial\u201d, destac\u00f3.<\/p>\n\n\n\n<p>El acuerdo llevar\u00e1 libre comercio a casi todos los productos entre los 27 miembros de la UE e India, cubriendo desde textiles hasta medicamentos y reduciendo los altos impuestos de importaci\u00f3n para el vino y los autom\u00f3viles europeos.<\/p>\n\n\n\n<p>India y la UE tambi\u00e9n negociaron un marco para una cooperaci\u00f3n m\u00e1s profunda en defensa y seguridad, y un pacto separado destinado a facilitar la movilidad de trabajadores cualificados y estudiantes, se\u00f1alando que su asociaci\u00f3n se extiende m\u00e1s all\u00e1 del comercio.<\/p>\n\n\n\n<h2 class=\"wp-block-heading\"><strong>Fortalecer la estabilidad, en momentos de \u201cturbulencia en el orden global\u201d<\/strong><\/h2>\n\n\n\n<p>Las negociaciones para el acuerdo India-UE recibieron un nuevo impulso tras las t\u00e1cticas de mano dura del presidente de Estados Unidos, Donald Trump, sobre los aranceles y Groenlandia.<\/p>\n\n\n\n<p>En una conferencia de prensa conjunta en Nueva Delhi con la presidenta de la Comisi\u00f3n Europea, Ursula von der Leyen, y el presidente del Consejo Europeo, Ant\u00f3nio Costa, el mandatario indio dijo que la asociaci\u00f3n con la UE \u201cfortalecer\u00e1 la estabilidad en el sistema internacional\u201d en un momento de \u201cturbulencia en el orden global\u201d.<\/p>\n\n\n\n<p>\u201cEuropa e India est\u00e1n haciendo historia hoy. Hemos concluido la madre de todos los acuerdos\u201d, dijo Von der Leyen en una publicaci\u00f3n en X.<\/p>\n\n\n\n<p>En un discurso posterior, coment\u00f3 que el acuerdo era la historia de \u201cdos gigantes\u201d que eligieron la asociaci\u00f3n, de una manera verdaderamente beneficiosa para ambos. Tambi\u00e9n dijo que env\u00eda \u201cun fuerte mensaje de que la cooperaci\u00f3n es la mejor respuesta a los desaf\u00edos globales\u201d.<\/p>\n\n\n\n<p>Se espera que el acuerdo integre a\u00fan m\u00e1s las cadenas de suministro y fortalezca el poder de fabricaci\u00f3n conjunto entre las dos econom\u00edas. Tambi\u00e9n reducir\u00e1 hasta 4 mil millones de euros (4 mil 700 millones de d\u00f3lares) en aranceles anuales para los exportadores y crear\u00e1 empleos para millones de trabajadores en India y Europa.<\/p>\n\n\n\n<h2 class=\"wp-block-heading\"><strong>Sectores libres de aranceles<\/strong><\/h2>\n\n\n\n<p>Se contempla que India reduzca o elimine aranceles para 96.6 por ciento de las exportaciones de la UE, mientras que Bruselas corresponder\u00e1 con una reducci\u00f3n similar que cubre cerca de 99 por ciento de los env\u00edos de India por valor comercial de manera gradual, seg\u00fan declaraciones de ambas partes.<\/p>\n\n\n\n<p>Los sectores de India que se beneficiar\u00e1n del acuerdo incluyen textiles, prendas de vestir, productos de ingenier\u00eda, cuero, artesan\u00edas, calzado y productos marinos, mientras que las ganancias de la UE estar\u00e1n en vino, autom\u00f3viles, productos qu\u00edmicos y farmac\u00e9uticos, entre otros.<\/p>\n\n\n\n<p>Se ha acordado un sistema de cuotas para autom\u00f3viles, vinos y whisky, reduciendo los altos aranceles.<\/p>\n\n\n\n<p>La Comisi\u00f3n Europea dijo que los aranceles cobrados por India sobre los autom\u00f3viles disminuir\u00e1n gradualmente de 110 por ciento a s\u00f3lo diez por ciento, mientras que se eliminar\u00e1n por completo para las partes de autom\u00f3viles despu\u00e9s de 5-10 a\u00f1os. Los aranceles de hasta 44 por ciento sobre maquinaria, 22 por ciento sobre productos qu\u00edmicos y 11 por ciento sobre productos farmac\u00e9uticos tambi\u00e9n se eliminar\u00e1n en su mayor\u00eda, agreg\u00f3.<\/p>\n\n\n\n<p>En cuanto al vino europeo, los aranceles en India bajar\u00edan de 150 a 20 por ciento para la gama premium.<\/p>\n\n\n\n<p>Nueva Delhi ha excluido del acuerdo productos l\u00e1cteos como leche y queso junto con cereales debido a \u201csensibilidades locales\u201d sobre esos productos. La UE, por su parte, no permitir\u00e1 aranceles concesionales sobre las importaciones de az\u00facar, carne, aves y productos de carne de res de India, dijeron funcionarios del Ministerio de Comercio de India.<\/p>\n\n\n\n<p>Se prev\u00e9 que la firma formal del acuerdo se realice m\u00e1s adelante este a\u00f1o, despu\u00e9s de una revisi\u00f3n legal del texto tras la ratificaci\u00f3n por el Parlamento Europeo. El ministro de Comercio de India, Piyush Goyal, dijo que esperaba que el acuerdo entre en vigor para finales del a\u00f1o.<\/p>\n\n\n\n<h2 class=\"wp-block-heading\"><strong>Abrir nuevos mercados<\/strong><\/h2>\n\n\n\n<p>India ha intensificado sus esfuerzos para diversificar sus destinos de exportaci\u00f3n como parte de una estrategia m\u00e1s amplia para contrarrestar el impacto del incremento en los aranceles de Estados Unidos, incluidos un gravamen adicional de 25 por ciento sobre los productos indios porque ha continuado sus compras de petr\u00f3leo ruso con descuento, lo que eleva los aranceles combinados impuestos por Estados Unidos a 50 por ciento.<\/p>\n\n\n\n<p>El comercio bilateral entre India y la UE se situ\u00f3 en 136 mil 500 millones de d\u00f3lares en 2024-2025. Ambas partes esperan aumentar esa cifra a unos 200 mil millones de d\u00f3lares para 2030, dijeron funcionarios del Ministerio de Comercio de India.<\/p>\n\n\n\n<p>La UE todav\u00eda est\u00e1 asimilando la estrategia agresiva de su otrora firme aliado al otro lado del Atl\u00e1ntico. Hay un sentimiento generalizado de traici\u00f3n en el bloque de 27 naciones por la ofensiva del presidente de Estados Unidos, Donald Trump, de aranceles m\u00e1s altos, su apoyo a partidos de extrema derecha y su beligerancia sobre Groenlandia, un territorio semiaut\u00f3nomo de Dinamarca.<\/p>\n\n\n\n<p>Bruselas ha acelerado su acercamiento a mercados de todo el mundo. En el \u00faltimo a\u00f1o, Von der Leyen ha firmado acuerdos con Jap\u00f3n, Indonesia, M\u00e9xico y naciones de Sudam\u00e9rica bajo la consigna de \u201cautonom\u00eda estrat\u00e9gica\u201d, que en la pr\u00e1ctica es similar a desvincularse de un Estados Unidos percibido por la mayor\u00eda de los l\u00edderes europeos como err\u00e1tico.<\/p>\n\n\n\n<p>Fuente: <a href=\"https:\/\/www.jornada.com.mx\/noticia\/2026\/01\/27\/economia\/india-y-la-ue-logran-la-madre-de-todos-los-acuerdos-en-un-historico-tratado-de-libre-comercio\" target=\"_blank\" rel=\"noreferrer noopener\">La Jornada<\/a><\/p>\n","protected":false},"excerpt":{"rendered":"<p>Redacci\u00f3n \/ La Jornada Despu\u00e9s de casi dos d\u00e9cadas de negociaciones, India y la Uni\u00f3n Europea alcanzaron un acuerdo de [&hellip;]<\/p>\n","protected":false},"author":1,"featured_media":115505,"comment_status":"open","ping_status":"open","sticky":false,"template":"","format":"standard","meta":{"site-sidebar-layout":"default","site-content-layout":"","ast-site-content-layout":"default","site-content-style":"default","site-sidebar-style":"default","ast-global-header-display":"","ast-banner-title-visibility":"","ast-main-header-display":"","ast-hfb-above-header-display":"","ast-hfb-below-header-display":"","ast-hfb-mobile-header-display":"","site-post-title":"","ast-breadcrumbs-content":"","ast-featured-img":"","footer-sml-layout":"","theme-transparent-header-meta":"","adv-header-id-meta":"","stick-header-meta":"","header-above-stick-meta":"","header-main-stick-meta":"","header-below-stick-meta":"","astra-migrate-meta-layouts":"default","ast-page-background-enabled":"default","ast-page-background-meta":{"desktop":{"background-color":"var(--ast-global-color-4)","background-image":"","background-repeat":"repeat","background-position":"center center","background-size":"auto","background-attachment":"scroll","background-type":"","background-media":"","overlay-type":"","overlay-color":"","overlay-opacity":"","overlay-gradient":""},"tablet":{"background-color":"","background-image":"","background-repeat":"repeat","background-position":"center center","background-size":"auto","background-attachment":"scroll","background-type":"","background-media":"","overlay-type":"","overlay-color":"","overlay-opacity":"","overlay-gradient":""},"mobile":{"background-color":"","background-image":"","background-repeat":"repeat","background-position":"center center","background-size":"auto","background-attachment":"scroll","background-type":"","background-media":"","overlay-type":"","overlay-color":"","overlay-opacity":"","overlay-gradient":""}},"ast-content-background-meta":{"desktop":{"background-color":"var(--ast-global-color-5)","background-image":"","background-repeat":"repeat","background-position":"center center","background-size":"auto","background-attachment":"scroll","background-type":"","background-media":"","overlay-type":"","overlay-color":"","overlay-opacity":"","overlay-gradient":""},"tablet":{"background-color":"var(--ast-global-color-5)","background-image":"","background-repeat":"repeat","background-position":"center center","background-size":"auto","background-attachment":"scroll","background-type":"","background-media":"","overlay-type":"","overlay-color":"","overlay-opacity":"","overlay-gradient":""},"mobile":{"background-color":"var(--ast-global-color-5)","background-image":"","background-repeat":"repeat","background-position":"center center","background-size":"auto","background-attachment":"scroll","background-type":"","background-media":"","overlay-type":"","overlay-color":"","overlay-opacity":"","overlay-gradient":""}},"footnotes":""},"categories":[8],"tags":[7652,45730,8205,25730],"class_list":["post-115504","post","type-post","status-publish","format-standard","has-post-thumbnail","hentry","category-noticias","tag-india","tag-tratado-de-libre-comercio","tag-union-europea","tag-washington"],"_links":{"self":[{"href":"https:\/\/losperiodistas.com.mx\/portal\/wp-json\/wp\/v2\/posts\/115504","targetHints":{"allow":["GET"]}}],"collection":[{"href":"https:\/\/losperiodistas.com.mx\/portal\/wp-json\/wp\/v2\/posts"}],"about":[{"href":"https:\/\/losperiodistas.com.mx\/portal\/wp-json\/wp\/v2\/types\/post"}],"author":[{"embeddable":true,"href":"https:\/\/losperiodistas.com.mx\/portal\/wp-json\/wp\/v2\/users\/1"}],"replies":[{"embeddable":true,"href":"https:\/\/losperiodistas.com.mx\/portal\/wp-json\/wp\/v2\/comments?post=115504"}],"version-history":[{"count":1,"href":"https:\/\/losperiodistas.com.mx\/portal\/wp-json\/wp\/v2\/posts\/115504\/revisions"}],"predecessor-version":[{"id":115506,"href":"https:\/\/losperiodistas.com.mx\/portal\/wp-json\/wp\/v2\/posts\/115504\/revisions\/115506"}],"wp:featuredmedia":[{"embeddable":true,"href":"https:\/\/losperiodistas.com.mx\/portal\/wp-json\/wp\/v2\/media\/115505"}],"wp:attachment":[{"href":"https:\/\/losperiodistas.com.mx\/portal\/wp-json\/wp\/v2\/media?parent=115504"}],"wp:term":[{"taxonomy":"category","embeddable":true,"href":"https:\/\/losperiodistas.com.mx\/portal\/wp-json\/wp\/v2\/categories?post=115504"},{"taxonomy":"post_tag","embeddable":true,"href":"https:\/\/losperiodistas.com.mx\/portal\/wp-json\/wp\/v2\/tags?post=115504"}],"curies":[{"name":"wp","href":"https:\/\/api.w.org\/{rel}","templated":true}]}}