{"id":115499,"date":"2026-01-27T23:00:48","date_gmt":"2026-01-28T05:00:48","guid":{"rendered":"https:\/\/losperiodistas.com.mx\/portal\/?p=115499"},"modified":"2026-01-27T23:00:50","modified_gmt":"2026-01-28T05:00:50","slug":"masa-de-aire-artica-y-frente-estacionario-mantienen-condiciones-invernales-en-mexico-meteored","status":"publish","type":"post","link":"https:\/\/losperiodistas.com.mx\/portal\/masa-de-aire-artica-y-frente-estacionario-mantienen-condiciones-invernales-en-mexico-meteored\/","title":{"rendered":"Masa de aire \u00e1rtica y frente estacionario mantienen condiciones invernales en M\u00e9xico | Meteored"},"content":{"rendered":"\n<p>Frente estacionario sobre el Sur y Sureste y su masa \u00e1rtica, mantienen aguaceros al Sur, lluvias al Oriente y Sureste, un evento de \u00abNorte\u00bb con rachas de hasta 100 km\/h, el fr\u00edo intenso prevalece en el Norte, Centro y partes del Oriente.<\/p>\n\n\n\n<figure class=\"wp-block-image size-large\"><img fetchpriority=\"high\" decoding=\"async\" width=\"1024\" height=\"720\" src=\"https:\/\/losperiodistas.com.mx\/portal\/wp-content\/uploads\/2026\/01\/masa-de-aire-artica-y-frente-frio-1024x720.png\" alt=\"\" class=\"wp-image-115500\" srcset=\"https:\/\/losperiodistas.com.mx\/portal\/wp-content\/uploads\/2026\/01\/masa-de-aire-artica-y-frente-frio-1024x720.png 1024w, https:\/\/losperiodistas.com.mx\/portal\/wp-content\/uploads\/2026\/01\/masa-de-aire-artica-y-frente-frio-300x211.png 300w, https:\/\/losperiodistas.com.mx\/portal\/wp-content\/uploads\/2026\/01\/masa-de-aire-artica-y-frente-frio-768x540.png 768w, https:\/\/losperiodistas.com.mx\/portal\/wp-content\/uploads\/2026\/01\/masa-de-aire-artica-y-frente-frio.png 1091w\" sizes=\"(max-width: 1024px) 100vw, 1024px\" \/><figcaption class=\"wp-element-caption\">Los acumulados de lluvia m\u00e1s importantes ser\u00e1n al Sur y en partes del Sureste de M\u00e9xico.<\/figcaption><\/figure>\n\n\n\n<p class=\"has-vivid-red-color has-text-color has-link-color wp-elements-c756f860a578199113b16985c80b93d0\">\u00darsula Pamela Garc\u00eda \/ Meteored<\/p>\n\n\n\n<p>Este tarde-noche de martes, a pesar de que el frente fr\u00edo 30 comienza su desplazamiento hacia el Occidente del Mar Caribe, sus efectos no han terminado para el territorio mexicano. La masa de aire \u00e1rtico que lo impulsa continuar\u00e1 generando condiciones severas de inestabilidad atmosf\u00e9rica, principalmente en las regiones del Oriente y Sureste del pa\u00eds.<\/p>\n\n\n\n<p>Se esperan <strong>aguaceros constantes y lluvias puntuales muy fuertes que afectar\u00e1n de manera directa a los estados de Veracruz, espec\u00edficamente en Los Tuxtlas y la zona Olmeca, as\u00ed como a las entidades de Tabasco, Oaxaca y Chiapas<\/strong> durante las pr\u00f3ximas horas de este martes.<\/p>\n\n\n\n<p>Respecto a las precipitaciones se preven acumulados de hasta 150 mm en el sur de Veracruz, Tabasco, norte Chiapas y Oaxaca; mientras el litoral del Golfo de M\u00e9xico con acumulados de hasta 30 mm influyendo en los estados de Campeche y Tamaulipas.<\/p>\n\n\n\n<p>Tambi\u00e9n se estiman <strong>acumulados de hasta 20 mm el este de Quintana Roo y en el este de Guerrero<\/strong>. El resto del pa\u00eds con cielos despejado pero con ambiente fr\u00edo y g\u00e9lido en porciones monta\u00f1osas del Centro, Norte y Oriente.<\/p>\n\n\n\n<p>La presencia de <strong>nieblas y neblinas <\/strong>se estar\u00e1 registrando sobre regiones monta\u00f1osas del Valle de M\u00e9xico, Golfo de California y la partes de la Sierra Madre Occidental. Recordemos que en invierno, <strong>el enfriamiento del aire genera nieblas densas que reducen la visibilidad a menos de un kil\u00f3metro.<\/strong><\/p>\n\n\n\n<h2 class=\"wp-block-heading\">Vientos fuertes en el Sur y Suroeste de M\u00e9xico<\/h2>\n\n\n\n<p>Los peligrosos eventos de \u00abNorte\u00bb y \u00abTehuantepecano\u00bb, mantienen su intensidad en diversas zonas costeras, <strong>registrando rachas violentas de entre 90 y 100 kil\u00f3metros por hora en el Istmo y Golfo de Tehuantepec<\/strong>. Para el estado de Veracruz, <strong>los vientos oscilar\u00e1n entre los 50 y 60 km\/h<\/strong>, mientras que en la Pen\u00ednsula de Yucat\u00e1n y Tabasco se esperan r\u00e1fagas de menor intensidad, pero a\u00fan significativas.<\/p>\n\n\n\n<figure class=\"wp-block-image size-full\"><img decoding=\"async\" width=\"1024\" height=\"720\" src=\"https:\/\/losperiodistas.com.mx\/portal\/wp-content\/uploads\/2026\/01\/imagen-159.png\" alt=\"\" class=\"wp-image-115501\" srcset=\"https:\/\/losperiodistas.com.mx\/portal\/wp-content\/uploads\/2026\/01\/imagen-159.png 1024w, https:\/\/losperiodistas.com.mx\/portal\/wp-content\/uploads\/2026\/01\/imagen-159-300x211.png 300w, https:\/\/losperiodistas.com.mx\/portal\/wp-content\/uploads\/2026\/01\/imagen-159-768x540.png 768w\" sizes=\"(max-width: 1024px) 100vw, 1024px\" \/><figcaption class=\"wp-element-caption\">Los vientos m\u00e1s fuertes, son las rachas de 90 a 100 km\/h que se registran en el Istmo y Golfo de Tehuantepec que contempla a los estados de Oaxaca y Chiapas.<\/figcaption><\/figure>\n\n\n\n<p>Esta fuerza del viento es capaz de derribar estructuras ligeras, por lo que las autoridades de Protecci\u00f3n Civil mantienen la vigilancia estrecha en los puertos y las zonas urbanas vulnerables.<\/p>\n\n\n\n<p>La actividad mar\u00edtima se ver\u00e1 restringida debido a un pron\u00f3stico de<strong> oleaje elevado que podr\u00eda alcanzar hasta los 5 metros de altura en el Golfo de Tehuantepec<\/strong>. En las costas de Veracruz, Tabasco, Campeche y Quintana Roo, <strong>las olas mantendr\u00e1n una altura de entre 3 y 4 metros<\/strong>, representando un riesgo latente para las embarcaciones menores y actividades de playa.<\/p>\n\n\n\n<p>Se recomienda a la navegaci\u00f3n mar\u00edtima extremar las precauciones necesarias y atender los cierres de puertos que se determinen para evitar incidentes fatales por el impacto del mar.<\/p>\n\n\n\n<h2 class=\"wp-block-heading\">Temperaturas g\u00e9lidas con heladas en el Centro y Norte<\/h2>\n\n\n\n<p>A\u00fan se siente un ambiente fr\u00edo sobre el Centro y Norte, <strong>con posibles heladas al amanecer en zonas monta\u00f1osas, de valle y en el Eje Neovolc\u00e1nico. <\/strong>Estas bajas temperaturas ser\u00e1n m\u00e1s g\u00e9lidas hacia la noche una ve que masa de aire polar que impulsa al frente comience a extenderse sobre dichas regiones.<\/p>\n\n\n\n<figure class=\"wp-block-image size-full\"><img decoding=\"async\" width=\"1024\" height=\"720\" src=\"https:\/\/losperiodistas.com.mx\/portal\/wp-content\/uploads\/2026\/01\/imagen-160.png\" alt=\"\" class=\"wp-image-115502\" srcset=\"https:\/\/losperiodistas.com.mx\/portal\/wp-content\/uploads\/2026\/01\/imagen-160.png 1024w, https:\/\/losperiodistas.com.mx\/portal\/wp-content\/uploads\/2026\/01\/imagen-160-300x211.png 300w, https:\/\/losperiodistas.com.mx\/portal\/wp-content\/uploads\/2026\/01\/imagen-160-768x540.png 768w\" sizes=\"(max-width: 1024px) 100vw, 1024px\" \/><figcaption class=\"wp-element-caption\">Se mantiene un ambiente fr\u00edo y g\u00e9lido, principalmente sobre el Centro y Norte, con posibles heladas al anochecer en zonas monta\u00f1osas, de valle y en el Eje Neovolc\u00e1nico.<\/figcaption><\/figure>\n\n\n\n<p><strong>Temperaturas m\u00ednimas se prev\u00e9n de -15 a -10 \u00b0C con heladas y nieve<\/strong> en sierras de Chihuahua, Sonora y Durango y <strong>temperaturas m\u00ednimas de -9 a 0 \u00b0C con posibles heladas en zonas de valle en <\/strong>Baja California, Nuevo Le\u00f3n, Coahuila, Zacatecas, Guanajuato, Michoac\u00e1n, Estado de M\u00e9xico, Hidalgo, Tlaxcala, Puebla, Veracruz y Oaxaca.<\/p>\n\n\n\n<p><strong>Adem\u00e1s de temperaturas m\u00ednimas de<\/strong><strong> 0 a 5 \u00b0C <\/strong>en zonas de valle y sierra de Aguascalientes, San Luis Potos\u00ed, Jalisco, Quer\u00e9taro, Ciudad de M\u00e9xico, Chiapas y Morelos.<\/p>\n\n\n\n<h3 class=\"wp-block-heading\">Recomendaciones del d\u00eda<\/h3>\n\n\n\n<p>Ante la inminencia de un cambio radical en el estado del tiempo, te invitamos a consultar los pron\u00f3sticos detallados en <strong>Meteored<\/strong> para planificar tus festejos con seguridad. Es vital mantenerte alerta y seguir estrictamente las recomendaciones de las autoridades de <strong>Protecci\u00f3n Civil<\/strong> para evitar riesgos innecesarios.<\/p>\n\n\n\n<p>No permitas que el tiempo te tome por sorpresa: inf\u00f3rmate, toma precauciones y evita incidentes.<\/p>\n\n\n\n<ul class=\"wp-block-list\">\n<li>Para prevenir enfermarse durante la temporada de fr\u00edo<strong>,<\/strong> debemos estar preparados y saber que d\u00edas tenemos que <strong>abrigarnos m\u00e1s, usar calefacci\u00f3n y ventilar adecuadamente<\/strong><strong>, evitar conducir o transitar por carreteras resbaladizas<\/strong><strong>,<\/strong> as\u00ed como <strong>proteger a nuestras mascotas, el ganado, la siembra y otro tipo de plantas.<\/strong><\/li>\n\n\n\n<li>Recordemos estar <strong>atentos a la intensidad de los vientos<\/strong>, ya que de registrar una fuerte r\u00e1faga, se puede estar en riesgo al caer objetos o bien ser lanzados como proyectiles; es com\u00fan la formaci\u00f3n de torbellinos, tolvaneras o bien tornados, si llegaras a encontrarte en la calle durante uno de estos fen\u00f3menos busca refugio de inmediato en un lugar seguro.<\/li>\n\n\n\n<li><strong>Si las lluvias son constantes durante varios d\u00edas<\/strong> ser\u00e1 un factor importante para el riesgo de inundaciones fluviales o repentinas. Ante esta circunstancia <strong>NUNCA debe cruzar una calle inundada, ni caminar y menos en autom\u00f3vil y procura NO tirar basura y desperdicios en calles o coladeras,<\/strong> ya que suele ser un factor facilitador para inundaciones severas en calles y avenidas.<\/li>\n\n\n\n<li>Para tu seguridad, <strong>ante la presencia de niebla o neblina<\/strong> reduce la velocidad, enciende las luces antiniebla y mant\u00e9n una distancia prudente con otros veh\u00edculos para evitar colisiones por baja visibilidad. Evita usar las luces altas, ya que el reflejo en las gotas de agua puede cegarte, y mantente siempre atento a las se\u00f1alizaciones de las autoridades viales.<\/li>\n<\/ul>\n\n\n\n<p>Fuente: <a href=\"https:\/\/www.meteored.mx\/noticias\/prediccion\/martes-27-de-enero-masa-de-aire-artica-y-frente-frio-mantienen-condiciones-invernales-en-gran-parte-de-mexico.html\" target=\"_blank\" rel=\"noreferrer noopener\">Meteored<\/a><\/p>\n","protected":false},"excerpt":{"rendered":"<p>Frente estacionario sobre el Sur y Sureste y su masa \u00e1rtica, mantienen aguaceros al Sur, lluvias al Oriente y Sureste, un evento de \u00abNorte\u00bb con rachas de hasta 100 km\/h, el fr\u00edo intenso prevalece en el Norte, Centro y partes del Oriente.<\/p>\n","protected":false},"author":1,"featured_media":115500,"comment_status":"open","ping_status":"open","sticky":false,"template":"","format":"standard","meta":{"site-sidebar-layout":"default","site-content-layout":"","ast-site-content-layout":"default","site-content-style":"default","site-sidebar-style":"default","ast-global-header-display":"","ast-banner-title-visibility":"","ast-main-header-display":"","ast-hfb-above-header-display":"","ast-hfb-below-header-display":"","ast-hfb-mobile-header-display":"","site-post-title":"","ast-breadcrumbs-content":"","ast-featured-img":"","footer-sml-layout":"","theme-transparent-header-meta":"","adv-header-id-meta":"","stick-header-meta":"","header-above-stick-meta":"","header-main-stick-meta":"","header-below-stick-meta":"","astra-migrate-meta-layouts":"default","ast-page-background-enabled":"default","ast-page-background-meta":{"desktop":{"background-color":"var(--ast-global-color-4)","background-image":"","background-repeat":"repeat","background-position":"center center","background-size":"auto","background-attachment":"scroll","background-type":"","background-media":"","overlay-type":"","overlay-color":"","overlay-opacity":"","overlay-gradient":""},"tablet":{"background-color":"","background-image":"","background-repeat":"repeat","background-position":"center center","background-size":"auto","background-attachment":"scroll","background-type":"","background-media":"","overlay-type":"","overlay-color":"","overlay-opacity":"","overlay-gradient":""},"mobile":{"background-color":"","background-image":"","background-repeat":"repeat","background-position":"center center","background-size":"auto","background-attachment":"scroll","background-type":"","background-media":"","overlay-type":"","overlay-color":"","overlay-opacity":"","overlay-gradient":""}},"ast-content-background-meta":{"desktop":{"background-color":"var(--ast-global-color-5)","background-image":"","background-repeat":"repeat","background-position":"center center","background-size":"auto","background-attachment":"scroll","background-type":"","background-media":"","overlay-type":"","overlay-color":"","overlay-opacity":"","overlay-gradient":""},"tablet":{"background-color":"var(--ast-global-color-5)","background-image":"","background-repeat":"repeat","background-position":"center center","background-size":"auto","background-attachment":"scroll","background-type":"","background-media":"","overlay-type":"","overlay-color":"","overlay-opacity":"","overlay-gradient":""},"mobile":{"background-color":"var(--ast-global-color-5)","background-image":"","background-repeat":"repeat","background-position":"center center","background-size":"auto","background-attachment":"scroll","background-type":"","background-media":"","overlay-type":"","overlay-color":"","overlay-opacity":"","overlay-gradient":""}},"footnotes":""},"categories":[8],"tags":[45728,45727,45726,45729],"class_list":["post-115499","post","type-post","status-publish","format-standard","has-post-thumbnail","hentry","category-noticias","tag-clima-invernal","tag-frente-estacionario","tag-masa-de-aire-artica","tag-temperaturas-gelidas"],"_links":{"self":[{"href":"https:\/\/losperiodistas.com.mx\/portal\/wp-json\/wp\/v2\/posts\/115499","targetHints":{"allow":["GET"]}}],"collection":[{"href":"https:\/\/losperiodistas.com.mx\/portal\/wp-json\/wp\/v2\/posts"}],"about":[{"href":"https:\/\/losperiodistas.com.mx\/portal\/wp-json\/wp\/v2\/types\/post"}],"author":[{"embeddable":true,"href":"https:\/\/losperiodistas.com.mx\/portal\/wp-json\/wp\/v2\/users\/1"}],"replies":[{"embeddable":true,"href":"https:\/\/losperiodistas.com.mx\/portal\/wp-json\/wp\/v2\/comments?post=115499"}],"version-history":[{"count":1,"href":"https:\/\/losperiodistas.com.mx\/portal\/wp-json\/wp\/v2\/posts\/115499\/revisions"}],"predecessor-version":[{"id":115503,"href":"https:\/\/losperiodistas.com.mx\/portal\/wp-json\/wp\/v2\/posts\/115499\/revisions\/115503"}],"wp:featuredmedia":[{"embeddable":true,"href":"https:\/\/losperiodistas.com.mx\/portal\/wp-json\/wp\/v2\/media\/115500"}],"wp:attachment":[{"href":"https:\/\/losperiodistas.com.mx\/portal\/wp-json\/wp\/v2\/media?parent=115499"}],"wp:term":[{"taxonomy":"category","embeddable":true,"href":"https:\/\/losperiodistas.com.mx\/portal\/wp-json\/wp\/v2\/categories?post=115499"},{"taxonomy":"post_tag","embeddable":true,"href":"https:\/\/losperiodistas.com.mx\/portal\/wp-json\/wp\/v2\/tags?post=115499"}],"curies":[{"name":"wp","href":"https:\/\/api.w.org\/{rel}","templated":true}]}}