{"id":115496,"date":"2026-01-27T22:52:04","date_gmt":"2026-01-28T04:52:04","guid":{"rendered":"https:\/\/losperiodistas.com.mx\/portal\/?p=115496"},"modified":"2026-01-27T22:52:05","modified_gmt":"2026-01-28T04:52:05","slug":"puebla-tendra-nuevo-periferico-gobernador-da-detalles-de-la-obra-unotv","status":"publish","type":"post","link":"https:\/\/losperiodistas.com.mx\/portal\/puebla-tendra-nuevo-periferico-gobernador-da-detalles-de-la-obra-unotv\/","title":{"rendered":"Puebla tendr\u00e1 nuevo Perif\u00e9rico: gobernador da detalles de la obra | UnoTV"},"content":{"rendered":"\n<p><strong>En Puebla<\/strong>, se anunci\u00f3 la construcci\u00f3n del <strong>nuevo Perif\u00e9rico 5 de Mayo,<\/strong> el cual ayudar\u00e1 a reducir el tr\u00e1fico en la capital y en el \u00e1rea conurbada.<\/p>\n\n\n\n<figure class=\"wp-block-image size-large\"><img fetchpriority=\"high\" decoding=\"async\" width=\"1024\" height=\"642\" src=\"https:\/\/losperiodistas.com.mx\/portal\/wp-content\/uploads\/2026\/01\/Periferico5-1024x642.jpeg\" alt=\"\" class=\"wp-image-115497\" srcset=\"https:\/\/losperiodistas.com.mx\/portal\/wp-content\/uploads\/2026\/01\/Periferico5-1024x642.jpeg 1024w, https:\/\/losperiodistas.com.mx\/portal\/wp-content\/uploads\/2026\/01\/Periferico5-300x188.jpeg 300w, https:\/\/losperiodistas.com.mx\/portal\/wp-content\/uploads\/2026\/01\/Periferico5-768x482.jpeg 768w, https:\/\/losperiodistas.com.mx\/portal\/wp-content\/uploads\/2026\/01\/Periferico5.jpeg 1280w\" sizes=\"(max-width: 1024px) 100vw, 1024px\" \/><figcaption class=\"wp-element-caption\">En Puebla, se construir\u00e1 el nuevo Perif\u00e9rico 5 de Mayo. Foto: Gobierno Puebla<\/figcaption><\/figure>\n\n\n\n<p class=\"has-vivid-red-color has-text-color has-link-color wp-elements-b4823951da9b4aa285f52f1a9d643528\">E. Santiago \/ UnoTV<\/p>\n\n\n\n<h2 class=\"wp-block-heading\" id=\"h-que-se-sabe-del-nuevo-periferico-5-de-mayo\">\u00bfQu\u00e9 se sabe del nuevo Perif\u00e9rico 5 de Mayo?<\/h2>\n\n\n\n<p>El gobernador Alejandro Armenta explic\u00f3 que el <strong>nuevo Perif\u00e9rico 5 de Mayo conectar\u00e1 el Outlet<\/strong>, Volkswagen, Canoa, La Resurrecci\u00f3n y Chachapa, en el municipio de Amozoc.<\/p>\n\n\n\n<p>La otra conexi\u00f3n ir\u00e1 de <strong>Flor del Bosque a la Universidad de las Ciencias Policiales (UCIPS)<\/strong> y concluir\u00e1 en el aut\u00f3dromo Miguel E. Abed, tambi\u00e9n en Amozoc, con el objetivo de resolver el problema vial.<\/p>\n\n\n\n<blockquote class=\"wp-block-quote is-layout-flow wp-block-quote-is-layout-flow\">\n<p>\u201cYa tenemos los trazos; vamos a hacer una reuni\u00f3n con los presidentes municipales para que nos ayuden con el derecho de v\u00eda. Es la visi\u00f3n que se tiene, obras monumentales. El perif\u00e9rico que hicieron se tardaron cinco sexenios\u201d, declar\u00f3.<\/p>\n<\/blockquote>\n\n\n\n<ul class=\"wp-block-list\">\n<li>En ese sentido, el gobernador explic\u00f3 que <strong>la obra iniciar\u00e1 en 2026<\/strong> y tardar\u00e1 de uno a dos a\u00f1os. Adem\u00e1s, adelant\u00f3 que se realizar\u00e1 una <strong>ciclov\u00eda<\/strong> alrededor del nuevo Perif\u00e9rico, la cual ser\u00e1 la m\u00e1s grande de M\u00e9xico.<\/li>\n<\/ul>\n\n\n\n<h2 class=\"wp-block-heading\" id=\"h-mueve-piezas-en-el-gabinete-de-armenta\">Mueve piezas en el Gabinete de Armenta<\/h2>\n\n\n\n<p>En otro tema, el Gabinete del Estado de Puebla registr\u00f3 movimientos, los cuales quedaron de la siguiente manera:<\/p>\n\n\n\n<ul class=\"wp-block-list\">\n<li>Rebeca Ba\u00f1uelos Guadarrama, a la Comisi\u00f3n Estatal de Agua y Saneamiento del Estado de Puebla (CEASPUE)<\/li>\n\n\n\n<li>Mayra Lizeth Orellana Caballero, a la Secretar\u00eda de Medio Ambiente<\/li>\n\n\n\n<li>Alberto Jim\u00e9nez Merino, al Centro de Investigaci\u00f3n y Estudios de Posgrado en Ciencias Sociales y Humanidades<\/li>\n\n\n\n<li>Stephanie P\u00e9rez Calder\u00f3n, a Finanzas de Puebla<\/li>\n\n\n\n<li>Josefina Morales Guerrero, al Sistema Operador de los Servicios de Agua Potable y Alcantarillado de Puebla (SOAPAP)<\/li>\n<\/ul>\n\n\n\n<figure class=\"wp-block-embed is-type-rich is-provider-twitter wp-block-embed-twitter\"><div class=\"wp-block-embed__wrapper\">\nhttps:\/\/twitter.com\/Gob_Puebla\/status\/2015870298252255290\n<\/div><\/figure>\n\n\n\n<p>Fuente: <a href=\"https:\/\/www.unotv.com\/estados\/puebla\/puebla-tendra-nuevo-periferico-gobernador-da-detalles-de-la-obra\/\" target=\"_blank\" rel=\"noreferrer noopener\">UnoTV<\/a><\/p>\n","protected":false},"excerpt":{"rendered":"<p>En Puebla, se anunci\u00f3 la construcci\u00f3n del nuevo Perif\u00e9rico 5 de Mayo, el cual ayudar\u00e1 a reducir el tr\u00e1fico en la capital y en el \u00e1rea conurbada.<\/p>\n","protected":false},"author":1,"featured_media":115497,"comment_status":"open","ping_status":"open","sticky":false,"template":"","format":"standard","meta":{"site-sidebar-layout":"default","site-content-layout":"","ast-site-content-layout":"default","site-content-style":"default","site-sidebar-style":"default","ast-global-header-display":"","ast-banner-title-visibility":"","ast-main-header-display":"","ast-hfb-above-header-display":"","ast-hfb-below-header-display":"","ast-hfb-mobile-header-display":"","site-post-title":"","ast-breadcrumbs-content":"","ast-featured-img":"","footer-sml-layout":"","theme-transparent-header-meta":"","adv-header-id-meta":"","stick-header-meta":"","header-above-stick-meta":"","header-main-stick-meta":"","header-below-stick-meta":"","astra-migrate-meta-layouts":"default","ast-page-background-enabled":"default","ast-page-background-meta":{"desktop":{"background-color":"var(--ast-global-color-4)","background-image":"","background-repeat":"repeat","background-position":"center center","background-size":"auto","background-attachment":"scroll","background-type":"","background-media":"","overlay-type":"","overlay-color":"","overlay-opacity":"","overlay-gradient":""},"tablet":{"background-color":"","background-image":"","background-repeat":"repeat","background-position":"center center","background-size":"auto","background-attachment":"scroll","background-type":"","background-media":"","overlay-type":"","overlay-color":"","overlay-opacity":"","overlay-gradient":""},"mobile":{"background-color":"","background-image":"","background-repeat":"repeat","background-position":"center center","background-size":"auto","background-attachment":"scroll","background-type":"","background-media":"","overlay-type":"","overlay-color":"","overlay-opacity":"","overlay-gradient":""}},"ast-content-background-meta":{"desktop":{"background-color":"var(--ast-global-color-5)","background-image":"","background-repeat":"repeat","background-position":"center center","background-size":"auto","background-attachment":"scroll","background-type":"","background-media":"","overlay-type":"","overlay-color":"","overlay-opacity":"","overlay-gradient":""},"tablet":{"background-color":"var(--ast-global-color-5)","background-image":"","background-repeat":"repeat","background-position":"center center","background-size":"auto","background-attachment":"scroll","background-type":"","background-media":"","overlay-type":"","overlay-color":"","overlay-opacity":"","overlay-gradient":""},"mobile":{"background-color":"var(--ast-global-color-5)","background-image":"","background-repeat":"repeat","background-position":"center center","background-size":"auto","background-attachment":"scroll","background-type":"","background-media":"","overlay-type":"","overlay-color":"","overlay-opacity":"","overlay-gradient":""}},"footnotes":""},"categories":[8],"tags":[10446,45724,22284,45725,9442,45721,45723,45722,950],"class_list":["post-115496","post","type-post","status-publish","format-standard","has-post-thumbnail","hentry","category-noticias","tag-amozoc","tag-canoa","tag-chachapa","tag-flor-del-bosque","tag-la-resurreccion","tag-nuevo-periferico","tag-outlet","tag-reducir-trafico","tag-volkswagen"],"_links":{"self":[{"href":"https:\/\/losperiodistas.com.mx\/portal\/wp-json\/wp\/v2\/posts\/115496","targetHints":{"allow":["GET"]}}],"collection":[{"href":"https:\/\/losperiodistas.com.mx\/portal\/wp-json\/wp\/v2\/posts"}],"about":[{"href":"https:\/\/losperiodistas.com.mx\/portal\/wp-json\/wp\/v2\/types\/post"}],"author":[{"embeddable":true,"href":"https:\/\/losperiodistas.com.mx\/portal\/wp-json\/wp\/v2\/users\/1"}],"replies":[{"embeddable":true,"href":"https:\/\/losperiodistas.com.mx\/portal\/wp-json\/wp\/v2\/comments?post=115496"}],"version-history":[{"count":1,"href":"https:\/\/losperiodistas.com.mx\/portal\/wp-json\/wp\/v2\/posts\/115496\/revisions"}],"predecessor-version":[{"id":115498,"href":"https:\/\/losperiodistas.com.mx\/portal\/wp-json\/wp\/v2\/posts\/115496\/revisions\/115498"}],"wp:featuredmedia":[{"embeddable":true,"href":"https:\/\/losperiodistas.com.mx\/portal\/wp-json\/wp\/v2\/media\/115497"}],"wp:attachment":[{"href":"https:\/\/losperiodistas.com.mx\/portal\/wp-json\/wp\/v2\/media?parent=115496"}],"wp:term":[{"taxonomy":"category","embeddable":true,"href":"https:\/\/losperiodistas.com.mx\/portal\/wp-json\/wp\/v2\/categories?post=115496"},{"taxonomy":"post_tag","embeddable":true,"href":"https:\/\/losperiodistas.com.mx\/portal\/wp-json\/wp\/v2\/tags?post=115496"}],"curies":[{"name":"wp","href":"https:\/\/api.w.org\/{rel}","templated":true}]}}