{"id":115488,"date":"2026-01-27T21:34:21","date_gmt":"2026-01-28T03:34:21","guid":{"rendered":"https:\/\/losperiodistas.com.mx\/portal\/?p=115488"},"modified":"2026-01-27T21:34:22","modified_gmt":"2026-01-28T03:34:22","slug":"juan-pablo-cisneros-madrid-sera-el-nuevo-presidente-del-cce-tras-ganar-la-eleccion-el-sol-de-puebla","status":"publish","type":"post","link":"https:\/\/losperiodistas.com.mx\/portal\/juan-pablo-cisneros-madrid-sera-el-nuevo-presidente-del-cce-tras-ganar-la-eleccion-el-sol-de-puebla\/","title":{"rendered":"Juan Pablo Cisneros Madrid ser\u00e1 el nuevo presidente del CCE tras ganar la elecci\u00f3n | El Sol de Puebla"},"content":{"rendered":"\n<p>El propietario de las pasteler\u00edas La Zarza logr\u00f3 24 de los 38 votos posibles para representar a los empresarios en Puebla<\/p>\n\n\n\n<figure class=\"wp-block-image size-large\"><img fetchpriority=\"high\" decoding=\"async\" width=\"1024\" height=\"575\" src=\"https:\/\/losperiodistas.com.mx\/portal\/wp-content\/uploads\/2026\/01\/JuanPabloCisnerosMadrid-1024x575.png\" alt=\"\" class=\"wp-image-115489\" srcset=\"https:\/\/losperiodistas.com.mx\/portal\/wp-content\/uploads\/2026\/01\/JuanPabloCisnerosMadrid-1024x575.png 1024w, https:\/\/losperiodistas.com.mx\/portal\/wp-content\/uploads\/2026\/01\/JuanPabloCisnerosMadrid-300x169.png 300w, https:\/\/losperiodistas.com.mx\/portal\/wp-content\/uploads\/2026\/01\/JuanPabloCisnerosMadrid-768x432.png 768w, https:\/\/losperiodistas.com.mx\/portal\/wp-content\/uploads\/2026\/01\/JuanPabloCisnerosMadrid.png 1358w\" sizes=\"(max-width: 1024px) 100vw, 1024px\" \/><figcaption class=\"wp-element-caption\">Juan Pablo Cisneros Madrid, presidente electo del Consejo Coordinador Empresarial (CCE) de Puebla. \/ Foto: Daniel Casas \/ El Sol de Puebla<\/figcaption><\/figure>\n\n\n\n<p class=\"has-vivid-red-color has-text-color has-link-color wp-elements-25c801aaa3d1d5b7e69279b2ca8220ed\">Javier Zambrano \/ El Sol de Puebla<\/p>\n\n\n\n<p><strong>Juan Pablo Cisneros Madrid<\/strong> gan\u00f3 las elecciones del <strong>Consejo Coordinador Empresarial (CCE) de Puebla<\/strong>, celebradas este martes, y se convertir\u00e1 en el nuevo presidente del organismo para el periodo 2026\u20132028. Se impuso al constructor <strong>Luis Alberto Moreno G\u00f3mez Monroy<\/strong> en un proceso calificado por diversos sectores como uno de los m\u00e1s abiertos, competidos y participativos en la historia reciente del empresariado poblano.<\/p>\n\n\n\n<p>Durante la Asamblea Anual Ordinaria del CCE, el expresidente de la <strong>C\u00e1mara Nacional de Comercio, Servicios y Turismo (Canaco) Puebla<\/strong> y propietario de las <strong>pasteler\u00edas La Zarza<\/strong> obtuvo 24 de los 38 votos posibles. Con ello alcanz\u00f3 la mayor\u00eda requerida dentro del proceso interno y asegur\u00f3 el respaldo necesario para encabezar el principal <strong>organismo c\u00fapula del sector privado en el estado<\/strong>.<\/p>\n\n\n\n<p>Entre los organismos empresariales que le otorgaron su voto de confianza se encuentran la C\u00e1mara Nacional de la Industria de la Transformaci\u00f3n <strong>(Canacintra),<\/strong> el Consejo Coordinador de Mujeres Empresarias <strong>(CCME),<\/strong> la Asociaci\u00f3n Mexicana de Distribuidores de Automotores (AMDA), la Confederaci\u00f3n Patronal de la Rep\u00fablica Mexicana <strong>(Coparmex)<\/strong> y la C\u00e1mara Nacional de la Industria de las Artes Gr\u00e1ficas <strong>(Canagraf),<\/strong> entre otras.<\/p>\n\n\n\n<h3 class=\"wp-block-heading\">\u201cLos organismos \u2018peque\u00f1os\u2019 son los responsables de mi triunfo\u201d<\/h3>\n\n\n\n<p>Tras quedar electo, Cisneros Madrid ofreci\u00f3 una rueda de prensa en la que <strong>agradeci\u00f3 de manera especial el respaldo de los organismos tradicionalmente catalogados como peque\u00f1os<\/strong>. Subray\u00f3 que su uni\u00f3n y participaci\u00f3n activa fueron determinantes para su triunfo en la contienda.<\/p>\n\n\n\n<p>Sostuvo que este proceso dej\u00f3 <strong>una lecci\u00f3n clara para el empresariado poblano: cuando los organismos se organizan, dialogan y act\u00faan<\/strong> con un objetivo com\u00fan, su capacidad de <strong>incidencia es real y efectiva<\/strong>. Destac\u00f3 que su proyecto gener\u00f3 confianza entre c\u00e1maras y asociaciones que, en procesos anteriores, hab\u00edan sido relegadas de la toma de decisiones.<\/p>\n\n\n\n<blockquote class=\"wp-block-quote is-layout-flow wp-block-quote-is-layout-flow\">\n<p><q>Ellos fueron parte fundamental de que hoy estemos como presidente electo. Hay que cambiar la visi\u00f3n: si un organismo no tiene el desarrollo suficiente para estar proponiendo en la mesa, lo estaremos acompa\u00f1ando en su proceso de desarrollo. La respuesta es clara: no m\u00e1s organismos peque\u00f1os; son organismos y tienen que alzar la voz,<\/q>expres\u00f3.<\/p>\n<\/blockquote>\n\n\n\n<p>Dej\u00f3 en claro que <strong>su gesti\u00f3n no estar\u00e1 marcada por intereses personales o de grupo,<\/strong> sino por un enfoque colaborativo y de construcci\u00f3n colectiva. En \u00e9l, el CCE trabajar\u00e1 con la sociedad, el sector empresarial, el gobierno y la academia.<\/p>\n\n\n\n<p>Afirm\u00f3 que <strong>el Consejo debe asumir un papel de interlocutor serio, t\u00e9cnico y comprometido<\/strong>, con capacidad no solo para se\u00f1alar problemas, sino para construir soluciones viables y sostenibles para el desarrollo econ\u00f3mico y social de Puebla.<\/p>\n\n\n\n<blockquote class=\"wp-block-quote is-layout-flow wp-block-quote-is-layout-flow\">\n<p><q>Hoy el CCE vive un momento hist\u00f3rico no porque concluya una elecci\u00f3n, sino porque demostr\u00f3 que puede dialogar, organizarse y decidirse con madurez democr\u00e1tica. Fue una contienda plural, abierta y leg\u00edtima. El mensaje que hoy env\u00eda el empresariado es claro: la unidad est\u00e1 por encima de cualquier inter\u00e9s personal o de grupo,<\/q>&nbsp;subray\u00f3.<\/p>\n<\/blockquote>\n\n\n\n<p>Precis\u00f3 que <strong>su relaci\u00f3n con los distintos niveles de gobierno se dar\u00e1 desde una posici\u00f3n aut\u00f3noma, institucional y propositiva<\/strong>, manteniendo la independencia del sector empresarial, pero privilegiando el di\u00e1logo permanente y la coordinaci\u00f3n efectiva.<\/p>\n\n\n\n<figure class=\"wp-block-embed is-type-rich is-provider-twitter wp-block-embed-twitter\"><div class=\"wp-block-embed__wrapper\">\n<blockquote class=\"twitter-tweet\" data-width=\"500\" data-dnt=\"true\"><p lang=\"es\" dir=\"ltr\">. <a href=\"https:\/\/x.com\/HectorASanchezM?ref_src=twsrc%5Etfw\">@HectorASanchezM<\/a>, presidente saliente del <a href=\"https:\/\/x.com\/CCEPuebla?ref_src=twsrc%5Etfw\">@CCEPuebla<\/a>, confirma que <a href=\"https:\/\/x.com\/JPCISNEROSM?ref_src=twsrc%5Etfw\">@JPCISNEROSM<\/a> ser\u00e1 el pr\u00f3ximo representante de la c\u00fapula empresarial de <a href=\"https:\/\/x.com\/hashtag\/Puebla?src=hash&amp;ref_src=twsrc%5Etfw\">#Puebla<\/a>. <br><br>\ud83d\udcfd\ufe0f <a href=\"https:\/\/x.com\/PaisanoZambrano?ref_src=twsrc%5Etfw\">@PaisanoZambrano<\/a> <a href=\"https:\/\/t.co\/SMtPcQaWeI\">pic.twitter.com\/SMtPcQaWeI<\/a><\/p>&mdash; El Sol de Puebla (@elsoldepuebla1) <a href=\"https:\/\/x.com\/elsoldepuebla1\/status\/2016278533929066876?ref_src=twsrc%5Etfw\">January 27, 2026<\/a><\/blockquote><script async src=\"https:\/\/platform.x.com\/widgets.js\" charset=\"utf-8\"><\/script>\n<\/div><\/figure>\n\n\n\n<h3 class=\"wp-block-heading\">Un proyecto que integrar\u00e1 propuestas y visiones<\/h3>\n\n\n\n<p>Cisneros Madrid adelant\u00f3 que <strong>su plan de trabajo se nutrir\u00e1 con las propuestas y aportaciones de los dem\u00e1s candidatos<\/strong> que participaron en la contienda, as\u00ed como de los organismos que integran el Consejo.<\/p>\n\n\n\n<p>Explic\u00f3 que analizar\u00e1 los planteamientos presentados por <strong>Herberto Rodr\u00edguez Regordosa y Luis Alberto Moreno G\u00f3mez Monroy<\/strong>. El objetivo es incorporar aquellos elementos que fortalezcan la agenda del CCE y respondan a los nuevos desaf\u00edos del entorno econ\u00f3mico.<\/p>\n\n\n\n<blockquote class=\"wp-block-quote is-layout-flow wp-block-quote-is-layout-flow\">\n<p><q>El trabajo de Herberto y de Beto Moreno ser\u00e1 analizado e incluido. Lo que yo present\u00e9 es una gu\u00eda; debe ser nutrida porque el CCE evoluciona y demanda cambios, innovaci\u00f3n, tecnolog\u00eda y desarrollo. Todo lo que sume es bienvenido,<\/q>&nbsp;afirm\u00f3.<\/p>\n<\/blockquote>\n\n\n\n<p>Asimismo, se\u00f1al\u00f3 que <strong>se revisar\u00e1n los estatutos y reglas internas del organismo<\/strong>, al considerar que la evoluci\u00f3n del sector empresarial exige una actualizaci\u00f3n de <strong>los marcos normativos que regulan su operaci\u00f3n<\/strong> y sus procesos de renovaci\u00f3n interna.<\/p>\n\n\n\n<h3 class=\"wp-block-heading\">Presidente saliente reconoce el esfuerzo y cierra filas<\/h3>\n\n\n\n<p>En el acto estuvo presente <strong>H\u00e9ctor Alberto S\u00e1nchez Morales<\/strong>, presidente saliente del CCE Puebla, quien reconoci\u00f3 el esfuerzo, la dedicaci\u00f3n y la campa\u00f1a realizada por <strong>Cisneros Madrid<\/strong>. Asegur\u00f3 que el sector empresarial cerrar\u00e1 filas en torno al nuevo liderazgo.<\/p>\n\n\n\n<p>\u201c<strong><em>Todos los organismos que conformamos el CCE participamos de forma activa. Para nosotros fue un proceso muy importante. Dejo la dirigencia del Consejo a partir de hoy, y la toma de protesta se definir\u00e1 en conjunto con el presidente electo<\/em><\/strong>\u201d, se\u00f1al\u00f3.<\/p>\n\n\n\n<figure class=\"wp-block-image size-large\"><img decoding=\"async\" width=\"1024\" height=\"575\" src=\"https:\/\/losperiodistas.com.mx\/portal\/wp-content\/uploads\/2026\/01\/imagen-157-1024x575.png\" alt=\"\" class=\"wp-image-115490\" srcset=\"https:\/\/losperiodistas.com.mx\/portal\/wp-content\/uploads\/2026\/01\/imagen-157-1024x575.png 1024w, https:\/\/losperiodistas.com.mx\/portal\/wp-content\/uploads\/2026\/01\/imagen-157-300x169.png 300w, https:\/\/losperiodistas.com.mx\/portal\/wp-content\/uploads\/2026\/01\/imagen-157-768x431.png 768w, https:\/\/losperiodistas.com.mx\/portal\/wp-content\/uploads\/2026\/01\/imagen-157.png 1200w\" sizes=\"(max-width: 1024px) 100vw, 1024px\" \/><figcaption class=\"wp-element-caption\">Juan Pablo Cisneros Madrid, presidente electo, y H\u00e9ctor Alberto S\u00e1nchez Morales, presidente saliente del CCE Puebla. \/ Foto: Daniel Casas \/ El Sol de Puebla<\/figcaption><\/figure>\n\n\n\n<p>S\u00e1nchez Morales destac\u00f3 que <strong>el proceso permiti\u00f3 enviar un mensaje de unidad a la sociedad y a los distintos actores<\/strong> con los que el CCE mantiene relaci\u00f3n, como los tres niveles de gobierno, la academia, los sindicatos, la Iglesia y la sociedad civil.<\/p>\n\n\n\n<blockquote class=\"wp-block-quote is-layout-flow wp-block-quote-is-layout-flow\">\n<p><q>Quiero felicitar a Juan Pablo Cisneros que ha salido electo en este proceso. Todos los organismos cerramos filas; la comunicaci\u00f3n con \u00e9l ha sido apoyar en su totalidad al presidente electo. Hicieron una gran campa\u00f1a, un gran esfuerzo por proyectar al CCE,<\/q>&nbsp;afirm\u00f3.<\/p>\n<\/blockquote>\n\n\n\n<p>El presidente saliente asegur\u00f3 que <strong>deja un Consejo fuerte, financieramente estable y con una reglamentaci\u00f3n s\u00f3lida<\/strong> que permitir\u00e1 dar continuidad al trabajo institucional. Tambi\u00e9n reconoci\u00f3 la participaci\u00f3n de <strong>Luis Alberto Moreno G\u00f3mez Monroy y Herberto Rodr\u00edguez Regordosa<\/strong> en la contienda.<\/p>\n\n\n\n<h3 class=\"wp-block-heading\">Un CCE con falta de comunicaci\u00f3n interna y estructura obsoleta<\/h3>\n\n\n\n<p>Durante el proceso electoral, distintos organismos empresariales y candidatos coincidieron en se\u00f1alar que <strong>el CCE arrastra problemas estructurales<\/strong> que han limitado su capacidad de incidencia en el desarrollo econ\u00f3mico del estado.<\/p>\n\n\n\n<p>Entre las principales cr\u00edticas se mencion\u00f3 <strong>la falta de comunicaci\u00f3n interna, la ausencia de trabajo en equipo y una estructura obsoleta<\/strong> que ya no responde a las necesidades actuales del sector empresarial.<\/p>\n\n\n\n<p>Se afirm\u00f3 que al interior del Consejo ha prevalecido <strong>una din\u00e1mica fragmentada en la que cada c\u00e1mara prioriza intereses particulares<\/strong>. Esto ha debilitado la construcci\u00f3n de una agenda com\u00fan y ha restado fuerza a la representaci\u00f3n empresarial ante las autoridades.<\/p>\n\n\n\n<p>Asimismo, se advirti\u00f3 que esta situaci\u00f3n ha tenido consecuencias visibles en <strong>el desempe\u00f1o econ\u00f3mico de Puebla,<\/strong> que en los \u00faltimos a\u00f1os ha sido superado por otras entidades en crecimiento, inversi\u00f3n y generaci\u00f3n de oportunidades.<\/p>\n\n\n\n<figure class=\"wp-block-image size-large\"><img decoding=\"async\" width=\"1024\" height=\"575\" src=\"https:\/\/losperiodistas.com.mx\/portal\/wp-content\/uploads\/2026\/01\/imagen-158-1024x575.png\" alt=\"\" class=\"wp-image-115491\" srcset=\"https:\/\/losperiodistas.com.mx\/portal\/wp-content\/uploads\/2026\/01\/imagen-158-1024x575.png 1024w, https:\/\/losperiodistas.com.mx\/portal\/wp-content\/uploads\/2026\/01\/imagen-158-300x169.png 300w, https:\/\/losperiodistas.com.mx\/portal\/wp-content\/uploads\/2026\/01\/imagen-158-768x431.png 768w, https:\/\/losperiodistas.com.mx\/portal\/wp-content\/uploads\/2026\/01\/imagen-158.png 1200w\" sizes=\"(max-width: 1024px) 100vw, 1024px\" \/><figcaption class=\"wp-element-caption\">Luis Alberto Moreno G\u00f3mez Monroy no logr\u00f3 mayor\u00eda en la elecci\u00f3n del CCE. \/ Foto: Daniel Casas \/ El Sol de Puebla<\/figcaption><\/figure>\n\n\n\n<h3 class=\"wp-block-heading\">As\u00ed se vivi\u00f3 el proceso electoral<\/h3>\n\n\n\n<p>El proceso para renovar la presidencia del CCE inici\u00f3 con <strong>cuatro aspirantes: Juan Pablo Cisneros Madrid, Luis Alberto Moreno G\u00f3mez Monroy, Mariano Luna T\u00e9llez y Herberto Rodr\u00edguez Regordosa.<\/strong><\/p>\n\n\n\n<p>Sin embargo, Mariano Luna qued\u00f3 fuera de la contienda al <strong>no recibir su carta de contendiente por falta de documentaci\u00f3n<\/strong>, mientras que Herberto Rodr\u00edguez decidi\u00f3 <strong>declinar el viernes previo a la elecci\u00f3n,<\/strong> al concluir el periodo de campa\u00f1as.<\/p>\n\n\n\n<p>En medio del proceso surgieron <strong>se\u00f1alamientos y descalificaciones<\/strong>, incluyendo acusaciones sobre supuestas <strong>filiaciones ideol\u00f3gicas o intentos de grupos de poder<\/strong> por mantener el control del organismo, lo que tens\u00f3 el ambiente electoral.<\/p>\n\n\n\n<p>Pese a ello, representantes de diversos organismos coincidieron en que <strong>se trat\u00f3 de una elecci\u00f3n diferente, con mayor inclusi\u00f3n<\/strong>, di\u00e1logo y acercamiento a sectores tradicionalmente marginados.<\/p>\n\n\n\n<h3 class=\"wp-block-heading\">Peticiones de los organismos empresariales<\/h3>\n\n\n\n<p>De cara al nuevo periodo, los organismos empresariales coincidieron en que <strong>el reto principal ser\u00e1 traducir la apertura observada durante el proceso electoral<\/strong> en una inclusi\u00f3n real y permanente dentro de la vida interna del CCE.<\/p>\n\n\n\n<p>Entre las principales exigencias se encuentra garantizar <strong>una representaci\u00f3n aut\u00e9ntica de todos los sectores<\/strong>, incorporar de manera transversal la perspectiva de g\u00e9nero, fortalecer la interlocuci\u00f3n con el gobierno y consolidar la unidad del sector empresarial.<\/p>\n\n\n\n<p>Tambi\u00e9n se subray\u00f3 la necesidad de <strong>fortalecer las finanzas del Consejo,<\/strong> generar ingresos propios y ampliar su capacidad operativa, as\u00ed como asegurar que <strong>los organismos con un solo voto sean tomados en cuenta de manera efectiva<\/strong>.<\/p>\n\n\n\n<h3 class=\"wp-block-heading\">Plan de trabajo y trayectoria<\/h3>\n\n\n\n<p>El plan de trabajo de Cisneros Madrid se sustenta en <strong>seis ejes estrat\u00e9gicos:<\/strong><\/p>\n\n\n\n<ul class=\"wp-block-list\">\n<li>Fortalecimiento de la unidad y cohesi\u00f3n institucional<\/li>\n\n\n\n<li>Seguridad como condici\u00f3n indispensable para la operaci\u00f3n productiva y la inversi\u00f3n<\/li>\n\n\n\n<li>Impulso al desarrollo econ\u00f3mico, la competitividad y la inversi\u00f3n responsable, con \u00e9nfasis en la integraci\u00f3n de las micro, peque\u00f1as y medianas empresas a las cadenas de valor y al nearshoring<\/li>\n\n\n\n<li>Agenda firme de mejora regulatoria y certidumbre jur\u00eddica<\/li>\n\n\n\n<li>Fortalecimiento de la gobernanza p\u00fablico-privada para transitar de una gesti\u00f3n reactiva a una construcci\u00f3n colaborativa de pol\u00edticas p\u00fablicas<\/li>\n\n\n\n<li>Agenda permanente de foros estrat\u00e9gicos y de prospectiva, en coordinaci\u00f3n con universidades y organismos empresariales.<\/li>\n<\/ul>\n\n\n\n<p>Juan Pablo Cisneros Madrid es <strong>empresario poblano con m\u00e1s de dos d\u00e9cadas de experiencia.<\/strong> Es Ingeniero en Electr\u00f3nica y Comunicaciones por la <strong>Universidad Iberoamericana Puebla,<\/strong> socio accionista de Pasteler\u00edas La Zarza y expresidente de Canaco Puebla.<\/p>\n\n\n\n<p>Con su llegada al CCE, el empresariado poblano abre una nueva etapa marcada por la inclusi\u00f3n, la unidad y <strong>el reto de convertir el consenso logrado en resultados concretos para el desarrollo econ\u00f3mico y social del estado<\/strong>.<\/p>\n\n\n\n<p>Fuente: <a href=\"https:\/\/oem.com.mx\/elsoldepuebla\/finanzas\/juan-pablo-cisneros-madrid-sera-el-nuevo-presidente-del-cce-tras-ganar-la-eleccion-28000687\" target=\"_blank\" rel=\"noreferrer noopener\">El Sol de Puebla<\/a><\/p>\n","protected":false},"excerpt":{"rendered":"<p>El propietario de las pasteler\u00edas La Zarza logr\u00f3 24 de los 38 votos posibles para representar a los empresarios en Puebla <\/p>\n","protected":false},"author":1,"featured_media":115489,"comment_status":"open","ping_status":"open","sticky":false,"template":"","format":"standard","meta":{"site-sidebar-layout":"default","site-content-layout":"","ast-site-content-layout":"default","site-content-style":"default","site-sidebar-style":"default","ast-global-header-display":"","ast-banner-title-visibility":"","ast-main-header-display":"","ast-hfb-above-header-display":"","ast-hfb-below-header-display":"","ast-hfb-mobile-header-display":"","site-post-title":"","ast-breadcrumbs-content":"","ast-featured-img":"","footer-sml-layout":"","theme-transparent-header-meta":"","adv-header-id-meta":"","stick-header-meta":"","header-above-stick-meta":"","header-main-stick-meta":"","header-below-stick-meta":"","astra-migrate-meta-layouts":"default","ast-page-background-enabled":"default","ast-page-background-meta":{"desktop":{"background-color":"var(--ast-global-color-4)","background-image":"","background-repeat":"repeat","background-position":"center center","background-size":"auto","background-attachment":"scroll","background-type":"","background-media":"","overlay-type":"","overlay-color":"","overlay-opacity":"","overlay-gradient":""},"tablet":{"background-color":"","background-image":"","background-repeat":"repeat","background-position":"center center","background-size":"auto","background-attachment":"scroll","background-type":"","background-media":"","overlay-type":"","overlay-color":"","overlay-opacity":"","overlay-gradient":""},"mobile":{"background-color":"","background-image":"","background-repeat":"repeat","background-position":"center center","background-size":"auto","background-attachment":"scroll","background-type":"","background-media":"","overlay-type":"","overlay-color":"","overlay-opacity":"","overlay-gradient":""}},"ast-content-background-meta":{"desktop":{"background-color":"var(--ast-global-color-5)","background-image":"","background-repeat":"repeat","background-position":"center center","background-size":"auto","background-attachment":"scroll","background-type":"","background-media":"","overlay-type":"","overlay-color":"","overlay-opacity":"","overlay-gradient":""},"tablet":{"background-color":"var(--ast-global-color-5)","background-image":"","background-repeat":"repeat","background-position":"center center","background-size":"auto","background-attachment":"scroll","background-type":"","background-media":"","overlay-type":"","overlay-color":"","overlay-opacity":"","overlay-gradient":""},"mobile":{"background-color":"var(--ast-global-color-5)","background-image":"","background-repeat":"repeat","background-position":"center center","background-size":"auto","background-attachment":"scroll","background-type":"","background-media":"","overlay-type":"","overlay-color":"","overlay-opacity":"","overlay-gradient":""}},"footnotes":""},"categories":[8],"tags":[17467,45719,43976,45720],"class_list":["post-115488","post","type-post","status-publish","format-standard","has-post-thumbnail","hentry","category-noticias","tag-elecciones","tag-juan-pablo-cisneros-madrid-2","tag-la-zarza","tag-presidente-del-cce"],"_links":{"self":[{"href":"https:\/\/losperiodistas.com.mx\/portal\/wp-json\/wp\/v2\/posts\/115488","targetHints":{"allow":["GET"]}}],"collection":[{"href":"https:\/\/losperiodistas.com.mx\/portal\/wp-json\/wp\/v2\/posts"}],"about":[{"href":"https:\/\/losperiodistas.com.mx\/portal\/wp-json\/wp\/v2\/types\/post"}],"author":[{"embeddable":true,"href":"https:\/\/losperiodistas.com.mx\/portal\/wp-json\/wp\/v2\/users\/1"}],"replies":[{"embeddable":true,"href":"https:\/\/losperiodistas.com.mx\/portal\/wp-json\/wp\/v2\/comments?post=115488"}],"version-history":[{"count":1,"href":"https:\/\/losperiodistas.com.mx\/portal\/wp-json\/wp\/v2\/posts\/115488\/revisions"}],"predecessor-version":[{"id":115492,"href":"https:\/\/losperiodistas.com.mx\/portal\/wp-json\/wp\/v2\/posts\/115488\/revisions\/115492"}],"wp:featuredmedia":[{"embeddable":true,"href":"https:\/\/losperiodistas.com.mx\/portal\/wp-json\/wp\/v2\/media\/115489"}],"wp:attachment":[{"href":"https:\/\/losperiodistas.com.mx\/portal\/wp-json\/wp\/v2\/media?parent=115488"}],"wp:term":[{"taxonomy":"category","embeddable":true,"href":"https:\/\/losperiodistas.com.mx\/portal\/wp-json\/wp\/v2\/categories?post=115488"},{"taxonomy":"post_tag","embeddable":true,"href":"https:\/\/losperiodistas.com.mx\/portal\/wp-json\/wp\/v2\/tags?post=115488"}],"curies":[{"name":"wp","href":"https:\/\/api.w.org\/{rel}","templated":true}]}}