{"id":115475,"date":"2026-01-27T11:33:04","date_gmt":"2026-01-27T17:33:04","guid":{"rendered":"https:\/\/losperiodistas.com.mx\/portal\/?p=115475"},"modified":"2026-01-27T11:33:19","modified_gmt":"2026-01-27T17:33:19","slug":"opinion-la-visita-presidencial-a-puebla-en-cifras-y-datos","status":"publish","type":"post","link":"https:\/\/losperiodistas.com.mx\/portal\/opinion-la-visita-presidencial-a-puebla-en-cifras-y-datos\/","title":{"rendered":"Opini\u00f3n | La visita presidencial a Puebla en cifras y datos"},"content":{"rendered":"\n<p class=\"has-medium-font-size\">*Avances en seguridad y en da\u00f1os por: CSP; Feria de Tecomatl\u00e1n en febrero<\/p>\n\n\n\n<figure class=\"wp-block-image size-full\"><img fetchpriority=\"high\" decoding=\"async\" width=\"650\" height=\"380\" src=\"https:\/\/losperiodistas.com.mx\/portal\/wp-content\/uploads\/2026\/01\/LA-PRESIDENTA-EN-PUEBLA.jpg\" alt=\"\" class=\"wp-image-115476\" srcset=\"https:\/\/losperiodistas.com.mx\/portal\/wp-content\/uploads\/2026\/01\/LA-PRESIDENTA-EN-PUEBLA.jpg 650w, https:\/\/losperiodistas.com.mx\/portal\/wp-content\/uploads\/2026\/01\/LA-PRESIDENTA-EN-PUEBLA-300x175.jpg 300w\" sizes=\"(max-width: 650px) 100vw, 650px\" \/><figcaption class=\"wp-element-caption\"> Foto: Hazel C\u00e1rdenas \/ Presidencia<\/figcaption><\/figure>\n\n\n\n<p class=\"has-vivid-red-color has-text-color has-link-color has-medium-font-size wp-elements-4865f9003ac6cfcf5a7f44570e7f0aa1\"><strong><em>Por Ra\u00fal Torres Salmer\u00f3n \/ Sin L\u00edmites<\/em><\/strong><\/p>\n\n\n\n<p>En su visita a Puebla, el pasado 22 de enero, la Presidenta Claudia Sheinbaum llev\u00f3 a cabo la conferencia matutina Las Ma\u00f1aneras del Pueblo, que se realiz\u00f3 en la Escuela Militar de Sargentos de Puebla y luego visit\u00f3 Acatzingo.<\/p>\n\n\n\n<p>A continuaci\u00f3n, las cifras de inversi\u00f3n federal y datos de seguridad para Puebla que anunci\u00f3 para este a\u00f1o:<\/p>\n\n\n\n<p>-Para la reconstrucci\u00f3n en los cinco estados afectados por las lluvias intensas de octubre de 2025 se invierten 13 mil millones de pesos (mdp), de los cuales 2 mil 500 mdp se destinan a Puebla.<\/p>\n\n\n\n<p>-Compromiso de la limpieza y reconstrucci\u00f3n en todas las localidades; reconstrucci\u00f3n de carreteras, de obras de agua y drenaje, reconocimiento de los azolves y recuperar cauce de los r\u00edos; diques de contenci\u00f3n, puentes. Censo de vivienda y despu\u00e9s convencer a las familias de su relocalizaci\u00f3n y se le otorgar\u00e1 una vivienda a cada persona.<\/p>\n\n\n\n<p>-Entre 2026 y 2027 se destinar\u00e1n 5 mil millones de pesos para distintas obras como la carretera en la Mixteca, la ampliaci\u00f3n de la caseta de Amozoc, la limpieza del r\u00edo Atoyac, adem\u00e1s de la inversi\u00f3n en todos los Programas para el Bienestar.<\/p>\n\n\n\n<p>-Para la reconstrucci\u00f3n de las zonas afectadas por las lluvias intensas, se invertir\u00e1n 2 mil 56 mdp en 25 acciones en tres kil\u00f3metros (km) de la Red Federal Libre de Peaje; 63 acciones en 612 km de la Red Estatal y la intervenci\u00f3n de 22 puentes con 12 rehabilitaciones, incluyendo El Encinal, Laberinto y Dos Cerros; siete construcciones en Paciotla II, Tlapehuala y Coyutla; as\u00ed como tres ampliaciones de claro en El Tepetate, Xolotla y Ejido Jalpan; las obras comenzar\u00e1n en marzo de este a\u00f1o.<\/p>\n\n\n\n<p>-En los ejes prioritarios, la carretera Cuautla-Tlapa, en 2025 se trabaj\u00f3 en el entronque Palomas a Acatl\u00e1n de Osorio de tres km, mientras que, en 2026, se intervendr\u00e1n los tramos de Jantetelco-Iz\u00facar de Matamoros-El Pitayo-Acatl\u00e1n de Osorio. Banobras realizar\u00e1 la modernizaci\u00f3n de 15 km del tramo Puebla-Amozoc, la reubicaci\u00f3n de la caseta de cobro de Amozoc y la construcci\u00f3n de un viaducto de 1.4 km.<\/p>\n\n\n\n<p>-Se destinan 96 mdp para la construcci\u00f3n de 15 km de caminos artesanales de los cuales, en 2025 se inici\u00f3 con los primeros 5 km con 226 trabajadores y en 2026 ser\u00e1n 10 km para siete caminos cuyos trabajos comenzar\u00e1n en febrero.<\/p>\n\n\n\n<p>-El Mega Bachet\u00f3n incluye mil 228 mdp para pavimentar 381 km, bachear mil 134 km, colocar se\u00f1alamientos en 2 mil 279 km y adem\u00e1s llegar\u00e1 un tren de repavimentaci\u00f3n al estado.<\/p>\n\n\n\n<p>-En Infraestructura Educativa, en 2026 se construir\u00e1 el Bachillerato Tecnol\u00f3gico San Andr\u00e9s Cholula y la Universidad Nacional Rosario Castellanos (UNRC) en la Zona Metropolitana de la entidad.<\/p>\n\n\n\n<p>-En materia h\u00eddrica se contempla intervenir 19 municipios en Puebla a trav\u00e9s de una inversi\u00f3n de 579 mdp para acciones de reconstrucci\u00f3n y reforzamiento de redes de agua potable, la reconstrucci\u00f3n y mejoramiento de los sistemas de drenaje, obras de protecci\u00f3n contra inundaciones, as\u00ed como de desazolve y rectificaci\u00f3n de cauces.<\/p>\n\n\n\n<p>-La Secretaria de Desarrollo Agrario, Territorial y Urbano tiene un diagn\u00f3stico de 20 mil viviendas con da\u00f1os mayores o totales, de los que 2 mil 267 fueron casos con necesidad de relocalizaci\u00f3n en 53 localidades en 11 municipios. Se tiene una reserva territorial de cinco predios del Gobierno Estatal y 10 del Federal. La construcci\u00f3n de las viviendas en los terrenos que ya est\u00e1n listos iniciar\u00e1 en febrero.<\/p>\n\n\n\n<p><strong>SEGURIDAD EN PUEBLA<\/strong><\/p>\n\n\n\n<p>-Con la Estrategia Nacional de Seguridad, en Puebla disminuy\u00f3 en 41 por ciento el promedio diario de v\u00edctimas de homicidio doloso, de septiembre 2024 a diciembre 2025, al pasar de 3.97 a 2.35 homicidios diarios.<\/p>\n\n\n\n<p>-En Puebla, a la fecha se han detenido a mil 365 personas por delitos de alto impacto, se aseguraron 435 armas de fuego, 346 kilos de drogas y se desmantel\u00f3 un laboratorio. Con la Estrategia Nacional contra la Extorsi\u00f3n, la incidencia del delito se redujo en 16.7 por ciento.<\/p>\n\n\n\n<p>-En Puebla el promedio anual de delitos de alto impacto tambi\u00e9n presenta una tendencia a la baja con una reducci\u00f3n del 11 por ciento, respecto a 2024, pasando de 42.8 a 38.2 delitos diarios.<\/p>\n\n\n\n<p>-Como parte de la Estrategia Nacional contra la Extorsi\u00f3n, del 6 de julio al 31 de diciembre de 2025, fueron arrestadas nueve personas, siete de ellas objetivos prioritarios; se abrieron 119 carpetas de investigaci\u00f3n y se inhabilitaron 49 l\u00edneas telef\u00f3nicas; se obtuvo una reducci\u00f3n del 16.7 por ciento en la incidencia de ese delito en el estado.<\/p>\n\n\n\n<p>-En Puebla la Seguridad tiene 4 ejes: 1. Atenci\u00f3n a las causas con las Ferias de la Paz y 25 Centros Libre Carmen Serd\u00e1n. 2. Coordinaci\u00f3n entre Marina, Guardia Nacional, Defensa y Polic\u00eda Estatal. 3. Profesionalizaci\u00f3n y hay avances de la Universidad Policial. 4. Infraestructura con 7 Centros de Seguridad, 14 Torres de video vigilancia, 300 nuevas patrullas con c\u00e1maras, mil,500 alarmas vecinales en Puebla Capital adem\u00e1s de la Estrategia Aire-Tierra.<\/p>\n\n\n\n<p>-Como parte del eje de Atenci\u00f3n a las Causas de la Estrategia Nacional de Seguridad, en Puebla, las Mesas de Paz tuvieron 267 sesiones, 2 mil 945 regionales, nueve interregionales y dos interestatales en las que se suscribieron mil 59 acuerdos.<\/p>\n\n\n\n<p>-Se instalaron 218 Consejos de Paz y Justicia C\u00edvica estatal y municipales, adem\u00e1s se llevaron a cabo 144 Jornadas por la Paz en las que participaron 38 mil 229 personas. Y con S\u00ed al Desarme, S\u00ed a la Paz, del 1 de octubre de 2024 al 31 de diciembre de 2025, en 25 municipios se intercambiaron de forma voluntaria 386 armas de fuego.<\/p>\n\n\n\n<p><strong>VISITA A ACATZINGO<\/strong><\/p>\n\n\n\n<p>&nbsp;-Entrega de tarjetas del programa Pensi\u00f3n Mujeres Bienestar. Se otorga a 3 millones de mexicanas, en reconocimiento al trabajo que hacen por sus familias y al llegar a los 60 Pensi\u00f3n Mujeres Bienestar y cuando cumplan 65 pase autom\u00e1tico a la Pensi\u00f3n Adulto Mayor.<\/p>\n\n\n\n<p>-El Gobierno Federal reconoce a las mujeres hero\u00ednas de la patria y hoy est\u00e1n presentes en el calendario c\u00edvico gracias a la reforma al art\u00edculo 18 de la Ley sobre el Escudo, la Bandera y el Himno Nacionales, que estableci\u00f3 32 fechas emblem\u00e1ticas.<\/p>\n\n\n\n<p>-La Pensi\u00f3n Mujeres Bienestar es uno de los tres nuevos Programas para el Bienestar, al que se suman la Beca Rita Cetina y Salud Casa por Casa. Adem\u00e1s de los Programas para el Bienestar que se crearon en el sexenio del ex Presidente Andr\u00e9s Manuel L\u00f3pez Obrador y ahora est\u00e1n en la Constituci\u00f3n, como la Pensi\u00f3n de Adultos Mayores y la Pensi\u00f3n para Personas con Discapacidad.<\/p>\n\n\n\n<p><strong>FERIA EN TECOMATL\u00c1N<\/strong><\/p>\n\n\n\n<p>En la Feria Tecomatl\u00e1n de 2026 del 15 al 22 de febrero, el Gobierno Municipal, el Comit\u00e9 de Feria y el Movimiento Antorchista, esperan 100 mil visitantes y el Gobierno Municipal, a cargo de Avelino Rivera, procedi\u00f3 a realizar labores de mantenimiento y embellecimiento de inmuebles y avenidas.<\/p>\n\n\n\n<figure class=\"wp-block-image size-large\"><img decoding=\"async\" width=\"1024\" height=\"768\" src=\"https:\/\/losperiodistas.com.mx\/portal\/wp-content\/uploads\/2026\/01\/EMBELLECEN-A-TECOMATLAN-1024x768.jpg\" alt=\"\" class=\"wp-image-115477\" srcset=\"https:\/\/losperiodistas.com.mx\/portal\/wp-content\/uploads\/2026\/01\/EMBELLECEN-A-TECOMATLAN-1024x768.jpg 1024w, https:\/\/losperiodistas.com.mx\/portal\/wp-content\/uploads\/2026\/01\/EMBELLECEN-A-TECOMATLAN-300x225.jpg 300w, https:\/\/losperiodistas.com.mx\/portal\/wp-content\/uploads\/2026\/01\/EMBELLECEN-A-TECOMATLAN-768x576.jpg 768w, https:\/\/losperiodistas.com.mx\/portal\/wp-content\/uploads\/2026\/01\/EMBELLECEN-A-TECOMATLAN.jpg 1280w\" sizes=\"(max-width: 1024px) 100vw, 1024px\" \/><\/figure>\n\n\n\n<p>La llamada Feria de la Unidad Entre los Pueblos, incluye carnaval de inauguraci\u00f3n, eventos de deportes, gastron\u00f3micos, culturales, jaripeo y conciertos.<\/p>\n\n\n\n<p>La Presidenta del Comit\u00e9 de Feria, Concepci\u00f3n Mu\u00f1iz Escalona, dijo que para este a\u00f1o esperan la visita de m\u00e1s de 100 mil personas de la regi\u00f3n y otros estados, del 15 al 22 de febrero, quienes podr\u00e1n constar que la seguridad, la cultura y la tradici\u00f3n son el sello que hace \u00fanica a la tradicional feria.<\/p>\n\n\n\n<p>En fin, como escribi\u00f3 Gutierre De Cetina (Espa\u00f1a, 1520-1557), en su poema Dulces Clamores:<\/p>\n\n\n\n<p>Ahora lloro triste y de a\u00f1o en a\u00f1o<\/p>\n\n\n\n<p>se seca la esperanza y crece el da\u00f1o,<\/p>\n\n\n\n<p>falta seguridad, sobran temores.<\/p>\n\n\n\n<p>raultorress@hotmail.com<\/p>\n\n\n\n<hr class=\"wp-block-separator has-alpha-channel-opacity\"\/>\n\n\n\n<p><strong>+ OPINI\u00d3N : Las opiniones expresadas son responsabilidad del autor<\/strong><\/p>\n","protected":false},"excerpt":{"rendered":"<p>*Avances en seguridad y en da\u00f1os por: CSP; Feria de Tecomatl\u00e1n en febrero Por Ra\u00fal Torres Salmer\u00f3n \/ Sin L\u00edmites [&hellip;]<\/p>\n","protected":false},"author":1,"featured_media":115476,"comment_status":"open","ping_status":"open","sticky":false,"template":"","format":"standard","meta":{"site-sidebar-layout":"default","site-content-layout":"","ast-site-content-layout":"default","site-content-style":"default","site-sidebar-style":"default","ast-global-header-display":"","ast-banner-title-visibility":"","ast-main-header-display":"","ast-hfb-above-header-display":"","ast-hfb-below-header-display":"","ast-hfb-mobile-header-display":"","site-post-title":"","ast-breadcrumbs-content":"","ast-featured-img":"","footer-sml-layout":"","theme-transparent-header-meta":"","adv-header-id-meta":"","stick-header-meta":"","header-above-stick-meta":"","header-main-stick-meta":"","header-below-stick-meta":"","astra-migrate-meta-layouts":"default","ast-page-background-enabled":"default","ast-page-background-meta":{"desktop":{"background-color":"var(--ast-global-color-4)","background-image":"","background-repeat":"repeat","background-position":"center center","background-size":"auto","background-attachment":"scroll","background-type":"","background-media":"","overlay-type":"","overlay-color":"","overlay-opacity":"","overlay-gradient":""},"tablet":{"background-color":"","background-image":"","background-repeat":"repeat","background-position":"center center","background-size":"auto","background-attachment":"scroll","background-type":"","background-media":"","overlay-type":"","overlay-color":"","overlay-opacity":"","overlay-gradient":""},"mobile":{"background-color":"","background-image":"","background-repeat":"repeat","background-position":"center center","background-size":"auto","background-attachment":"scroll","background-type":"","background-media":"","overlay-type":"","overlay-color":"","overlay-opacity":"","overlay-gradient":""}},"ast-content-background-meta":{"desktop":{"background-color":"var(--ast-global-color-5)","background-image":"","background-repeat":"repeat","background-position":"center center","background-size":"auto","background-attachment":"scroll","background-type":"","background-media":"","overlay-type":"","overlay-color":"","overlay-opacity":"","overlay-gradient":""},"tablet":{"background-color":"var(--ast-global-color-5)","background-image":"","background-repeat":"repeat","background-position":"center center","background-size":"auto","background-attachment":"scroll","background-type":"","background-media":"","overlay-type":"","overlay-color":"","overlay-opacity":"","overlay-gradient":""},"mobile":{"background-color":"var(--ast-global-color-5)","background-image":"","background-repeat":"repeat","background-position":"center center","background-size":"auto","background-attachment":"scroll","background-type":"","background-media":"","overlay-type":"","overlay-color":"","overlay-opacity":"","overlay-gradient":""}},"footnotes":""},"categories":[8,19],"tags":[45714,45713],"class_list":["post-115475","post","type-post","status-publish","format-standard","has-post-thumbnail","hentry","category-noticias","category-sin-limites-2","tag-feria-de-tecomatlan","tag-sheinbaum-en-puebla"],"_links":{"self":[{"href":"https:\/\/losperiodistas.com.mx\/portal\/wp-json\/wp\/v2\/posts\/115475","targetHints":{"allow":["GET"]}}],"collection":[{"href":"https:\/\/losperiodistas.com.mx\/portal\/wp-json\/wp\/v2\/posts"}],"about":[{"href":"https:\/\/losperiodistas.com.mx\/portal\/wp-json\/wp\/v2\/types\/post"}],"author":[{"embeddable":true,"href":"https:\/\/losperiodistas.com.mx\/portal\/wp-json\/wp\/v2\/users\/1"}],"replies":[{"embeddable":true,"href":"https:\/\/losperiodistas.com.mx\/portal\/wp-json\/wp\/v2\/comments?post=115475"}],"version-history":[{"count":1,"href":"https:\/\/losperiodistas.com.mx\/portal\/wp-json\/wp\/v2\/posts\/115475\/revisions"}],"predecessor-version":[{"id":115478,"href":"https:\/\/losperiodistas.com.mx\/portal\/wp-json\/wp\/v2\/posts\/115475\/revisions\/115478"}],"wp:featuredmedia":[{"embeddable":true,"href":"https:\/\/losperiodistas.com.mx\/portal\/wp-json\/wp\/v2\/media\/115476"}],"wp:attachment":[{"href":"https:\/\/losperiodistas.com.mx\/portal\/wp-json\/wp\/v2\/media?parent=115475"}],"wp:term":[{"taxonomy":"category","embeddable":true,"href":"https:\/\/losperiodistas.com.mx\/portal\/wp-json\/wp\/v2\/categories?post=115475"},{"taxonomy":"post_tag","embeddable":true,"href":"https:\/\/losperiodistas.com.mx\/portal\/wp-json\/wp\/v2\/tags?post=115475"}],"curies":[{"name":"wp","href":"https:\/\/api.w.org\/{rel}","templated":true}]}}