{"id":115469,"date":"2026-01-27T10:30:42","date_gmt":"2026-01-27T16:30:42","guid":{"rendered":"https:\/\/losperiodistas.com.mx\/portal\/?p=115469"},"modified":"2026-01-27T10:30:44","modified_gmt":"2026-01-27T16:30:44","slug":"morin-104-anos-filosofo-no-creo-en-una-vida-feliz-sino-en-alternar-alegrias-y-tristezas-saborea-los-momentos-felices-el-espanol","status":"publish","type":"post","link":"https:\/\/losperiodistas.com.mx\/portal\/morin-104-anos-filosofo-no-creo-en-una-vida-feliz-sino-en-alternar-alegrias-y-tristezas-saborea-los-momentos-felices-el-espanol\/","title":{"rendered":"Morin (104 a\u00f1os), fil\u00f3sofo: \u00abNo creo en una vida feliz, sino en alternar alegr\u00edas y tristezas. Saborea los momentos felices\u00bb | El Espa\u00f1ol"},"content":{"rendered":"\n<h2 class=\"wp-block-heading has-pale-cyan-blue-background-color has-background\">Este fil\u00f3sofo sostiene que las personas de car\u00e1cter extrovertido son m\u00e1s proclives a la felicidad, aunque sienten m\u00e1s la tristeza.<\/h2>\n\n\n\n<figure class=\"wp-block-image size-large\"><img fetchpriority=\"high\" decoding=\"async\" width=\"1024\" height=\"576\" src=\"https:\/\/losperiodistas.com.mx\/portal\/wp-content\/uploads\/2026\/01\/1003744103798_261093520_1706x960-1024x576.webp\" alt=\"\" class=\"wp-image-115470\" srcset=\"https:\/\/losperiodistas.com.mx\/portal\/wp-content\/uploads\/2026\/01\/1003744103798_261093520_1706x960-1024x576.webp 1024w, https:\/\/losperiodistas.com.mx\/portal\/wp-content\/uploads\/2026\/01\/1003744103798_261093520_1706x960-300x169.webp 300w, https:\/\/losperiodistas.com.mx\/portal\/wp-content\/uploads\/2026\/01\/1003744103798_261093520_1706x960-768x432.webp 768w, https:\/\/losperiodistas.com.mx\/portal\/wp-content\/uploads\/2026\/01\/1003744103798_261093520_1706x960-1536x864.webp 1536w, https:\/\/losperiodistas.com.mx\/portal\/wp-content\/uploads\/2026\/01\/1003744103798_261093520_1706x960.webp 1706w\" sizes=\"(max-width: 1024px) 100vw, 1024px\" \/><figcaption class=\"wp-element-caption\">El fil\u00f3sofo franc\u00e9s Edgar Morin, de 104 a\u00f1os.<\/figcaption><\/figure>\n\n\n\n<h2 class=\"wp-block-heading has-vivid-red-color has-text-color has-link-color has-medium-font-size wp-elements-220894dafce0251329f8fc365b480e7b\"><strong>J. Rodr\u00edguez \/ El Espa\u00f1ol<\/strong><\/h2>\n\n\n\n<h3 class=\"wp-block-heading\"><\/h3>\n\n\n\n<p id=\"paragraph_1\">A sus 104 a\u00f1os,&nbsp;<a href=\"https:\/\/www.elespanol.com\/ciencia\/20260121\/edgar-morin-anos-filosofo-felicidad-fragil-importante-aprender-vivir-forma-poetica\/1003744097123_0.html?utm_cmp_rs=linksinline\">el fil\u00f3sofo Edgar Morin<\/a>&nbsp;conoce bien qu\u00e9&nbsp;<a href=\"https:\/\/www.elespanol.com\/ciencia\/20260116\/morin-anos-filosofo-felicidad-ia-puede-dar-miedo-temo-inteligencia-humana-superficial\/1003744086965_0.html?utm_cmp_rs=linksinline\">es la felicidad.<\/a>&nbsp;Sin embargo, su descripci\u00f3n&nbsp;<strong>choca con la idea que muchos tienen sobre ella<\/strong>: para este pensador, la felicidad no son m\u00e1s que momentos, que, de hecho, no son tan importantes como pensamos.<\/p>\n\n\n\n<p id=\"paragraph_2\">\u00abNo creo en una sola vida feliz\u00bb, asegura tajante.<strong>&nbsp;\u00abLa vida es una alternancia de prosa y poes\u00eda,<\/strong>&nbsp;de alegr\u00edas y tristezas, de felicidad y desgracia, que dependen solo en parte de nosotros\u00bb. E invita a que \u00abdisfrutemos de los momentos de felicidad\u00bb mientras se producen.<\/p>\n\n\n\n<p id=\"paragraph_3\">Tambi\u00e9n a que vivamos con la esperanza de que se volver\u00e1n a producir esos momentos. \u00abLos per\u00edodos de felicidad, ya sean fugaces o pasajeros,&nbsp;<strong>requieren una serie de condiciones externas e internas\u00bb,<\/strong>&nbsp;explica. Es decir, que la felicidad puede ser un valor muy exigente.<\/p>\n\n\n\n<p id=\"paragraph_4\">\u00abPueden ser intensos, como en un acto amoroso o en una celebraci\u00f3n.&nbsp;<strong>Tambi\u00e9n pueden caracterizarse por la serenidad y la paz interior\u00bb<\/strong>, explica Morin. \u00abIdealmente, se combinar\u00edan intensidad y serenidad\u00bb. Sin embargo, \u00e9l mismo explica que la felicidad no siempre depende de nosotros.<\/p>\n\n\n\n<p id=\"paragraph_5\">S\u00ed es cierto, seg\u00fan este pensador, que&nbsp;<strong>\u00abexisten rasgos de car\u00e1cter asociados con la felicidad y el bienestar.<\/strong>&nbsp;Las personas extrovertidas son sensibles a todo lo que evoca emociones\u00bb. Tal y como explica, las personas abiertas tienen una mayor predisposici\u00f3n a la felicidad.<\/p>\n\n\n\n<p><a href=\"https:\/\/www.elespanol.com\/ciencia\/20260122\/byung-chul-anos-filosofo-felicidad-sociedad-sufre-depresion-exceso-positividad\/1003744098402_0.html?utm_cmp_rs=relatednewsinline\">Byung-Chul Han (66 a\u00f1os), fil\u00f3sofo, sobre la felicidad: \u00abLa sociedad sufre depresi\u00f3n por exceso de positividad\u00bb<\/a><\/p>\n\n\n\n<p id=\"paragraph_6\">Ahora bien, este tipo de personas tambi\u00e9n sienten con mayor intensidad las emociones \u00abdolorosas, emociones<strong>&nbsp;provocadas por los males y las crueldades de la vida<\/strong>&nbsp;y la sociedad. As\u00ed, para las almas sensibles, la capacidad de ser feliz es tambi\u00e9n la de ser infeliz\u00bb, dice.<\/p>\n\n\n\n<p id=\"paragraph_7\">La realidad es que \u00abla apertura al mundo&nbsp;<strong>permite tanto la felicidad como la desgracia\u00bb,<\/strong>&nbsp;pero tambi\u00e9n dice que \u00abhay quienes tienen un temperamento feliz que solo ven el lado bueno de la existencia, pero son insensibles a lo malo\u00bb. \u00bfEs esto posible? Morin se lo pregunta.<\/p>\n\n\n\n<h3 class=\"wp-block-heading\">Entre la prosa y la poes\u00eda<\/h3>\n\n\n\n<p id=\"paragraph_8\">\u00ab\u00bfAcaso no es necesario pasar por la adversidad para alcanzar la felicidad?\u00bb, reflexiona. \u00abLa p\u00e9rdida de un ser querido que te trajo felicidad trae infelicidad\u00bb. Ante esta situaci\u00f3n,<strong>&nbsp;la gente de temperamento feliz suele centrarse en el tiempo compartido<\/strong>&nbsp;con esa persona.<\/p>\n\n\n\n<p id=\"paragraph_9\">Morin sostiene que cree \u00aben la cualidad po\u00e9tica de la vida, que puede<strong>&nbsp;traernos momentos de felicidad y, a veces, incluso la felicidad misma\u00bb.<\/strong>&nbsp;De hecho, una de las claves del pensamiento m\u00e1s pr\u00e1ctico de Morin es el cultivo de ese estilo de vida po\u00e9tico.<\/p>\n\n\n\n<p><a href=\"https:\/\/www.elespanol.com\/ciencia\/20260122\/noam-chomsky-filosofo-felicidad-unico-trabajo-debe-dominar-vida-harias-sin-cobrar\/1003744097328_0.html?utm_cmp_rs=relatednewsinline\">Noam Chomsky (98), fil\u00f3sofo, sobre la felicidad: \u00abEl \u00fanico trabajo que debe dominar tu vida es el que har\u00edas sin cobrar\u00bb<\/a><\/p>\n\n\n\n<p id=\"paragraph_10\">Pero, \u00bfqu\u00e9 significa exactamente? \u00abCreo que<strong>&nbsp;la vida humana se polariza entre la prosa y la poes\u00eda.<\/strong>&nbsp;Los estados de la prosa son los de la obligaci\u00f3n, la restricci\u00f3n y el aburrimiento. Los estados po\u00e9ticos son los del florecimiento del yo dentro de nosotros\u00bb, detalla.<\/p>\n\n\n\n<p id=\"paragraph_11\">El lado po\u00e9tico de la vida \u00abincluye&nbsp;<strong>el afecto, el amor, la comuni\u00f3n y posiblemente la exaltaci\u00f3n.<\/strong>&nbsp;Los estados po\u00e9ticos propician la felicidad y la alegr\u00eda, y pueden generarlas\u00bb, describe este experto. Para este pensador, estos son los valores importantes en la vida.<\/p>\n\n\n\n<p id=\"paragraph_12\">\u00abDistingo momentos fugaces de felicidad:<strong>&nbsp;un rostro hermoso, un paisaje, una m\u00fasica hermosa,<\/strong>&nbsp;una bandada de golondrinas, el vagabundeo de una mariposa\u00bb, describe Morin. Es decir, las peque\u00f1as cosas del d\u00eda a d\u00eda que se pueden atesorar para sentirnos mejor.<\/p>\n\n\n\n<p>Fuente: <a href=\"https:\/\/www.elespanol.com\/ciencia\/20260126\/morin-anos-filosofo-no-creo-vida-feliz-alternar-alegrias-tristezas-saborea-momentos-felices\/1003744101489_0.html\">https:\/\/www.elespanol.com\/ciencia\/20260126\/morin-anos-filosofo-no-creo-vida-feliz-alternar-alegrias-tristezas-saborea-momentos-felices\/1003744101489_0.html<\/a><\/p>\n","protected":false},"excerpt":{"rendered":"<p>Este fil\u00f3sofo sostiene que las personas de car\u00e1cter extrovertido son m\u00e1s proclives a la felicidad, aunque sienten m\u00e1s la tristeza. [&hellip;]<\/p>\n","protected":false},"author":1,"featured_media":115470,"comment_status":"open","ping_status":"open","sticky":false,"template":"","format":"standard","meta":{"site-sidebar-layout":"default","site-content-layout":"","ast-site-content-layout":"default","site-content-style":"default","site-sidebar-style":"default","ast-global-header-display":"","ast-banner-title-visibility":"","ast-main-header-display":"","ast-hfb-above-header-display":"","ast-hfb-below-header-display":"","ast-hfb-mobile-header-display":"","site-post-title":"","ast-breadcrumbs-content":"","ast-featured-img":"","footer-sml-layout":"","theme-transparent-header-meta":"","adv-header-id-meta":"","stick-header-meta":"","header-above-stick-meta":"","header-main-stick-meta":"","header-below-stick-meta":"","astra-migrate-meta-layouts":"default","ast-page-background-enabled":"default","ast-page-background-meta":{"desktop":{"background-color":"var(--ast-global-color-4)","background-image":"","background-repeat":"repeat","background-position":"center center","background-size":"auto","background-attachment":"scroll","background-type":"","background-media":"","overlay-type":"","overlay-color":"","overlay-opacity":"","overlay-gradient":""},"tablet":{"background-color":"","background-image":"","background-repeat":"repeat","background-position":"center center","background-size":"auto","background-attachment":"scroll","background-type":"","background-media":"","overlay-type":"","overlay-color":"","overlay-opacity":"","overlay-gradient":""},"mobile":{"background-color":"","background-image":"","background-repeat":"repeat","background-position":"center center","background-size":"auto","background-attachment":"scroll","background-type":"","background-media":"","overlay-type":"","overlay-color":"","overlay-opacity":"","overlay-gradient":""}},"ast-content-background-meta":{"desktop":{"background-color":"var(--ast-global-color-5)","background-image":"","background-repeat":"repeat","background-position":"center center","background-size":"auto","background-attachment":"scroll","background-type":"","background-media":"","overlay-type":"","overlay-color":"","overlay-opacity":"","overlay-gradient":""},"tablet":{"background-color":"var(--ast-global-color-5)","background-image":"","background-repeat":"repeat","background-position":"center center","background-size":"auto","background-attachment":"scroll","background-type":"","background-media":"","overlay-type":"","overlay-color":"","overlay-opacity":"","overlay-gradient":""},"mobile":{"background-color":"var(--ast-global-color-5)","background-image":"","background-repeat":"repeat","background-position":"center center","background-size":"auto","background-attachment":"scroll","background-type":"","background-media":"","overlay-type":"","overlay-color":"","overlay-opacity":"","overlay-gradient":""}},"footnotes":""},"categories":[8],"tags":[45280,45709,45708],"class_list":["post-115469","post","type-post","status-publish","format-standard","has-post-thumbnail","hentry","category-noticias","tag-filosofo-edgar-morin","tag-saborear-momentos-felices","tag-vida-feliz"],"_links":{"self":[{"href":"https:\/\/losperiodistas.com.mx\/portal\/wp-json\/wp\/v2\/posts\/115469","targetHints":{"allow":["GET"]}}],"collection":[{"href":"https:\/\/losperiodistas.com.mx\/portal\/wp-json\/wp\/v2\/posts"}],"about":[{"href":"https:\/\/losperiodistas.com.mx\/portal\/wp-json\/wp\/v2\/types\/post"}],"author":[{"embeddable":true,"href":"https:\/\/losperiodistas.com.mx\/portal\/wp-json\/wp\/v2\/users\/1"}],"replies":[{"embeddable":true,"href":"https:\/\/losperiodistas.com.mx\/portal\/wp-json\/wp\/v2\/comments?post=115469"}],"version-history":[{"count":1,"href":"https:\/\/losperiodistas.com.mx\/portal\/wp-json\/wp\/v2\/posts\/115469\/revisions"}],"predecessor-version":[{"id":115471,"href":"https:\/\/losperiodistas.com.mx\/portal\/wp-json\/wp\/v2\/posts\/115469\/revisions\/115471"}],"wp:featuredmedia":[{"embeddable":true,"href":"https:\/\/losperiodistas.com.mx\/portal\/wp-json\/wp\/v2\/media\/115470"}],"wp:attachment":[{"href":"https:\/\/losperiodistas.com.mx\/portal\/wp-json\/wp\/v2\/media?parent=115469"}],"wp:term":[{"taxonomy":"category","embeddable":true,"href":"https:\/\/losperiodistas.com.mx\/portal\/wp-json\/wp\/v2\/categories?post=115469"},{"taxonomy":"post_tag","embeddable":true,"href":"https:\/\/losperiodistas.com.mx\/portal\/wp-json\/wp\/v2\/tags?post=115469"}],"curies":[{"name":"wp","href":"https:\/\/api.w.org\/{rel}","templated":true}]}}