{"id":115466,"date":"2026-01-27T10:22:10","date_gmt":"2026-01-27T16:22:10","guid":{"rendered":"https:\/\/losperiodistas.com.mx\/portal\/?p=115466"},"modified":"2026-01-27T10:22:11","modified_gmt":"2026-01-27T16:22:11","slug":"el-expresidente-de-fifa-joseph-blatter-se-suma-al-llamado-de-boicotear-el-mundial-en-estados-unidos-ap","status":"publish","type":"post","link":"https:\/\/losperiodistas.com.mx\/portal\/el-expresidente-de-fifa-joseph-blatter-se-suma-al-llamado-de-boicotear-el-mundial-en-estados-unidos-ap\/","title":{"rendered":"El expresidente de FIFA Joseph Blatter se suma al llamado de boicotear el Mundial en Estados Unidos | AP"},"content":{"rendered":"\n<figure class=\"wp-block-image size-full\"><img fetchpriority=\"high\" decoding=\"async\" width=\"980\" height=\"653\" src=\"https:\/\/losperiodistas.com.mx\/portal\/wp-content\/uploads\/2026\/01\/descarga-3.webp\" alt=\"\" class=\"wp-image-115467\" srcset=\"https:\/\/losperiodistas.com.mx\/portal\/wp-content\/uploads\/2026\/01\/descarga-3.webp 980w, https:\/\/losperiodistas.com.mx\/portal\/wp-content\/uploads\/2026\/01\/descarga-3-300x200.webp 300w, https:\/\/losperiodistas.com.mx\/portal\/wp-content\/uploads\/2026\/01\/descarga-3-768x512.webp 768w\" sizes=\"(max-width: 980px) 100vw, 980px\" \/><figcaption class=\"wp-element-caption\">En la foto de archivo del 1 de junio de 2011, Joseph Blatter reacciona durante una conferencia de prensa en Z\u00farich, Suiza. (AP Foto\/Michael Probst, Archivo)<\/figcaption><\/figure>\n\n\n\n<p class=\"has-vivid-red-color has-text-color has-link-color has-medium-font-size wp-elements-2c34aff865a8224ada6a4aac9719d4f1\"><strong>POR\u00a0\u00a0<a href=\"https:\/\/apnews.com\/author\/the-associated-press\">THE ASSOCIATED PRESS<\/a><\/strong><\/p>\n\n\n\n<p><a href=\"https:\/\/apnews.com\/article\/fifa-world-cup-boycott-blatter-trump-195b4a9431928285a46079b8262c6d1b\">Read in English<\/a><\/p>\n\n\n\n<p>El expresidente de la FIFA, Joseph Blatter, respald\u00f3 el lunes una propuesta de boicot de hinchas a los partidos del Mundial de f\u00fatbol en Estados Unidos debido a la conducta del presidente Donald Trump y su administraci\u00f3n tanto en el pa\u00eds como en el extranjero.<\/p>\n\n\n\n<p>Blatter fue la \u00faltima figura del f\u00fatbol internacional en cuestionar la idoneidad de Estados Unidos como pa\u00eds anfitri\u00f3n. Hizo un llamado al boicot en una publicaci\u00f3n en X que respald\u00f3 los comentarios de Mark Pieth en una entrevista la semana pasada con el peri\u00f3dico suizo Der Bund.<\/p>\n\n\n\n<p>Pieth, un abogado suizo especializado en delitos de cuello blanco y experto en anticorrupci\u00f3n, presidi\u00f3 la supervisi\u00f3n del Comit\u00e9 de Gobernanza Independiente sobre la reforma de la FIFA hace una d\u00e9cada. Blatter fue presidente del organismo rector del f\u00fatbol mundial desde 1998 hasta 2015. Renunci\u00f3 en medio de una investigaci\u00f3n por corrupci\u00f3n.<\/p>\n\n\n\n<p>\u201cSi consideramos todo lo que hemos discutido, solo hay un consejo para los aficionados: \u00a1Mant\u00e9nganse alejados de Estados Unidos! De todos modos, lo ver\u00e1n mejor en la televisi\u00f3n. Y al llegar, los aficionados deben esperar que si no complacen a los oficiales, ser\u00e1n enviados directamente en el pr\u00f3ximo vuelo a casa. Si tienen suerte\u201d, se\u00f1al\u00f3 Pieth en su entrevista con Der Bund.<a><\/a><\/p>\n\n\n\n<p class=\"has-ast-global-color-4-background-color has-background\">Related Stories<\/p>\n\n\n\n<p><a href=\"https:\/\/apnews.com\/article\/gottlich-alemania-boicot-copa-del-mundo-7031a47ecdeafe6547e396e6fa315d56\"><\/a><\/p>\n\n\n\n<p><a href=\"https:\/\/apnews.com\/article\/gottlich-alemania-boicot-copa-del-mundo-7031a47ecdeafe6547e396e6fa315d56\">Dirigente de federaci\u00f3n alemana de f\u00fatbol pide considerar boicot al Mundial 2026 por Trump<\/a><\/p>\n\n\n\n<p><a href=\"https:\/\/apnews.com\/article\/soccer-world-cup-france-boycott-trump-82297855caaf2434e56075be02ddb9ea\"><\/a><\/p>\n\n\n\n<p><a href=\"https:\/\/apnews.com\/article\/soccer-world-cup-france-boycott-trump-82297855caaf2434e56075be02ddb9ea\">Francia descarta boicotear el Mundial de f\u00fatbol por Groenlandia, por ahora<\/a><\/p>\n\n\n\n<p><a href=\"https:\/\/apnews.com\/article\/coi-juegos-olimpicos-coventry-trump-887521cdb09578d8cc7f0f6f5f608b84\"><\/a><\/p>\n\n\n\n<p><a href=\"https:\/\/apnews.com\/article\/coi-juegos-olimpicos-coventry-trump-887521cdb09578d8cc7f0f6f5f608b84\">La presidenta del COI dice que a\u00fan no hay contacto con la Casa Blanca de Trump<\/a><\/p>\n\n\n\n<p>En su publicaci\u00f3n en&nbsp;<a href=\"https:\/\/x.com\/SeppBlatter\/status\/2015763891951698064?s=20\" target=\"_blank\" rel=\"noreferrer noopener\">X, Blatter cit\u00f3 a Pieth<\/a>&nbsp;y a\u00f1adi\u00f3: \u201cCreo que Mark Pieth tiene raz\u00f3n al cuestionar esta Copa del Mundo.\u201d<\/p>\n\n\n\n<p>Estados Unidos es coanfitri\u00f3n de la Copa del Mundo con Canad\u00e1 y M\u00e9xico del 11 de junio al 19 de julio.<\/p>\n\n\n\n<p>Las preocupaciones de la comunidad internacional del f\u00fatbol sobre Estados Unidos se derivan de la postura expansionista de Trump sobre Groenlandia, las prohibiciones de viaje y las t\u00e1cticas agresivas en el trato con migrantes y manifestantes contra la aplicaci\u00f3n de la ley de inmigraci\u00f3n en ciudades estadounidenses, particularmente en Minneapolis.<\/p>\n\n\n\n<p>Oke G\u00f6ttlich, uno de los vicepresidentes de la federaci\u00f3n de f\u00fatbol alemana, dijo al peri\u00f3dico Hamburger Morgenpost en una entrevista el viernes que hab\u00eda llegado el momento de considerar seriamente&nbsp;<a href=\"https:\/\/apnews.com\/article\/gottlich-alemania-boicot-copa-del-mundo-7031a47ecdeafe6547e396e6fa315d56\">boicotear la Copa del Mundo.<\/a><\/p>\n\n\n\n<p>En diciembre pasado, los planes de viaje para los aficionados de dos de los principales pa\u00edses futboleros de \u00c1frica se vieron trastornados cuando el gobierno de Trump anunci\u00f3 una prohibici\u00f3n que efectivamente impedir\u00eda a las personas de Senegal y Costa de Marfil seguir a sus equipos a menos que ya tuvieran visas. Trump cit\u00f3 \u201cdeficiencias en el control y la evaluaci\u00f3n\u201d como la principal raz\u00f3n para las suspensiones.<\/p>\n\n\n\n<p>Los aficionados de Ir\u00e1n y Hait\u00ed, otros dos pa\u00edses que se han clasificado para la Copa del Mundo, tambi\u00e9n tendr\u00e1n prohibido ingresar a Estados Unidos; fueron incluidos en la primera versi\u00f3n de la prohibici\u00f3n de viaje anunciada por la administraci\u00f3n Trump.<\/p>\n\n\n\n<p>___<\/p>\n\n\n\n<p>Deportes AP: https:\/\/apnews.com\/hub\/deportes<\/p>\n\n\n\n<p>Fuente: <a href=\"https:\/\/apnews.com\/article\/mundial-blatter-boicot-fifa-a7bf16bea6d849205dadfecff9946f58\">https:\/\/apnews.com\/article\/mundial-blatter-boicot-fifa-a7bf16bea6d849205dadfecff9946f58<\/a><\/p>\n","protected":false},"excerpt":{"rendered":"<p>POR\u00a0\u00a0THE ASSOCIATED PRESS Read in English El expresidente de la FIFA, Joseph Blatter, respald\u00f3 el lunes una propuesta de boicot [&hellip;]<\/p>\n","protected":false},"author":1,"featured_media":115467,"comment_status":"open","ping_status":"open","sticky":false,"template":"","format":"standard","meta":{"site-sidebar-layout":"default","site-content-layout":"","ast-site-content-layout":"default","site-content-style":"default","site-sidebar-style":"default","ast-global-header-display":"","ast-banner-title-visibility":"","ast-main-header-display":"","ast-hfb-above-header-display":"","ast-hfb-below-header-display":"","ast-hfb-mobile-header-display":"","site-post-title":"","ast-breadcrumbs-content":"","ast-featured-img":"","footer-sml-layout":"","theme-transparent-header-meta":"","adv-header-id-meta":"","stick-header-meta":"","header-above-stick-meta":"","header-main-stick-meta":"","header-below-stick-meta":"","astra-migrate-meta-layouts":"default","ast-page-background-enabled":"default","ast-page-background-meta":{"desktop":{"background-color":"var(--ast-global-color-4)","background-image":"","background-repeat":"repeat","background-position":"center center","background-size":"auto","background-attachment":"scroll","background-type":"","background-media":"","overlay-type":"","overlay-color":"","overlay-opacity":"","overlay-gradient":""},"tablet":{"background-color":"","background-image":"","background-repeat":"repeat","background-position":"center center","background-size":"auto","background-attachment":"scroll","background-type":"","background-media":"","overlay-type":"","overlay-color":"","overlay-opacity":"","overlay-gradient":""},"mobile":{"background-color":"","background-image":"","background-repeat":"repeat","background-position":"center center","background-size":"auto","background-attachment":"scroll","background-type":"","background-media":"","overlay-type":"","overlay-color":"","overlay-opacity":"","overlay-gradient":""}},"ast-content-background-meta":{"desktop":{"background-color":"var(--ast-global-color-5)","background-image":"","background-repeat":"repeat","background-position":"center center","background-size":"auto","background-attachment":"scroll","background-type":"","background-media":"","overlay-type":"","overlay-color":"","overlay-opacity":"","overlay-gradient":""},"tablet":{"background-color":"var(--ast-global-color-5)","background-image":"","background-repeat":"repeat","background-position":"center center","background-size":"auto","background-attachment":"scroll","background-type":"","background-media":"","overlay-type":"","overlay-color":"","overlay-opacity":"","overlay-gradient":""},"mobile":{"background-color":"var(--ast-global-color-5)","background-image":"","background-repeat":"repeat","background-position":"center center","background-size":"auto","background-attachment":"scroll","background-type":"","background-media":"","overlay-type":"","overlay-color":"","overlay-opacity":"","overlay-gradient":""}},"footnotes":""},"categories":[8],"tags":[45707,1106],"class_list":["post-115466","post","type-post","status-publish","format-standard","has-post-thumbnail","hentry","category-noticias","tag-boicot-mundial-futbol-2026-ee-uu","tag-fifa"],"_links":{"self":[{"href":"https:\/\/losperiodistas.com.mx\/portal\/wp-json\/wp\/v2\/posts\/115466","targetHints":{"allow":["GET"]}}],"collection":[{"href":"https:\/\/losperiodistas.com.mx\/portal\/wp-json\/wp\/v2\/posts"}],"about":[{"href":"https:\/\/losperiodistas.com.mx\/portal\/wp-json\/wp\/v2\/types\/post"}],"author":[{"embeddable":true,"href":"https:\/\/losperiodistas.com.mx\/portal\/wp-json\/wp\/v2\/users\/1"}],"replies":[{"embeddable":true,"href":"https:\/\/losperiodistas.com.mx\/portal\/wp-json\/wp\/v2\/comments?post=115466"}],"version-history":[{"count":1,"href":"https:\/\/losperiodistas.com.mx\/portal\/wp-json\/wp\/v2\/posts\/115466\/revisions"}],"predecessor-version":[{"id":115468,"href":"https:\/\/losperiodistas.com.mx\/portal\/wp-json\/wp\/v2\/posts\/115466\/revisions\/115468"}],"wp:featuredmedia":[{"embeddable":true,"href":"https:\/\/losperiodistas.com.mx\/portal\/wp-json\/wp\/v2\/media\/115467"}],"wp:attachment":[{"href":"https:\/\/losperiodistas.com.mx\/portal\/wp-json\/wp\/v2\/media?parent=115466"}],"wp:term":[{"taxonomy":"category","embeddable":true,"href":"https:\/\/losperiodistas.com.mx\/portal\/wp-json\/wp\/v2\/categories?post=115466"},{"taxonomy":"post_tag","embeddable":true,"href":"https:\/\/losperiodistas.com.mx\/portal\/wp-json\/wp\/v2\/tags?post=115466"}],"curies":[{"name":"wp","href":"https:\/\/api.w.org\/{rel}","templated":true}]}}