{"id":115460,"date":"2026-01-27T08:30:48","date_gmt":"2026-01-27T14:30:48","guid":{"rendered":"https:\/\/losperiodistas.com.mx\/portal\/?p=115460"},"modified":"2026-01-27T08:30:49","modified_gmt":"2026-01-27T14:30:49","slug":"el-museo-franz-mayer-celebra-40-anos-con-la-pasion-por-el-futbol-y-la-exploracion-de-la-ia-efe","status":"publish","type":"post","link":"https:\/\/losperiodistas.com.mx\/portal\/el-museo-franz-mayer-celebra-40-anos-con-la-pasion-por-el-futbol-y-la-exploracion-de-la-ia-efe\/","title":{"rendered":"El Museo Franz Mayer celebra 40 a\u00f1os con la pasi\u00f3n por el f\u00fatbol y la exploraci\u00f3n de la IA | EFE"},"content":{"rendered":"\n<figure class=\"wp-block-image size-full\"><img fetchpriority=\"high\" decoding=\"async\" width=\"900\" height=\"599\" src=\"https:\/\/losperiodistas.com.mx\/portal\/wp-content\/uploads\/2026\/01\/Franz_Mayer_Museo.webp\" alt=\"\" class=\"wp-image-115461\" srcset=\"https:\/\/losperiodistas.com.mx\/portal\/wp-content\/uploads\/2026\/01\/Franz_Mayer_Museo.webp 900w, https:\/\/losperiodistas.com.mx\/portal\/wp-content\/uploads\/2026\/01\/Franz_Mayer_Museo-300x200.webp 300w, https:\/\/losperiodistas.com.mx\/portal\/wp-content\/uploads\/2026\/01\/Franz_Mayer_Museo-768x511.webp 768w\" sizes=\"(max-width: 900px) 100vw, 900px\" \/><figcaption class=\"wp-element-caption\">La directora del Museo Franz Mayer, Giovana Jaspersen (d), y el analista de moda, Manu Styling, en una rueda de prensa este lunes, en Ciudad de M\u00e9xico (M\u00e9xico). EFE\/ S\u00e1shenka Guti\u00e9rrez<\/figcaption><\/figure>\n\n\n\n<p class=\"has-vivid-red-color has-text-color has-link-color has-medium-font-size wp-elements-23db7e95974579b190d8bc7ea9a6cef6\"><strong>Agencia EFE<\/strong><\/p>\n\n\n\n<p>Ciudad de M\u00e9xico (EFE).- El mexicano Museo Franz Mayer celebrar\u00e1 este 2026 sus 40 a\u00f1os con una programaci\u00f3n para contagiarse con la fiebre del f\u00fatbol envuelta por la emoci\u00f3n del Mundial en M\u00e9xico, as\u00ed como 14 exposiciones m\u00e1s, una de ellas dedicada a la exploraci\u00f3n de la Inteligencia Artificial (IA).<\/p>\n\n\n\n<p>\u201c(Franz Mayer) pensaba en un museo a futuro, no en uno congelado en el tiempo, porque pensemos que \u00e9l muri\u00f3 en 1975\u201d, afirm\u00f3 a EFE la directora de este recinto muse\u00edstico, Giovana Jaspersen, sobre el fundador alem\u00e1n de este espacio que cumple cuatro d\u00e9cadas.<\/p>\n\n\n\n<p>Por ello, explica que la labor en estos a\u00f1os ha sido \u201cvolver a la voz\u201d del coleccionista y entender c\u00f3mo llevar su archivo a \u201cnuestro propio tiempo\u201d, como lo presume la programaci\u00f3n que se mostrar\u00e1 este a\u00f1o.<\/p>\n\n\n\n<figure class=\"wp-block-image\"><img decoding=\"async\" src=\"https:\/\/i0.wp.com\/efe.com\/wp-content\/uploads\/2026\/01\/Giovana_Jaspersen.webp?resize=900%2C600&amp;ssl=1\" alt=\"El Museo Franz Mayer celebra 40 a\u00f1os con la pasi\u00f3n por el f\u00fatbol y la exploraci\u00f3n de la IA\" class=\"wp-image-2445024\"\/><figcaption class=\"wp-element-caption\">La directora del Museo Franz Mayer, Giovana Jaspersen, habla en una rueda de prensa, en Ciudad de M\u00e9xico (M\u00e9xico). EFE\/ S\u00e1shenka Guti\u00e9rrez<\/figcaption><\/figure>\n\n\n\n<p>En conferencia de prensa, Jaspersen y el narrador de f\u00fatbol, Andr\u00e9s Vaca, apuntaron que la exposici\u00f3n \u2018F\u00fatbol: Dise\u00f1ando una Pasi\u00f3n\u2019 se inaugurar\u00e1 en los \u00faltimos d\u00edas de marzo como un \u201cproped\u00e9utico\u201d al Mundial, que&nbsp;<a href=\"https:\/\/efe.com\/economia\/2026-01-20\/mexico-hoteles-precios-mundial-futbol-2026\/\">se inaugurar\u00e1 en M\u00e9xico el pr\u00f3ximo 11 de junio<\/a>.<\/p>\n\n\n\n<p>\u201cEs un ejercicio de revisi\u00f3n de qui\u00e9n dise\u00f1\u00f3 el estadio, el boleto, el cartel, qui\u00e9nes son las personas que est\u00e1n detr\u00e1s la manufactura de un bal\u00f3n\u201d, detall\u00f3 la directiva sobre esta exhibici\u00f3n que propondr\u00e1 un recorrido por las once justas mundialistas celebradas en Am\u00e9rica.<\/p>\n\n\n\n<h2 class=\"wp-block-heading\" id=\"h-la-copa-del-mundo-en-latinoamerica\">La Copa del Mundo en Latinoam\u00e9rica<\/h2>\n\n\n\n<p>En cuanto a esta exposici\u00f3n curada por Kevin Moore, Vaca subray\u00f3 que en sus salas habr\u00e1 art\u00edculos -prendas, balones, calzado- que utilizaron \u201cleyendas\u201d de este deporte como Diego Armando Maradona, Edson Arantes do Nascimento \u2018Pel\u00e9\u2019, Lionel Messi o Hugo S\u00e1nchez.<\/p>\n\n\n\n<p>\u201cViajar a trav\u00e9s de las distintas Copas del Mundo en Latinoam\u00e9rica creo que ser\u00e1 una experiencia espectacular\u201d, sentenci\u00f3.<br>Jaspersen destac\u00f3 tambi\u00e9n que con esta muestra futbol\u00edstica se visibilizar\u00e1 la historia de \u201clas grandes protagonistas\u201d de la Copa Mundial femenina \u201cno oficial\u201d de 1971.<\/p>\n\n\n\n<p>\u201cFue el primer evento masivo de deporte femenil que se tuvo en el mundo\u201d, subray\u00f3 tras enfatizar que se contar\u00e1 con la indumentaria, la papeler\u00eda y m\u00e1s de aquel hito del deporte.<\/p>\n\n\n\n<figure class=\"wp-block-embed is-type-wp-embed is-provider-efe-noticias wp-block-embed-efe-noticias\"><div class=\"wp-block-embed__wrapper\">\n<blockquote class=\"wp-embedded-content\" data-secret=\"ffN0W8zCuH\"><a href=\"https:\/\/efe.com\/economia\/2026-01-14\/mexico-mundial-de-futbol-2026-consumo-nacional\/\">M\u00e9xico lanza una campa\u00f1a para impulsar el consumo nacional rumbo al Mundial de F\u00fatbol 2026<\/a><\/blockquote><iframe class=\"wp-embedded-content\" sandbox=\"allow-scripts\" security=\"restricted\" style=\"position: absolute; visibility: hidden;\" title=\"\u00abM\u00e9xico lanza una campa\u00f1a para impulsar el consumo nacional rumbo al Mundial de F\u00fatbol 2026\u00bb \u2014 EFE Noticias\" src=\"https:\/\/efe.com\/economia\/2026-01-14\/mexico-mundial-de-futbol-2026-consumo-nacional\/embed\/#?secret=CV0EN6UCLk#?secret=ffN0W8zCuH\" data-secret=\"ffN0W8zCuH\" width=\"500\" height=\"282\" frameborder=\"0\" marginwidth=\"0\" marginheight=\"0\" scrolling=\"no\"><\/iframe>\n<\/div><\/figure>\n\n\n\n<p>Los presentadores aseguraron que \u2018IA: m\u00e1s all\u00e1 de lo humano\u2019 ser\u00e1 una de las exposiciones m\u00e1s esperadas, ya que esta instalaci\u00f3n inmersiva e interactiva, proveniente del Barbican Centre de Londres, es una oportunidad para el p\u00fablico de \u201ccambiar su perspectiva\u201d sobre las nuevas inteligencias.<\/p>\n\n\n\n<p>\u201cRevisar la historia de estas inteligencias nos permite hacer inferencias y defensas del sector cultural y creativo, qu\u00e9 cosas puede hacer una m\u00e1quina y qu\u00e9 no\u201d, reflexion\u00f3 la directora.<\/p>\n\n\n\n<h2 class=\"wp-block-heading\" id=\"h-las-exposiciones-en-el-franz-mayer-en-2026\">Las exposiciones en el Franz Mayer en 2026<\/h2>\n\n\n\n<p>Otra de las muestras m\u00e1s deseadas por el p\u00fablico es la del World Press Photo, que este a\u00f1o promete una presentaci\u00f3n especial debido a los 70 a\u00f1os de este certamen que acoge las mejores fotograf\u00edas de fotoperiodismo y que en M\u00e9xico ha sido expuesto en este museo desde hace m\u00e1s de dos d\u00e9cadas.<\/p>\n\n\n\n<p>Para 2026, se suman otras exposiciones dedicadas a la cer\u00e1mica y el objeto, como \u2018Animales y seres fant\u00e1sticos\u2019 y \u2018Mockups before fuckups\u2019, as\u00ed como al dise\u00f1o.<\/p>\n\n\n\n<p>Algunas de ellas son \u2018Biodise\u00f1o MX. Territorios vivos\u2019, que impulsa una l\u00ednea de trabajo sostenible a cargo de la artista mexicana Taina Campos, o \u2018Dise\u00f1a M\u00e9xico\u2019, la cual alberga el Premio Nacional de Dise\u00f1o.<\/p>\n\n\n\n<figure class=\"wp-block-image\"><img decoding=\"async\" src=\"https:\/\/i0.wp.com\/efe.com\/wp-content\/uploads\/2026\/01\/Franz_Mayer_Aniversario.webp?resize=900%2C599&amp;ssl=1\" alt=\"El Museo Franz Mayer celebra 40 a\u00f1os con la pasi\u00f3n por el f\u00fatbol y la exploraci\u00f3n de la IA\" class=\"wp-image-2445050\"\/><figcaption class=\"wp-element-caption\">La directora del Museo Franz Mayer, Giovana Jaspersen (d), y el analista de moda, Manu Styling, participan en una rueda de prensa en Ciudad de M\u00e9xico (M\u00e9xico). EFE\/ S\u00e1shenka Guti\u00e9rrez<\/figcaption><\/figure>\n\n\n\n<p>Tambi\u00e9n se expondr\u00e1 la ya tradicional Bienal Internacional del Cartel en M\u00e9xico y obras realizadas por el artista turco Ali Kazma basadas en los procesos creativos de la escritura mediante la met\u00e1fora de la pintura de paisajes.<\/p>\n\n\n\n<p>Desde su fundaci\u00f3n en 1985, el Museo Franz Mayer ha aumentado cada a\u00f1o su acervo y n\u00famero de visitantes, adem\u00e1s, con el objetivo de mantener \u201cvivo\u201d este espacio -de m\u00e1s de 10.000 piezas-, su mayor audiencia ha pasado de personas de 60 a\u00f1os a la de 20 y 30.<\/p>\n\n\n\n<p>\u201cQuer\u00edamos que los j\u00f3venes fueran el grupo m\u00e1s grande, porque eso nos permite que estemos hablando de futuro\u201d, concluy\u00f3 Jaspersen.<\/p>\n\n\n\n<p>Fuente: <a href=\"https:\/\/efe.com\/cultura\/2026-01-26\/museo-mexicano-franz_mayer_celebracion-40-aniversario\/\">https:\/\/efe.com\/cultura\/2026-01-26\/museo-mexicano-franz_mayer_celebracion-40-aniversario\/<\/a><\/p>\n","protected":false},"excerpt":{"rendered":"<p>Agencia EFE Ciudad de M\u00e9xico (EFE).- El mexicano Museo Franz Mayer celebrar\u00e1 este 2026 sus 40 a\u00f1os con una programaci\u00f3n [&hellip;]<\/p>\n","protected":false},"author":1,"featured_media":115461,"comment_status":"open","ping_status":"open","sticky":false,"template":"","format":"standard","meta":{"site-sidebar-layout":"default","site-content-layout":"","ast-site-content-layout":"default","site-content-style":"default","site-sidebar-style":"default","ast-global-header-display":"","ast-banner-title-visibility":"","ast-main-header-display":"","ast-hfb-above-header-display":"","ast-hfb-below-header-display":"","ast-hfb-mobile-header-display":"","site-post-title":"","ast-breadcrumbs-content":"","ast-featured-img":"","footer-sml-layout":"","theme-transparent-header-meta":"","adv-header-id-meta":"","stick-header-meta":"","header-above-stick-meta":"","header-main-stick-meta":"","header-below-stick-meta":"","astra-migrate-meta-layouts":"default","ast-page-background-enabled":"default","ast-page-background-meta":{"desktop":{"background-color":"var(--ast-global-color-4)","background-image":"","background-repeat":"repeat","background-position":"center center","background-size":"auto","background-attachment":"scroll","background-type":"","background-media":"","overlay-type":"","overlay-color":"","overlay-opacity":"","overlay-gradient":""},"tablet":{"background-color":"","background-image":"","background-repeat":"repeat","background-position":"center center","background-size":"auto","background-attachment":"scroll","background-type":"","background-media":"","overlay-type":"","overlay-color":"","overlay-opacity":"","overlay-gradient":""},"mobile":{"background-color":"","background-image":"","background-repeat":"repeat","background-position":"center center","background-size":"auto","background-attachment":"scroll","background-type":"","background-media":"","overlay-type":"","overlay-color":"","overlay-opacity":"","overlay-gradient":""}},"ast-content-background-meta":{"desktop":{"background-color":"var(--ast-global-color-5)","background-image":"","background-repeat":"repeat","background-position":"center center","background-size":"auto","background-attachment":"scroll","background-type":"","background-media":"","overlay-type":"","overlay-color":"","overlay-opacity":"","overlay-gradient":""},"tablet":{"background-color":"var(--ast-global-color-5)","background-image":"","background-repeat":"repeat","background-position":"center center","background-size":"auto","background-attachment":"scroll","background-type":"","background-media":"","overlay-type":"","overlay-color":"","overlay-opacity":"","overlay-gradient":""},"mobile":{"background-color":"var(--ast-global-color-5)","background-image":"","background-repeat":"repeat","background-position":"center center","background-size":"auto","background-attachment":"scroll","background-type":"","background-media":"","overlay-type":"","overlay-color":"","overlay-opacity":"","overlay-gradient":""}},"footnotes":""},"categories":[8],"tags":[15701,44488,45703],"class_list":["post-115460","post","type-post","status-publish","format-standard","has-post-thumbnail","hentry","category-noticias","tag-futbol","tag-mundial-mexico-2026","tag-museo-franz-meyer"],"_links":{"self":[{"href":"https:\/\/losperiodistas.com.mx\/portal\/wp-json\/wp\/v2\/posts\/115460","targetHints":{"allow":["GET"]}}],"collection":[{"href":"https:\/\/losperiodistas.com.mx\/portal\/wp-json\/wp\/v2\/posts"}],"about":[{"href":"https:\/\/losperiodistas.com.mx\/portal\/wp-json\/wp\/v2\/types\/post"}],"author":[{"embeddable":true,"href":"https:\/\/losperiodistas.com.mx\/portal\/wp-json\/wp\/v2\/users\/1"}],"replies":[{"embeddable":true,"href":"https:\/\/losperiodistas.com.mx\/portal\/wp-json\/wp\/v2\/comments?post=115460"}],"version-history":[{"count":1,"href":"https:\/\/losperiodistas.com.mx\/portal\/wp-json\/wp\/v2\/posts\/115460\/revisions"}],"predecessor-version":[{"id":115462,"href":"https:\/\/losperiodistas.com.mx\/portal\/wp-json\/wp\/v2\/posts\/115460\/revisions\/115462"}],"wp:featuredmedia":[{"embeddable":true,"href":"https:\/\/losperiodistas.com.mx\/portal\/wp-json\/wp\/v2\/media\/115461"}],"wp:attachment":[{"href":"https:\/\/losperiodistas.com.mx\/portal\/wp-json\/wp\/v2\/media?parent=115460"}],"wp:term":[{"taxonomy":"category","embeddable":true,"href":"https:\/\/losperiodistas.com.mx\/portal\/wp-json\/wp\/v2\/categories?post=115460"},{"taxonomy":"post_tag","embeddable":true,"href":"https:\/\/losperiodistas.com.mx\/portal\/wp-json\/wp\/v2\/tags?post=115460"}],"curies":[{"name":"wp","href":"https:\/\/api.w.org\/{rel}","templated":true}]}}