{"id":115277,"date":"2026-01-24T10:09:50","date_gmt":"2026-01-24T16:09:50","guid":{"rendered":"https:\/\/losperiodistas.com.mx\/portal\/?p=115277"},"modified":"2026-01-24T10:09:52","modified_gmt":"2026-01-24T16:09:52","slug":"opinion-la-tasa-como-palanca-de-crecimiento","status":"publish","type":"post","link":"https:\/\/losperiodistas.com.mx\/portal\/opinion-la-tasa-como-palanca-de-crecimiento\/","title":{"rendered":"Opini\u00f3n | La tasa como palanca de crecimiento"},"content":{"rendered":"\n<figure class=\"wp-block-image aligncenter size-large is-resized\"><img fetchpriority=\"high\" decoding=\"async\" width=\"878\" height=\"1024\" src=\"https:\/\/losperiodistas.com.mx\/portal\/wp-content\/uploads\/2026\/01\/Captura-de-pantalla-2026-01-17-a-las-9.17.56-1-878x1024.png\" alt=\"\" class=\"wp-image-115278\" style=\"width:252px;height:auto\" srcset=\"https:\/\/losperiodistas.com.mx\/portal\/wp-content\/uploads\/2026\/01\/Captura-de-pantalla-2026-01-17-a-las-9.17.56-1-878x1024.png 878w, https:\/\/losperiodistas.com.mx\/portal\/wp-content\/uploads\/2026\/01\/Captura-de-pantalla-2026-01-17-a-las-9.17.56-1-257x300.png 257w, https:\/\/losperiodistas.com.mx\/portal\/wp-content\/uploads\/2026\/01\/Captura-de-pantalla-2026-01-17-a-las-9.17.56-1-768x896.png 768w, https:\/\/losperiodistas.com.mx\/portal\/wp-content\/uploads\/2026\/01\/Captura-de-pantalla-2026-01-17-a-las-9.17.56-1.png 1096w\" sizes=\"(max-width: 878px) 100vw, 878px\" \/><\/figure>\n\n\n\n<p class=\"has-vivid-red-color has-text-color has-link-color has-medium-font-size wp-elements-a2435767b9cd0e2a8174558ad6cdd5a7\"><strong><em>Por Javier Cobos Fern\u00e1ndez<\/em><\/strong><\/p>\n\n\n\n<p><a href=\"http:\/\/@jcobosfernandez\">@jcobosfernandez<\/a><\/p>\n\n\n\n<p>El&nbsp;<strong>panorama econ\u00f3mico de M\u00e9xico<\/strong>&nbsp;al inicio de 2026 nos sit\u00faa en una&nbsp;<strong>encrucijada<\/strong>&nbsp;donde la teor\u00eda del desarrollo y la praxis de la&nbsp;<strong>pol\u00edtica monetaria<\/strong>&nbsp;colisionan. Tras un cierre de 2025 marcado por la aton\u00eda industrial, los indicadores recientes sugieren un repunte que, lejos de ser el resultado de un&nbsp;<strong>fortalecimiento estructural<\/strong>, parece responder a una \u00abmaniobra de reanimaci\u00f3n\u00bb forzada por el manejo de las tasas de inter\u00e9s.<\/p>\n\n\n\n<p>Ante esta realidad es pertinente cuestionar si este ox\u00edgeno es sostenible o si estamos alimentando una&nbsp;<strong>combusti\u00f3n inflacionaria<\/strong>&nbsp;que devorar\u00e1 el poder adquisitivo en el corto plazo.<\/p>\n\n\n\n<p><strong>I. La inercia monetaria como palanca de crecimiento<\/strong><\/p>\n\n\n\n<p>La publicaci\u00f3n del 22 de enero, del&nbsp;<strong>Indicador Oportuno de la Actividad Econ\u00f3mica<\/strong>&nbsp;(IOAE) proyecta un incremento anual del&nbsp;<strong>2.3% en el IGAE<\/strong>&nbsp;para diciembre de 2025 (Instituto Nacional de Estad\u00edstica y Geograf\u00eda [INEGI], 2026a). Este dinamismo, concentrado en el sector servicios con un 2.9%, marca un contraste con la&nbsp;<strong>contracci\u00f3n industrial<\/strong>&nbsp;del 2.7% reportada previamente (INEGI, 2025).<\/p>\n\n\n\n<p>\u00bfC\u00f3mo explicar este giro en una&nbsp;<strong>econom\u00eda con inversi\u00f3n f\u00edsica paralizada<\/strong>? La respuesta reside en el comportamiento de la tasa de referencia. Tras un ciclo de&nbsp;<strong>descensos sistem\u00e1ticos<\/strong>&nbsp;que se ha agudizado en los \u00faltimos 15 meses, el costo del dinero en pesos ha ca\u00eddo a niveles que buscan desesperadamente reactivar dos palancas clave:<\/p>\n\n\n\n<p><strong>1. Arbitraje entre inversi\u00f3n f\u00edsica y financiera:<\/strong>&nbsp;La reducci\u00f3n de las tasas de inter\u00e9s busca desplazar el capital desde la renta fija hacia activos reales. Al disminuir el rendimiento financiero, se intenta que la inversi\u00f3n en infraestructura sea \u00abrelativamente\u00bb m\u00e1s atractiva, aun cuando no existan incentivos fiscales o certidumbre jur\u00eddica que promuevan un aumento real en los niveles de inversi\u00f3n p\u00fablica y privada (Trading Economics, 2026).<\/p>\n\n\n\n<p><strong>2. Incentivo al consumo v\u00eda cr\u00e9dito:<\/strong>&nbsp;El abaratamiento del dinero act\u00faa como un est\u00edmulo directo al consumo de los hogares y al financiamiento operativo de las empresas. Este impulso genera una sensaci\u00f3n de actividad econ\u00f3mica inmediata, pero es una tracci\u00f3n temporal que no descansa sobre un aumento de la productividad total de los factores, sino sobre el apalancamiento (INEGI, 2026a).<\/p>\n\n\n\n<p><strong>II. La se\u00f1al de alerta del INPC<\/strong><\/p>\n\n\n\n<p>El peligro de utilizar la tasa de inter\u00e9s como \u00fanica palanca de crecimiento es la inevitable presi\u00f3n sobre los precios. Los datos del&nbsp;<strong>\u00cdndice Nacional de Precios al Consumidor<\/strong>&nbsp;(INPC) confirman esta distorsi\u00f3n. En la primera quincena de enero de 2026, la inflaci\u00f3n general anual se situ\u00f3 en&nbsp;<strong>3.77%<\/strong>, superando el 3.69% del mismo periodo del a\u00f1o anterior (INEGI, 2026b).<\/p>\n\n\n\n<p>M\u00e1s revelador resulta el comportamiento de la&nbsp;<strong>inflaci\u00f3n subyacente<\/strong>, que se ubic\u00f3 en un&nbsp;<strong>4.47% anual<\/strong>&nbsp;(INEGI, 2026b). Este incremento refleja que el est\u00edmulo monetario est\u00e1 chocando con una oferta de bienes y servicios que no ha crecido al mismo ritmo. Al inyectar&nbsp;<strong>liquidez en una econom\u00eda<\/strong>&nbsp;con una infraestructura industrial debilitada \u2014recordemos la ca\u00edda del 2.7% en actividades secundarias\u2014, el exceso de demanda se traduce directamente en inflaci\u00f3n, anulando el beneficio real del crecimiento inducido (INEGI, 2025).<\/p>\n\n\n\n<p><strong>III. Consecuencias de una medida no estructural<\/strong><\/p>\n\n\n\n<p>La dependencia de la tasa de inter\u00e9s como paliativo ante la falta de certidumbre jur\u00eddica y reformas de fondo acarrea riesgos sist\u00e9micos para 2026:<\/p>\n\n\n\n<ul class=\"wp-block-list\">\n<li><strong>Erosi\u00f3n del Salario Real:<\/strong>\u00a0El crecimiento nominal del consumo ser\u00e1 devorado por la inflaci\u00f3n subyacente, afectando principalmente a los estratos de menores ingresos.<\/li>\n\n\n\n<li><strong>Fragilidad en la Inversi\u00f3n Nueva:<\/strong>\u00a0La IED sigue siendo un \u00abespejismo\u00bb compuesto en un 63% por reinversi\u00f3n de utilidades (Cobos Fern\u00e1ndez, 2025). Sin capital fresco, el est\u00edmulo al cr\u00e9dito solo genera burbujas de consumo sin capacidad instalada que las respalde.<\/li>\n\n\n\n<li><strong>Presi\u00f3n en las Finanzas P\u00fablicas:<\/strong>\u00a0Con un gasto r\u00edgido donde el costo financiero de la deuda absorbe 1.57 billones de pesos (Secretar\u00eda de Hacienda y Cr\u00e9dito P\u00fablico [SHCP], 2025b), cualquier repunte inflacionario que obligue a Banxico a revertir la baja de tasas pondr\u00eda en jaque la viabilidad del presupuesto 2026 (SHCP, 2025a).<\/li>\n<\/ul>\n\n\n\n<p><strong>IV. Estrategia y Viabilidad Corporativa<\/strong><\/p>\n\n\n\n<p>En este laberinto de liquidez y precios al alza, las organizaciones no pueden limitarse a observar el tablero. La resiliencia en 2026 exige una&nbsp;<strong>reingenier\u00eda de viabilidad<\/strong>&nbsp;que sepa distinguir entre el flujo inducido y la rentabilidad estructural.<\/p>\n\n\n\n<p>La respuesta ante este entorno reside en soluciones que integren el<strong>&nbsp;rigor legal&nbsp;<\/strong>con la&nbsp;<strong>optimizaci\u00f3n financiera tecnol\u00f3gica<\/strong>. Es en este espacio donde firmas como&nbsp;<strong>Lexonomics<\/strong>&nbsp;han redise\u00f1ado la consultor\u00eda, implementando auditor\u00edas de flujo con inteligencia artificial que permiten a las empresas neutralizar el impacto de la volatilidad de tasas y blindar su operaci\u00f3n ante la fiscalizaci\u00f3n algor\u00edtmica del SAT. En un&nbsp;<strong>M\u00e9xico&nbsp;<\/strong>donde el crecimiento es una&nbsp;<strong>maniobra de corto plazo<\/strong>&nbsp;y la inflaci\u00f3n una&nbsp;<strong>amenaza persistente<\/strong>, la \u00fanica v\u00eda segura es la precisi\u00f3n t\u00e9cnica y la estrategia anticipatoria.<\/p>\n\n\n\n<p><strong>Referencias<\/strong><br>Cobos Fern\u00e1ndez, J. (2025, 20 de noviembre).&nbsp;<a href=\"https:\/\/www.e-consulta.com\/opinion\/2025-11-20\/la-ilusion-del-record\"><em>La ilusi\u00f3n del r\u00e9cord: Disecci\u00f3n forense del r\u00e9cord de Inversi\u00f3n Extranjera Directa<\/em>.<\/a>&nbsp;e-consulta.&nbsp;<br>Instituto Nacional de Estad\u00edstica y Geograf\u00eda (INEGI). (2025, 21 de noviembre).<a href=\"https:\/\/www.inegi.org.mx\/contenidos\/saladeprensa\/boletines\/2025\/pibt\/pib_Pconst2025_11.pdf\">&nbsp;<\/a><em><a href=\"https:\/\/www.inegi.org.mx\/contenidos\/saladeprensa\/boletines\/2025\/pibt\/pib_Pconst2025_11.pdf\">Producto Interno Bruto (PIB) Trimestral. A precios constantes<\/a>. Bolet\u00edn de Indicador 627\/25<\/em>.<br>Instituto Nacional de Estad\u00edstica y Geograf\u00eda (INEGI). (2026a, 21 de enero).&nbsp;<em><a href=\"https:\/\/en.www.inegi.org.mx\/contenidos\/saladeprensa\/boletines\/2026\/ioae\/ioae2026_01.pdf\">Indicador Oportuno de la Actividad Econ\u00f3mica (IOAE)<\/a>. Bolet\u00edn de Indicador 24\/26<\/em>.<br>Instituto Nacional de Estad\u00edstica y Geograf\u00eda (INEGI). (2026b, 22 de enero).<a href=\"https:\/\/www.inegi.org.mx\/contenidos\/saladeprensa\/boletines\/2026\/inpc\/inpc_1q2026_01.pdf\">&nbsp;<\/a><em><a href=\"https:\/\/www.inegi.org.mx\/contenidos\/saladeprensa\/boletines\/2026\/inpc\/inpc_1q2026_01.pdf\">\u00cdndice Nacional de Precios al Consumidor (INPC). Primera quincena de enero de 2026.<\/a>&nbsp;Bolet\u00edn de Indicador 25\/26<\/em>.<br>Secretar\u00eda de Hacienda y Cr\u00e9dito P\u00fablico (SHCP). (2025a).&nbsp;<a href=\"https:\/\/www.finanzaspublicas.hacienda.gob.mx\/work\/models\/Finanzas_Publicas\/docs\/paquete_economico\/cgpe\/cgpe_2026.pdf\"><em>Criterios Generales de Pol\u00edtica Econ\u00f3mica para el Ejercicio Fiscal 2026<\/em><\/a>.<br>Secretar\u00eda de Hacienda y Cr\u00e9dito P\u00fablico (SHCP). (2025b).&nbsp;<a href=\"https:\/\/www.ppef.hacienda.gob.mx\/\"><em>Proyecto de Presupuesto de Egresos de la Federaci\u00f3n 2026<\/em>.<\/a>&nbsp;<br>Trading Economics. (2026).&nbsp;<a href=\"https:\/\/es.tradingeconomics.com\/mexico\/interest-rate\"><em>Mexico Interest Rate &#8211; 2026 Data<\/em><\/a>.&nbsp;<\/p>\n\n\n\n<hr class=\"wp-block-separator has-alpha-channel-opacity\"\/>\n\n\n\n<p>Economista por la UDLAP, M.A.P. por la Universidad de Columbia de Nueva York, con estudios de Maestr\u00eda en Derecho en el ITAM, M\u00e1ster en Private Equity, y doctorante en Derecho por el Centro de Estudios Carbonell. Exdirector Asociado en S&amp;P, y exconsultor en IADB.<\/p>\n\n\n\n<hr class=\"wp-block-separator has-alpha-channel-opacity\"\/>\n\n\n\n<p><strong>+ OPINI\u00d3N : Las opiniones expresadas son responsabilidad del autor<\/strong><\/p>\n\n\n\n<p><\/p>\n","protected":false},"excerpt":{"rendered":"<p>Por Javier Cobos Fern\u00e1ndez @jcobosfernandez El&nbsp;panorama econ\u00f3mico de M\u00e9xico&nbsp;al inicio de 2026 nos sit\u00faa en una&nbsp;encrucijada&nbsp;donde la teor\u00eda del desarrollo [&hellip;]<\/p>\n","protected":false},"author":1,"featured_media":115278,"comment_status":"open","ping_status":"open","sticky":false,"template":"","format":"standard","meta":{"site-sidebar-layout":"default","site-content-layout":"","ast-site-content-layout":"default","site-content-style":"default","site-sidebar-style":"default","ast-global-header-display":"","ast-banner-title-visibility":"","ast-main-header-display":"","ast-hfb-above-header-display":"","ast-hfb-below-header-display":"","ast-hfb-mobile-header-display":"","site-post-title":"","ast-breadcrumbs-content":"","ast-featured-img":"","footer-sml-layout":"","theme-transparent-header-meta":"","adv-header-id-meta":"","stick-header-meta":"","header-above-stick-meta":"","header-main-stick-meta":"","header-below-stick-meta":"","astra-migrate-meta-layouts":"default","ast-page-background-enabled":"default","ast-page-background-meta":{"desktop":{"background-color":"var(--ast-global-color-4)","background-image":"","background-repeat":"repeat","background-position":"center center","background-size":"auto","background-attachment":"scroll","background-type":"","background-media":"","overlay-type":"","overlay-color":"","overlay-opacity":"","overlay-gradient":""},"tablet":{"background-color":"","background-image":"","background-repeat":"repeat","background-position":"center center","background-size":"auto","background-attachment":"scroll","background-type":"","background-media":"","overlay-type":"","overlay-color":"","overlay-opacity":"","overlay-gradient":""},"mobile":{"background-color":"","background-image":"","background-repeat":"repeat","background-position":"center center","background-size":"auto","background-attachment":"scroll","background-type":"","background-media":"","overlay-type":"","overlay-color":"","overlay-opacity":"","overlay-gradient":""}},"ast-content-background-meta":{"desktop":{"background-color":"var(--ast-global-color-5)","background-image":"","background-repeat":"repeat","background-position":"center center","background-size":"auto","background-attachment":"scroll","background-type":"","background-media":"","overlay-type":"","overlay-color":"","overlay-opacity":"","overlay-gradient":""},"tablet":{"background-color":"var(--ast-global-color-5)","background-image":"","background-repeat":"repeat","background-position":"center center","background-size":"auto","background-attachment":"scroll","background-type":"","background-media":"","overlay-type":"","overlay-color":"","overlay-opacity":"","overlay-gradient":""},"mobile":{"background-color":"var(--ast-global-color-5)","background-image":"","background-repeat":"repeat","background-position":"center center","background-size":"auto","background-attachment":"scroll","background-type":"","background-media":"","overlay-type":"","overlay-color":"","overlay-opacity":"","overlay-gradient":""}},"footnotes":""},"categories":[8,22],"tags":[45620,45619],"class_list":["post-115277","post","type-post","status-publish","format-standard","has-post-thumbnail","hentry","category-noticias","category-opinion-invitada","tag-ioae","tag-panorama-economico-de-mexico"],"_links":{"self":[{"href":"https:\/\/losperiodistas.com.mx\/portal\/wp-json\/wp\/v2\/posts\/115277","targetHints":{"allow":["GET"]}}],"collection":[{"href":"https:\/\/losperiodistas.com.mx\/portal\/wp-json\/wp\/v2\/posts"}],"about":[{"href":"https:\/\/losperiodistas.com.mx\/portal\/wp-json\/wp\/v2\/types\/post"}],"author":[{"embeddable":true,"href":"https:\/\/losperiodistas.com.mx\/portal\/wp-json\/wp\/v2\/users\/1"}],"replies":[{"embeddable":true,"href":"https:\/\/losperiodistas.com.mx\/portal\/wp-json\/wp\/v2\/comments?post=115277"}],"version-history":[{"count":1,"href":"https:\/\/losperiodistas.com.mx\/portal\/wp-json\/wp\/v2\/posts\/115277\/revisions"}],"predecessor-version":[{"id":115279,"href":"https:\/\/losperiodistas.com.mx\/portal\/wp-json\/wp\/v2\/posts\/115277\/revisions\/115279"}],"wp:featuredmedia":[{"embeddable":true,"href":"https:\/\/losperiodistas.com.mx\/portal\/wp-json\/wp\/v2\/media\/115278"}],"wp:attachment":[{"href":"https:\/\/losperiodistas.com.mx\/portal\/wp-json\/wp\/v2\/media?parent=115277"}],"wp:term":[{"taxonomy":"category","embeddable":true,"href":"https:\/\/losperiodistas.com.mx\/portal\/wp-json\/wp\/v2\/categories?post=115277"},{"taxonomy":"post_tag","embeddable":true,"href":"https:\/\/losperiodistas.com.mx\/portal\/wp-json\/wp\/v2\/tags?post=115277"}],"curies":[{"name":"wp","href":"https:\/\/api.w.org\/{rel}","templated":true}]}}