{"id":115267,"date":"2026-01-23T23:01:21","date_gmt":"2026-01-24T05:01:21","guid":{"rendered":"https:\/\/losperiodistas.com.mx\/portal\/?p=115267"},"modified":"2026-01-23T23:01:22","modified_gmt":"2026-01-24T05:01:22","slug":"proteccion-civil-emite-alerta-por-tormenta-invernal-en-mexico-pide-abrigarse-y-transitar-con-precaucion-en-carreteras-el-universal","status":"publish","type":"post","link":"https:\/\/losperiodistas.com.mx\/portal\/proteccion-civil-emite-alerta-por-tormenta-invernal-en-mexico-pide-abrigarse-y-transitar-con-precaucion-en-carreteras-el-universal\/","title":{"rendered":"Protecci\u00f3n Civil emite alerta por tormenta invernal en M\u00e9xico; pide abrigarse y transitar con precauci\u00f3n en carreteras | El Universal"},"content":{"rendered":"\n<p>Este fin de semana estar\u00e1 marcado por un descenso de temperaturas y condiciones invernales<\/p>\n\n\n\n<figure class=\"wp-block-image size-large\"><img fetchpriority=\"high\" decoding=\"async\" width=\"1024\" height=\"635\" src=\"https:\/\/losperiodistas.com.mx\/portal\/wp-content\/uploads\/2026\/01\/BajasTemperaturas-1024x635.png\" alt=\"\" class=\"wp-image-115268\" srcset=\"https:\/\/losperiodistas.com.mx\/portal\/wp-content\/uploads\/2026\/01\/BajasTemperaturas-1024x635.png 1024w, https:\/\/losperiodistas.com.mx\/portal\/wp-content\/uploads\/2026\/01\/BajasTemperaturas-300x186.png 300w, https:\/\/losperiodistas.com.mx\/portal\/wp-content\/uploads\/2026\/01\/BajasTemperaturas-768x476.png 768w, https:\/\/losperiodistas.com.mx\/portal\/wp-content\/uploads\/2026\/01\/BajasTemperaturas.png 1252w\" sizes=\"(max-width: 1024px) 100vw, 1024px\" \/><figcaption class=\"wp-element-caption\">Bajas temperaturas e M\u00e9xico. Jorge Alvarado \/ EL UNIVERSAL<\/figcaption><\/figure>\n\n\n\n<p class=\"has-vivid-red-color has-text-color has-link-color wp-elements-c4388840a512dfa26d65a58c4cc25576\">Alelh\u00ed Salgado \/ El Universal<\/p>\n\n\n\n<p>Ante el marcado <strong>descenso de temperaturas<\/strong> y la intensificaci\u00f3n de las <strong>condiciones invernales<\/strong> previstas para este fin de semana, la Coordinaci\u00f3n Nacional de Protecci\u00f3n Civil (<strong>CNPC<\/strong>), de la Secretar\u00eda de Seguridad y Protecci\u00f3n Ciudadana (SSPC), emiti\u00f3 una<strong> alerta preventiva<\/strong>y llam\u00f3 a la poblaci\u00f3n a reforzar medidas de <strong>autoprotecci\u00f3n <\/strong>desde este viernes y hasta el domingo 25 de enero.<\/p>\n\n\n\n<p>De acuerdo con el Servicio Meteorol\u00f3gico Nacional (SMN) el escenario clim\u00e1tico estar\u00e1 dominado por la interacci\u00f3n de la <strong>Tercera Tormenta Invernal<\/strong>, el frente fr\u00edo n\u00famero 31 y una masa de aire \u00e1rtico y un r\u00edo atmosf\u00e9rico, combinaci\u00f3n que provocar\u00e1 <strong>fr\u00edo extremo<\/strong>, lluvias intensas, vientos fuertes y nevadas, con desplazamiento del noroeste hacia el noreste y el centro del pa\u00eds.<\/p>\n\n\n\n<p>Para este viernes, el SMN advirti\u00f3 que en la regi\u00f3n norte la inestabilidad atmosf\u00e9rica podr\u00eda favorecer la formaci\u00f3n de <strong>torbellinos <\/strong>o tornados en Coahuila, acompa\u00f1ados de lluvias fuertes, mientras que el ambiente fr\u00edo comenzar\u00e1 a intensificarse en amplias zonas del norte.<\/p>\n\n\n\n<figure class=\"wp-block-image size-full\"><img decoding=\"async\" width=\"1005\" height=\"620\" src=\"https:\/\/losperiodistas.com.mx\/portal\/wp-content\/uploads\/2026\/01\/imagen-136.png\" alt=\"\" class=\"wp-image-115269\" srcset=\"https:\/\/losperiodistas.com.mx\/portal\/wp-content\/uploads\/2026\/01\/imagen-136.png 1005w, https:\/\/losperiodistas.com.mx\/portal\/wp-content\/uploads\/2026\/01\/imagen-136-300x185.png 300w, https:\/\/losperiodistas.com.mx\/portal\/wp-content\/uploads\/2026\/01\/imagen-136-768x474.png 768w\" sizes=\"(max-width: 1005px) 100vw, 1005px\" \/><figcaption class=\"wp-element-caption\">Fr\u00edo y posible lluvia en M\u00e9xico. Foto: Fernanda Rojas \/ EL UNIVERSAL<\/figcaption><\/figure>\n\n\n\n<p>El s\u00e1bado 24 de enero se perfila como el d\u00eda con mayores afectaciones. En Durango se pronostican <strong>lluvias puntuales intensas<\/strong>, con acumulados de entre 75 y 150 mil\u00edmetros, con riesgo de encharcamientos y crecidas. A ello se sumar\u00e1 el ingreso de aire \u00e1rtico, que generar\u00e1 <strong>temperaturas m\u00ednimas extremas<\/strong> de entre -20 y -15 grados Celsius en zonas serranas de Chihuahua durante la madrugada del domingo, as\u00ed como rachas de viento de 80 a 100 kil\u00f3metros por hora en Chihuahua, Coahuila, Durango y Zacatecas.<\/p>\n\n\n\n<p>La CNPC alert\u00f3 que el <strong>riesgo en carreteras<\/strong> aumentar\u00e1 de manera significativa la noche del s\u00e1bado en Coahuila, debido al pron\u00f3stico de lluvia engelante, fen\u00f3meno que congela de forma inmediata la superficie del asfalto. Adem\u00e1s, se esperan <strong>nevadas <\/strong>o ca\u00edda de aguanieve en sierras de Baja California, Sonora, Chihuahua, Sinaloa y Durango.<\/p>\n\n\n\n<p>Para el domingo 25 de enero, el sistema se extender\u00e1 hacia el Golfo de M\u00e9xico y el centro del pa\u00eds. Se prev\u00e9 un <strong>evento de Norte intenso<\/strong>, con rachas de 70 a 90 kil\u00f3metros por hora en Tamaulipas y Veracruz, que se prolongar\u00e1 hacia el Istmo de Tehuantepec y generar\u00e1 oleaje de hasta cuatro metros de altura en costas del Golfo.<\/p>\n\n\n\n<p>Las lluvias torrenciales se concentrar\u00e1n en Veracruz, particularmente en la regi\u00f3n de Nautla, mientras que las condiciones para lluvia engelante se ampliar\u00e1n a Nuevo Le\u00f3n, Tamaulipas y San Luis Potos\u00ed. En tanto, la cota de nieve descender\u00e1 hacia el centro del pa\u00eds, con pron\u00f3stico de <strong>nieve <\/strong>o aguanieve en las cimas del Nevado de Colima, Cofre de Perote y Pico de Orizaba.<\/p>\n\n\n\n<p>Frente a este panorama, Protecci\u00f3n Civil reiter\u00f3 el llamado a la poblaci\u00f3n a reforzar medidas de autoprotecci\u00f3n. Entre ellas, <strong>abrigarse <\/strong>con varias capas de ropa para enfrentar el fr\u00edo extremo, proteger tuber\u00edas expuestas y garantizar ventilaci\u00f3n adecuada en caso de utilizar calentadores de gas o le\u00f1a para evitar intoxicaciones por mon\u00f3xido de carbono.<\/p>\n\n\n\n<p>Fuente: <a href=\"https:\/\/www.eluniversal.com.mx\/nacion\/proteccion-civil-emite-alerta-por-tormenta-invernal-en-mexico-pide-abrigarse-y-transitar-con-precaucion-en-carreteras\/\" target=\"_blank\" rel=\"noreferrer noopener\">El Universal<\/a><\/p>\n","protected":false},"excerpt":{"rendered":"<p>Este fin de semana estar\u00e1 marcado por un descenso de temperaturas y condiciones invernales<\/p>\n","protected":false},"author":1,"featured_media":115268,"comment_status":"open","ping_status":"open","sticky":false,"template":"","format":"standard","meta":{"site-sidebar-layout":"default","site-content-layout":"","ast-site-content-layout":"default","site-content-style":"default","site-sidebar-style":"default","ast-global-header-display":"","ast-banner-title-visibility":"","ast-main-header-display":"","ast-hfb-above-header-display":"","ast-hfb-below-header-display":"","ast-hfb-mobile-header-display":"","site-post-title":"","ast-breadcrumbs-content":"","ast-featured-img":"","footer-sml-layout":"","theme-transparent-header-meta":"","adv-header-id-meta":"","stick-header-meta":"","header-above-stick-meta":"","header-main-stick-meta":"","header-below-stick-meta":"","astra-migrate-meta-layouts":"default","ast-page-background-enabled":"default","ast-page-background-meta":{"desktop":{"background-color":"var(--ast-global-color-4)","background-image":"","background-repeat":"repeat","background-position":"center center","background-size":"auto","background-attachment":"scroll","background-type":"","background-media":"","overlay-type":"","overlay-color":"","overlay-opacity":"","overlay-gradient":""},"tablet":{"background-color":"","background-image":"","background-repeat":"repeat","background-position":"center center","background-size":"auto","background-attachment":"scroll","background-type":"","background-media":"","overlay-type":"","overlay-color":"","overlay-opacity":"","overlay-gradient":""},"mobile":{"background-color":"","background-image":"","background-repeat":"repeat","background-position":"center center","background-size":"auto","background-attachment":"scroll","background-type":"","background-media":"","overlay-type":"","overlay-color":"","overlay-opacity":"","overlay-gradient":""}},"ast-content-background-meta":{"desktop":{"background-color":"var(--ast-global-color-5)","background-image":"","background-repeat":"repeat","background-position":"center center","background-size":"auto","background-attachment":"scroll","background-type":"","background-media":"","overlay-type":"","overlay-color":"","overlay-opacity":"","overlay-gradient":""},"tablet":{"background-color":"var(--ast-global-color-5)","background-image":"","background-repeat":"repeat","background-position":"center center","background-size":"auto","background-attachment":"scroll","background-type":"","background-media":"","overlay-type":"","overlay-color":"","overlay-opacity":"","overlay-gradient":""},"mobile":{"background-color":"var(--ast-global-color-5)","background-image":"","background-repeat":"repeat","background-position":"center center","background-size":"auto","background-attachment":"scroll","background-type":"","background-media":"","overlay-type":"","overlay-color":"","overlay-opacity":"","overlay-gradient":""}},"footnotes":""},"categories":[8],"tags":[45612,13308,45614,45613,45562],"class_list":["post-115267","post","type-post","status-publish","format-standard","has-post-thumbnail","hentry","category-noticias","tag-clima-en-mexico","tag-cnpc","tag-condiciones-invernales","tag-descenso-de-temperaturas","tag-tormenta-invernal"],"_links":{"self":[{"href":"https:\/\/losperiodistas.com.mx\/portal\/wp-json\/wp\/v2\/posts\/115267","targetHints":{"allow":["GET"]}}],"collection":[{"href":"https:\/\/losperiodistas.com.mx\/portal\/wp-json\/wp\/v2\/posts"}],"about":[{"href":"https:\/\/losperiodistas.com.mx\/portal\/wp-json\/wp\/v2\/types\/post"}],"author":[{"embeddable":true,"href":"https:\/\/losperiodistas.com.mx\/portal\/wp-json\/wp\/v2\/users\/1"}],"replies":[{"embeddable":true,"href":"https:\/\/losperiodistas.com.mx\/portal\/wp-json\/wp\/v2\/comments?post=115267"}],"version-history":[{"count":1,"href":"https:\/\/losperiodistas.com.mx\/portal\/wp-json\/wp\/v2\/posts\/115267\/revisions"}],"predecessor-version":[{"id":115270,"href":"https:\/\/losperiodistas.com.mx\/portal\/wp-json\/wp\/v2\/posts\/115267\/revisions\/115270"}],"wp:featuredmedia":[{"embeddable":true,"href":"https:\/\/losperiodistas.com.mx\/portal\/wp-json\/wp\/v2\/media\/115268"}],"wp:attachment":[{"href":"https:\/\/losperiodistas.com.mx\/portal\/wp-json\/wp\/v2\/media?parent=115267"}],"wp:term":[{"taxonomy":"category","embeddable":true,"href":"https:\/\/losperiodistas.com.mx\/portal\/wp-json\/wp\/v2\/categories?post=115267"},{"taxonomy":"post_tag","embeddable":true,"href":"https:\/\/losperiodistas.com.mx\/portal\/wp-json\/wp\/v2\/tags?post=115267"}],"curies":[{"name":"wp","href":"https:\/\/api.w.org\/{rel}","templated":true}]}}