{"id":115264,"date":"2026-01-23T22:35:38","date_gmt":"2026-01-24T04:35:38","guid":{"rendered":"https:\/\/losperiodistas.com.mx\/portal\/?p=115264"},"modified":"2026-01-23T22:35:39","modified_gmt":"2026-01-24T04:35:39","slug":"obra-del-forum-en-la-explaza-el-relicario-no-impactara-patrimonio-historico-inah-la-jornada","status":"publish","type":"post","link":"https:\/\/losperiodistas.com.mx\/portal\/obra-del-forum-en-la-explaza-el-relicario-no-impactara-patrimonio-historico-inah-la-jornada\/","title":{"rendered":"Obra del F\u00f3rum en la explaza \u201cEl Relicario\u201d no impactar\u00e1 patrimonio hist\u00f3rico: INAH | La Jornada"},"content":{"rendered":"\n<figure class=\"wp-block-image size-large\"><img fetchpriority=\"high\" decoding=\"async\" width=\"1024\" height=\"646\" src=\"https:\/\/losperiodistas.com.mx\/portal\/wp-content\/uploads\/2026\/01\/Forum-1024x646.jpeg\" alt=\"\" class=\"wp-image-115265\" srcset=\"https:\/\/losperiodistas.com.mx\/portal\/wp-content\/uploads\/2026\/01\/Forum-1024x646.jpeg 1024w, https:\/\/losperiodistas.com.mx\/portal\/wp-content\/uploads\/2026\/01\/Forum-300x189.jpeg 300w, https:\/\/losperiodistas.com.mx\/portal\/wp-content\/uploads\/2026\/01\/Forum-768x485.jpeg 768w, https:\/\/losperiodistas.com.mx\/portal\/wp-content\/uploads\/2026\/01\/Forum.jpeg 1280w\" sizes=\"(max-width: 1024px) 100vw, 1024px\" \/><figcaption class=\"wp-element-caption\">El gobernador Alejandro Armenta Mier constat\u00f3 los avances de la obra y reafirm\u00f3 que este proyecto es una pieza estrat\u00e9gica para detonar el desarrollo del estado.<\/figcaption><\/figure>\n\n\n\n<p class=\"has-vivid-red-color has-text-color has-link-color wp-elements-e12e6293d0f4281c8c132eb9f24b355a\">Yadira Llaven Anzures \/ La Jornada<\/p>\n\n\n\n<p>El <strong>Instituto Nacional de Antropolog\u00eda e Historia<\/strong> (INAH) inform\u00f3 que el proyecto del Forum \u201cPensar en grande\u201d, en las antiguas instalaciones de la plaza de toros \u201cEl Relicario\u201d, se ejecuta bajo una estrecha vigilancia t\u00e9cnica para salvaguardar la zona de intervenci\u00f3n.<\/p>\n\n\n\n<p>As\u00ed lo afirm\u00f3 el titular del Centro-INAH en Puebla, \u200b<strong>Donnadieu Cervantes<\/strong>, quien recalc\u00f3 que<strong> la presencia del INAH en la obra no es solo consultiva, sino normativa.<\/strong><\/p>\n\n\n\n<p>Tras un recorrido por las obras, sin la presencia de medios de comunicaci\u00f3n, sostuvo que, como medida de mitigaci\u00f3n del impacto visual, <strong>el nuevo edificio no superar\u00e1 la altura de las construcciones preexistentes<\/strong>, respetando as\u00ed el perfil urbano del \u00e1rea.<\/p>\n\n\n\n<p>\u200bDestac\u00f3 que esta<strong> coordinaci\u00f3n t\u00e9cnica entre las autoridades federales y estatales busca evitar cualquier afectaci\u00f3n a posibles vestigios<\/strong> y asegurar que la arquitectura moderna del Forum armonice con el entorno hist\u00f3rico de los Fuertes, zona emblem\u00e1tica de la capital poblana.<\/p>\n\n\n\n<p>Ante lo expuesto, garantiz\u00f3 que <strong>la construcci\u00f3n del nuevo foro cumple y cumplir\u00e1 con los lineamientos de protecci\u00f3n patrimonial<\/strong> y respeto al entorno urbano de la capital poblana.<\/p>\n\n\n\n<p>\u200bPor su parte, el gobernador Alejandro Armenta Mier constat\u00f3 los avances de la obra y reafirm\u00f3 que <strong>este proyecto es una pieza estrat\u00e9gica para detonar el desarrollo del estado.<\/strong><\/p>\n\n\n\n<p><strong>El mandatario<\/strong> enfatiz\u00f3 que <strong>el Forum fue concebido bajo est\u00e1ndares de legalidad y rigor institucional<\/strong>, buscando atraer eventos culturales, art\u00edsticos y deportivos de clase mundial que impulsen la econom\u00eda regional.<\/p>\n\n\n\n<p>Respecto a los detalles t\u00e9cnicos, la Secretar\u00eda de Infraestructura, encabezada por Jos\u00e9 Manuel Contreras de los Santos, inform\u00f3 que <strong>la inversi\u00f3n total asciende a 147 millones de pesos.<\/strong><\/p>\n\n\n\n<p><strong>El complejo est\u00e1 dise\u00f1ado para albergar eventos de gran magnitud<\/strong> con las siguientes capacidades: el escenario Arena recibir\u00e1 hasta 8 mil 600 asistentes, el Palenque dispondr\u00e1 de un aforo de 7 mil 500 personas y el Lienzo Charro tendr\u00e1 cupo para 6 mil espectadores.<\/p>\n\n\n\n<p>Fuente: <a href=\"https:\/\/www.lajornadadeoriente.com.mx\/puebla\/obra-del-forum-en-la-explaza-el-relicario-no-impactara-patrimonio-historico-inah\/\" target=\"_blank\" rel=\"noreferrer noopener\">La Jornada<\/a><\/p>\n","protected":false},"excerpt":{"rendered":"<p>Yadira Llaven Anzures \/ La Jornada El Instituto Nacional de Antropolog\u00eda e Historia (INAH) inform\u00f3 que el proyecto del Forum [&hellip;]<\/p>\n","protected":false},"author":1,"featured_media":115265,"comment_status":"open","ping_status":"open","sticky":false,"template":"","format":"standard","meta":{"site-sidebar-layout":"default","site-content-layout":"","ast-site-content-layout":"default","site-content-style":"default","site-sidebar-style":"default","ast-global-header-display":"","ast-banner-title-visibility":"","ast-main-header-display":"","ast-hfb-above-header-display":"","ast-hfb-below-header-display":"","ast-hfb-mobile-header-display":"","site-post-title":"","ast-breadcrumbs-content":"","ast-featured-img":"","footer-sml-layout":"","theme-transparent-header-meta":"","adv-header-id-meta":"","stick-header-meta":"","header-above-stick-meta":"","header-main-stick-meta":"","header-below-stick-meta":"","astra-migrate-meta-layouts":"default","ast-page-background-enabled":"default","ast-page-background-meta":{"desktop":{"background-color":"var(--ast-global-color-4)","background-image":"","background-repeat":"repeat","background-position":"center center","background-size":"auto","background-attachment":"scroll","background-type":"","background-media":"","overlay-type":"","overlay-color":"","overlay-opacity":"","overlay-gradient":""},"tablet":{"background-color":"","background-image":"","background-repeat":"repeat","background-position":"center center","background-size":"auto","background-attachment":"scroll","background-type":"","background-media":"","overlay-type":"","overlay-color":"","overlay-opacity":"","overlay-gradient":""},"mobile":{"background-color":"","background-image":"","background-repeat":"repeat","background-position":"center center","background-size":"auto","background-attachment":"scroll","background-type":"","background-media":"","overlay-type":"","overlay-color":"","overlay-opacity":"","overlay-gradient":""}},"ast-content-background-meta":{"desktop":{"background-color":"var(--ast-global-color-5)","background-image":"","background-repeat":"repeat","background-position":"center center","background-size":"auto","background-attachment":"scroll","background-type":"","background-media":"","overlay-type":"","overlay-color":"","overlay-opacity":"","overlay-gradient":""},"tablet":{"background-color":"var(--ast-global-color-5)","background-image":"","background-repeat":"repeat","background-position":"center center","background-size":"auto","background-attachment":"scroll","background-type":"","background-media":"","overlay-type":"","overlay-color":"","overlay-opacity":"","overlay-gradient":""},"mobile":{"background-color":"var(--ast-global-color-5)","background-image":"","background-repeat":"repeat","background-position":"center center","background-size":"auto","background-attachment":"scroll","background-type":"","background-media":"","overlay-type":"","overlay-color":"","overlay-opacity":"","overlay-gradient":""}},"footnotes":""},"categories":[8],"tags":[11253,45610,1037,45611],"class_list":["post-115264","post","type-post","status-publish","format-standard","has-post-thumbnail","hentry","category-noticias","tag-el-relicario","tag-forum","tag-inah","tag-patrimonio-historico"],"_links":{"self":[{"href":"https:\/\/losperiodistas.com.mx\/portal\/wp-json\/wp\/v2\/posts\/115264","targetHints":{"allow":["GET"]}}],"collection":[{"href":"https:\/\/losperiodistas.com.mx\/portal\/wp-json\/wp\/v2\/posts"}],"about":[{"href":"https:\/\/losperiodistas.com.mx\/portal\/wp-json\/wp\/v2\/types\/post"}],"author":[{"embeddable":true,"href":"https:\/\/losperiodistas.com.mx\/portal\/wp-json\/wp\/v2\/users\/1"}],"replies":[{"embeddable":true,"href":"https:\/\/losperiodistas.com.mx\/portal\/wp-json\/wp\/v2\/comments?post=115264"}],"version-history":[{"count":1,"href":"https:\/\/losperiodistas.com.mx\/portal\/wp-json\/wp\/v2\/posts\/115264\/revisions"}],"predecessor-version":[{"id":115266,"href":"https:\/\/losperiodistas.com.mx\/portal\/wp-json\/wp\/v2\/posts\/115264\/revisions\/115266"}],"wp:featuredmedia":[{"embeddable":true,"href":"https:\/\/losperiodistas.com.mx\/portal\/wp-json\/wp\/v2\/media\/115265"}],"wp:attachment":[{"href":"https:\/\/losperiodistas.com.mx\/portal\/wp-json\/wp\/v2\/media?parent=115264"}],"wp:term":[{"taxonomy":"category","embeddable":true,"href":"https:\/\/losperiodistas.com.mx\/portal\/wp-json\/wp\/v2\/categories?post=115264"},{"taxonomy":"post_tag","embeddable":true,"href":"https:\/\/losperiodistas.com.mx\/portal\/wp-json\/wp\/v2\/tags?post=115264"}],"curies":[{"name":"wp","href":"https:\/\/api.w.org\/{rel}","templated":true}]}}