{"id":115218,"date":"2026-01-23T08:05:09","date_gmt":"2026-01-23T14:05:09","guid":{"rendered":"https:\/\/losperiodistas.com.mx\/portal\/?p=115218"},"modified":"2026-01-23T08:05:11","modified_gmt":"2026-01-23T14:05:11","slug":"dia-mundial-de-la-libertad-did-2","status":"publish","type":"post","link":"https:\/\/losperiodistas.com.mx\/portal\/dia-mundial-de-la-libertad-did-2\/","title":{"rendered":"D\u00eda Mundial de la Libertad | DID"},"content":{"rendered":"\n<figure class=\"wp-block-image aligncenter size-full is-resized\"><img fetchpriority=\"high\" decoding=\"async\" width=\"305\" height=\"203\" src=\"https:\/\/losperiodistas.com.mx\/portal\/wp-content\/uploads\/2026\/01\/01-23_dia-mundial-libertad.jpg\" alt=\"\" class=\"wp-image-115219\" style=\"width:505px;height:auto\" srcset=\"https:\/\/losperiodistas.com.mx\/portal\/wp-content\/uploads\/2026\/01\/01-23_dia-mundial-libertad.jpg 305w, https:\/\/losperiodistas.com.mx\/portal\/wp-content\/uploads\/2026\/01\/01-23_dia-mundial-libertad-300x200.jpg 300w\" sizes=\"(max-width: 305px) 100vw, 305px\" \/><\/figure>\n\n\n\n<p class=\"has-vivid-red-color has-text-color has-link-color has-medium-font-size wp-elements-3aa118b0468398fc8c867f42a873ef01\"><strong>REDACCI\u00d3N D\u00cdA INTERNACIONAL DE<\/strong><\/p>\n\n\n\n<p><strong>El 23 de enero se celebra el D\u00eda Mundial de la Libertad<\/strong>, con la finalidad de enaltecer la importancia de este derecho universal.<\/p>\n\n\n\n<p>La&nbsp;<strong>libertad<\/strong>&nbsp;es concebida como un derecho humano fundamental de las personas, referido a la facultad de los individuos para elegir su forma de vivir, pensar y actuar en la sociedad de manera responsable, sin coerciones ni obligaciones.<\/p>\n\n\n\n<p>En otras palabras, es la capacidad que tienen las personas de actuar por su propia voluntad, basado en el respeto hacia s\u00ed mismo y a los dem\u00e1s.<\/p>\n\n\n\n<h2 class=\"wp-block-heading\">\u00bfPor qu\u00e9 se celebra el D\u00eda Mundial de la Libertad?<\/h2>\n\n\n\n<p>Con la celebraci\u00f3n del&nbsp;<strong>D\u00eda Mundial de la Libertad&nbsp;<\/strong>se pretende resaltar esta modalidad de pensamiento y de acci\u00f3n, de vital importancia para los individuos y las sociedades de todo el mundo.<\/p>\n\n\n\n<p>En relaci\u00f3n a la fecha escogida para la celebraci\u00f3n de esta efem\u00e9ride, est\u00e1 relacionada con algunos hechos relevantes que acontecieron en nombre de la libertad, venciendo a la esclavitud y la opresi\u00f3n.<\/p>\n\n\n\n<p>Al respecto, el 23 de enero de 1954 unos 22.000 prisioneros de guerra chinos (soldados de los ej\u00e9rcitos comunistas chinos y coreano), apresados en&nbsp;<strong>Taiw\u00e1n<\/strong>, no quisieron ser repatriados a su pa\u00eds. Ganaron su libertad, gracias al trabajo en conjunto en la zona de guerra de Corea.<\/p>\n\n\n\n<p>Por otra parte, en&nbsp;<strong>Venezuela&nbsp;<\/strong>se suscit\u00f3 un hecho hist\u00f3rico el 23 de enero de 1958, cuando se conform\u00f3 una uni\u00f3n c\u00edvico-militar con la participaci\u00f3n del pueblo venezolano, para derrocar la dictadura militar del General Marcos P\u00e9rez Jim\u00e9nez, que reg\u00eda en el pa\u00eds.<\/p>\n\n\n\n<h2 class=\"wp-block-heading\">Art\u00edculos relacionados con la Libertad<\/h2>\n\n\n\n<p>Puedes consultar informaci\u00f3n adicional sobre este interesante tema, en los siguientes art\u00edculos relacionados:<\/p>\n\n\n\n<p>Comparte informaci\u00f3n \u00fatil e interesante sobre el&nbsp;<strong>D\u00eda Mundial de la Libertad<\/strong>, en las redes sociales. Utiliza el hashtag&nbsp;<strong><em>#WorldFreedomDay<\/em><\/strong><\/p>\n\n\n\n<p>Fuente: <a href=\"https:\/\/www.diainternacionalde.com\/ficha\/dia-mundial-libertad\">https:\/\/www.diainternacionalde.com\/ficha\/dia-mundial-libertad<\/a><\/p>\n","protected":false},"excerpt":{"rendered":"<p>REDACCI\u00d3N D\u00cdA INTERNACIONAL DE El 23 de enero se celebra el D\u00eda Mundial de la Libertad, con la finalidad de [&hellip;]<\/p>\n","protected":false},"author":1,"featured_media":115219,"comment_status":"open","ping_status":"open","sticky":false,"template":"","format":"standard","meta":{"site-sidebar-layout":"default","site-content-layout":"","ast-site-content-layout":"default","site-content-style":"default","site-sidebar-style":"default","ast-global-header-display":"","ast-banner-title-visibility":"","ast-main-header-display":"","ast-hfb-above-header-display":"","ast-hfb-below-header-display":"","ast-hfb-mobile-header-display":"","site-post-title":"","ast-breadcrumbs-content":"","ast-featured-img":"","footer-sml-layout":"","theme-transparent-header-meta":"","adv-header-id-meta":"","stick-header-meta":"","header-above-stick-meta":"","header-main-stick-meta":"","header-below-stick-meta":"","astra-migrate-meta-layouts":"default","ast-page-background-enabled":"default","ast-page-background-meta":{"desktop":{"background-color":"var(--ast-global-color-4)","background-image":"","background-repeat":"repeat","background-position":"center center","background-size":"auto","background-attachment":"scroll","background-type":"","background-media":"","overlay-type":"","overlay-color":"","overlay-opacity":"","overlay-gradient":""},"tablet":{"background-color":"","background-image":"","background-repeat":"repeat","background-position":"center center","background-size":"auto","background-attachment":"scroll","background-type":"","background-media":"","overlay-type":"","overlay-color":"","overlay-opacity":"","overlay-gradient":""},"mobile":{"background-color":"","background-image":"","background-repeat":"repeat","background-position":"center center","background-size":"auto","background-attachment":"scroll","background-type":"","background-media":"","overlay-type":"","overlay-color":"","overlay-opacity":"","overlay-gradient":""}},"ast-content-background-meta":{"desktop":{"background-color":"var(--ast-global-color-5)","background-image":"","background-repeat":"repeat","background-position":"center center","background-size":"auto","background-attachment":"scroll","background-type":"","background-media":"","overlay-type":"","overlay-color":"","overlay-opacity":"","overlay-gradient":""},"tablet":{"background-color":"var(--ast-global-color-5)","background-image":"","background-repeat":"repeat","background-position":"center center","background-size":"auto","background-attachment":"scroll","background-type":"","background-media":"","overlay-type":"","overlay-color":"","overlay-opacity":"","overlay-gradient":""},"mobile":{"background-color":"var(--ast-global-color-5)","background-image":"","background-repeat":"repeat","background-position":"center center","background-size":"auto","background-attachment":"scroll","background-type":"","background-media":"","overlay-type":"","overlay-color":"","overlay-opacity":"","overlay-gradient":""}},"footnotes":""},"categories":[8],"tags":[21749],"class_list":["post-115218","post","type-post","status-publish","format-standard","has-post-thumbnail","hentry","category-noticias","tag-dia-mundial-de-la-libertad"],"_links":{"self":[{"href":"https:\/\/losperiodistas.com.mx\/portal\/wp-json\/wp\/v2\/posts\/115218","targetHints":{"allow":["GET"]}}],"collection":[{"href":"https:\/\/losperiodistas.com.mx\/portal\/wp-json\/wp\/v2\/posts"}],"about":[{"href":"https:\/\/losperiodistas.com.mx\/portal\/wp-json\/wp\/v2\/types\/post"}],"author":[{"embeddable":true,"href":"https:\/\/losperiodistas.com.mx\/portal\/wp-json\/wp\/v2\/users\/1"}],"replies":[{"embeddable":true,"href":"https:\/\/losperiodistas.com.mx\/portal\/wp-json\/wp\/v2\/comments?post=115218"}],"version-history":[{"count":1,"href":"https:\/\/losperiodistas.com.mx\/portal\/wp-json\/wp\/v2\/posts\/115218\/revisions"}],"predecessor-version":[{"id":115220,"href":"https:\/\/losperiodistas.com.mx\/portal\/wp-json\/wp\/v2\/posts\/115218\/revisions\/115220"}],"wp:featuredmedia":[{"embeddable":true,"href":"https:\/\/losperiodistas.com.mx\/portal\/wp-json\/wp\/v2\/media\/115219"}],"wp:attachment":[{"href":"https:\/\/losperiodistas.com.mx\/portal\/wp-json\/wp\/v2\/media?parent=115218"}],"wp:term":[{"taxonomy":"category","embeddable":true,"href":"https:\/\/losperiodistas.com.mx\/portal\/wp-json\/wp\/v2\/categories?post=115218"},{"taxonomy":"post_tag","embeddable":true,"href":"https:\/\/losperiodistas.com.mx\/portal\/wp-json\/wp\/v2\/tags?post=115218"}],"curies":[{"name":"wp","href":"https:\/\/api.w.org\/{rel}","templated":true}]}}