{"id":114723,"date":"2026-01-14T12:16:56","date_gmt":"2026-01-14T18:16:56","guid":{"rendered":"https:\/\/losperiodistas.com.mx\/portal\/?p=114723"},"modified":"2026-01-14T12:16:57","modified_gmt":"2026-01-14T18:16:57","slug":"opinion-la-amenaza-con-la-reforma-electoral","status":"publish","type":"post","link":"https:\/\/losperiodistas.com.mx\/portal\/opinion-la-amenaza-con-la-reforma-electoral\/","title":{"rendered":"Opini\u00f3n | La amenaza con la reforma electoral"},"content":{"rendered":"\n<figure class=\"wp-block-image size-full\"><img fetchpriority=\"high\" decoding=\"async\" width=\"750\" height=\"292\" src=\"https:\/\/losperiodistas.com.mx\/portal\/wp-content\/uploads\/2024\/07\/Captura-de-Pantalla-2021-07-20-a-las-18.51.06.jpg\" alt=\"\" class=\"wp-image-78518\" srcset=\"https:\/\/losperiodistas.com.mx\/portal\/wp-content\/uploads\/2024\/07\/Captura-de-Pantalla-2021-07-20-a-las-18.51.06.jpg 750w, https:\/\/losperiodistas.com.mx\/portal\/wp-content\/uploads\/2024\/07\/Captura-de-Pantalla-2021-07-20-a-las-18.51.06-300x117.jpg 300w\" sizes=\"(max-width: 750px) 100vw, 750px\" \/><\/figure>\n\n\n\n<p><strong>Por Humberto Aguilar Coronado<\/strong><\/p>\n\n\n\n<p><\/p>\n\n\n\n<p>Si queremos seguir viviendo en democracia, una de las principales exigencias de la propia democracia, es que los partidos pol\u00edticos de oposici\u00f3n se deben fortalecer para enfrentar el proceso electoral del 2027 para renovar ambas c\u00e1maras en el congreso de la uni\u00f3n, 17 gubernaturas y varios congresos estatales y presidencias municipales en el pa\u00eds.<\/p>\n\n\n\n<p>Desafortunadamente, el grave problema para que eso suceda es que, en febrero, la presidente enviar\u00e1 al congreso de la uni\u00f3n su iniciativa de reforma constitucional y a las leyes secundarias en materia electoral.<\/p>\n\n\n\n<p>De seguir el camino que se ha anunciado sobre el tema, los partidos pol\u00edticos de oposici\u00f3n van a tener mucho m\u00e1s complicada su tarea de conseguir buenos candidatos y hacer una campa\u00f1a cuyo mensaje sea aceptado por el electorado.<\/p>\n\n\n\n<p>Los tres ejes que desde el principio se han manejado, afectan a las instituciones electorales, nacional y estatales, as\u00ed como a los partidos pol\u00edticos como entidades de inter\u00e9s p\u00fablico.<\/p>\n\n\n\n<p><strong>Primero:<\/strong> un recorte presupuestal al INE y la desaparici\u00f3n de los organismos estatales, con lo que cambiar\u00eda de nueva cuenta la manera en que se organizan las elecciones.<\/p>\n\n\n\n<p><br><strong>Segundo:<\/strong> una disminuci\u00f3n al financiamiento de los partidos pol\u00edticos dificultando as\u00ed su posibilidad de organizaci\u00f3n y fortalecimiento.<\/p>\n\n\n\n<p><strong>Tercero:<\/strong> la desaparici\u00f3n de la figura de los diputados plurinominales y la baja en el n\u00famero de diputados y senadores, con lo que se dar\u00eda un duro golpe al derecho a la representaci\u00f3n que deben tener las minor\u00edas.<\/p>\n\n\n\n<p>La excusa principal, que no la motivaci\u00f3n real, es que, con estas propuestas, se reduce significativamente el costo de nuestra democracia al creer que el INE puede funcionar con menos presupuesto, que los partidos pol\u00edticos pueden realizar sus tareas con menos recursos para ser competitivos y que el costo del poder legislativo, siendo menor, demostrar\u00e1 que puede haber mejores resultados en la actividad legislativa y la productividad de los legisladores.<\/p>\n\n\n\n<p>Hay que decirlo con todas sus letras.<\/p>\n\n\n\n<p><strong>Uno:<\/strong> La reforma electoral est\u00e1 siendo dise\u00f1ada desde el poder por una persona que desprecia la democracia y que despu\u00e9s de haberse beneficiado en varias ocasiones de la figura plurinominal, ahora la quiere desaparecer.<\/p>\n\n\n\n<p><strong>Dos: <\/strong>La reforma electoral no es un asunto presupuestal, es un tema de la visi\u00f3n y control que tienen los que gobiernan y uno de ellos es conducir las elecciones.<\/p>\n\n\n\n<p><strong>Tres: <\/strong>Los foros ciudadanos que se realizaron durante varias semanas, en donde se presentaron diversas propuestas, al parecer no ser\u00e1n tomadas en cuenta por la comisi\u00f3n encargada.<\/p>\n\n\n\n<p>Y me atrevo a hacer esta afirmaci\u00f3n debido al antecedente de hace unos d\u00edas. Un grupo de ciudadanos que est\u00e1n en el esfuerzo de formar un nuevo partido pol\u00edtico (Somos M\u00e9xico) y los integrantes del consejo general del INE, presentaron una propuesta de reforma electoral y ambas fueron rechazadas a priori, tanto por el presidente de la comisi\u00f3n como por legisladores de morena.<\/p>\n\n\n\n<p>Habr\u00e1 que esperar unos d\u00edas para que la propuesta del gobierno sea presentada formalmente, pero la experiencia desde el 2018 nos confirma que los que gobiernan tienen la convicci\u00f3n de que ellos y solo ellos, tienen la raz\u00f3n.<\/p>\n\n\n\n<p>As\u00ed no se puede pensar en una reforma electoral de inclusi\u00f3n y de consenso que venga a resolver lo que todav\u00eda afecta a nuestro sistema electoral, m\u00e1s bien se perfila como una amenaza a la democracia a trav\u00e9s de su reforma electoral.<\/p>\n\n\n\n<p>*Es polit\u00f3logo<\/p>\n","protected":false},"excerpt":{"rendered":"<p>Por Humberto Aguilar Coronado Si queremos seguir viviendo en democracia, una de las principales exigencias de la propia democracia, es [&hellip;]<\/p>\n","protected":false},"author":1,"featured_media":78518,"comment_status":"open","ping_status":"open","sticky":false,"template":"","format":"standard","meta":{"site-sidebar-layout":"default","site-content-layout":"","ast-site-content-layout":"default","site-content-style":"default","site-sidebar-style":"default","ast-global-header-display":"","ast-banner-title-visibility":"","ast-main-header-display":"","ast-hfb-above-header-display":"","ast-hfb-below-header-display":"","ast-hfb-mobile-header-display":"","site-post-title":"","ast-breadcrumbs-content":"","ast-featured-img":"","footer-sml-layout":"","theme-transparent-header-meta":"","adv-header-id-meta":"","stick-header-meta":"","header-above-stick-meta":"","header-main-stick-meta":"","header-below-stick-meta":"","astra-migrate-meta-layouts":"default","ast-page-background-enabled":"default","ast-page-background-meta":{"desktop":{"background-color":"var(--ast-global-color-4)","background-image":"","background-repeat":"repeat","background-position":"center center","background-size":"auto","background-attachment":"scroll","background-type":"","background-media":"","overlay-type":"","overlay-color":"","overlay-opacity":"","overlay-gradient":""},"tablet":{"background-color":"","background-image":"","background-repeat":"repeat","background-position":"center center","background-size":"auto","background-attachment":"scroll","background-type":"","background-media":"","overlay-type":"","overlay-color":"","overlay-opacity":"","overlay-gradient":""},"mobile":{"background-color":"","background-image":"","background-repeat":"repeat","background-position":"center center","background-size":"auto","background-attachment":"scroll","background-type":"","background-media":"","overlay-type":"","overlay-color":"","overlay-opacity":"","overlay-gradient":""}},"ast-content-background-meta":{"desktop":{"background-color":"var(--ast-global-color-5)","background-image":"","background-repeat":"repeat","background-position":"center center","background-size":"auto","background-attachment":"scroll","background-type":"","background-media":"","overlay-type":"","overlay-color":"","overlay-opacity":"","overlay-gradient":""},"tablet":{"background-color":"var(--ast-global-color-5)","background-image":"","background-repeat":"repeat","background-position":"center center","background-size":"auto","background-attachment":"scroll","background-type":"","background-media":"","overlay-type":"","overlay-color":"","overlay-opacity":"","overlay-gradient":""},"mobile":{"background-color":"var(--ast-global-color-5)","background-image":"","background-repeat":"repeat","background-position":"center center","background-size":"auto","background-attachment":"scroll","background-type":"","background-media":"","overlay-type":"","overlay-color":"","overlay-opacity":"","overlay-gradient":""}},"footnotes":""},"categories":[8,18],"tags":[2185],"class_list":["post-114723","post","type-post","status-publish","format-standard","has-post-thumbnail","hentry","category-noticias","category-palabra-de-tigre","tag-reforma-electoral-mexico"],"_links":{"self":[{"href":"https:\/\/losperiodistas.com.mx\/portal\/wp-json\/wp\/v2\/posts\/114723","targetHints":{"allow":["GET"]}}],"collection":[{"href":"https:\/\/losperiodistas.com.mx\/portal\/wp-json\/wp\/v2\/posts"}],"about":[{"href":"https:\/\/losperiodistas.com.mx\/portal\/wp-json\/wp\/v2\/types\/post"}],"author":[{"embeddable":true,"href":"https:\/\/losperiodistas.com.mx\/portal\/wp-json\/wp\/v2\/users\/1"}],"replies":[{"embeddable":true,"href":"https:\/\/losperiodistas.com.mx\/portal\/wp-json\/wp\/v2\/comments?post=114723"}],"version-history":[{"count":1,"href":"https:\/\/losperiodistas.com.mx\/portal\/wp-json\/wp\/v2\/posts\/114723\/revisions"}],"predecessor-version":[{"id":114724,"href":"https:\/\/losperiodistas.com.mx\/portal\/wp-json\/wp\/v2\/posts\/114723\/revisions\/114724"}],"wp:featuredmedia":[{"embeddable":true,"href":"https:\/\/losperiodistas.com.mx\/portal\/wp-json\/wp\/v2\/media\/78518"}],"wp:attachment":[{"href":"https:\/\/losperiodistas.com.mx\/portal\/wp-json\/wp\/v2\/media?parent=114723"}],"wp:term":[{"taxonomy":"category","embeddable":true,"href":"https:\/\/losperiodistas.com.mx\/portal\/wp-json\/wp\/v2\/categories?post=114723"},{"taxonomy":"post_tag","embeddable":true,"href":"https:\/\/losperiodistas.com.mx\/portal\/wp-json\/wp\/v2\/tags?post=114723"}],"curies":[{"name":"wp","href":"https:\/\/api.w.org\/{rel}","templated":true}]}}