{"id":114669,"date":"2026-01-13T21:49:09","date_gmt":"2026-01-14T03:49:09","guid":{"rendered":"https:\/\/losperiodistas.com.mx\/portal\/?p=114669"},"modified":"2026-01-13T21:49:10","modified_gmt":"2026-01-14T03:49:10","slug":"puebla-contribuye-al-record-guinness-de-bordados-mas-grande-del-mundo","status":"publish","type":"post","link":"https:\/\/losperiodistas.com.mx\/portal\/puebla-contribuye-al-record-guinness-de-bordados-mas-grande-del-mundo\/","title":{"rendered":"Puebla contribuye al R\u00e9cord Guinness de bordados m\u00e1s grande del mundo"},"content":{"rendered":"\n<p><em>Artesanas y artesanos de Hueyapan representaron al estado en este logro nacional.<\/em><\/p>\n\n\n\n<figure class=\"wp-block-image size-large\"><img fetchpriority=\"high\" decoding=\"async\" width=\"1024\" height=\"683\" src=\"https:\/\/losperiodistas.com.mx\/portal\/wp-content\/uploads\/2026\/01\/turismo_Guinnes_01-1024x683.jpeg\" alt=\"\" class=\"wp-image-114670\" srcset=\"https:\/\/losperiodistas.com.mx\/portal\/wp-content\/uploads\/2026\/01\/turismo_Guinnes_01-1024x683.jpeg 1024w, https:\/\/losperiodistas.com.mx\/portal\/wp-content\/uploads\/2026\/01\/turismo_Guinnes_01-300x200.jpeg 300w, https:\/\/losperiodistas.com.mx\/portal\/wp-content\/uploads\/2026\/01\/turismo_Guinnes_01-768x512.jpeg 768w, https:\/\/losperiodistas.com.mx\/portal\/wp-content\/uploads\/2026\/01\/turismo_Guinnes_01.jpeg 1152w\" sizes=\"(max-width: 1024px) 100vw, 1024px\" \/><figcaption class=\"wp-element-caption\">Puebla contribuye al R\u00e9cord Guinness de bordados m\u00e1s grande del mundo<\/figcaption><\/figure>\n\n\n\n<p class=\"has-vivid-red-color has-text-color has-link-color wp-elements-eb27e7450528140191efa4df35f811c5\">Redacci\u00f3n<\/p>\n\n\n\n<p>El R\u00e9cord Guinness obtenido por la Exposici\u00f3n de Bordados y Tejidos M\u00e1s Grande del Mundo, reconoci\u00f3 el trabajo colectivo de los 32 estados del pa\u00eds y posicion\u00f3 a M\u00e9xico a nivel internacional como una naci\u00f3n con identidad cultural viva. En este logro nacional, Puebla particip\u00f3 con artesanas y artesanos del municipio de Hueyapan, en concordancia con la visi\u00f3n del gobernador Alejandro Armenta de fortalecer a las comunidades y brindarles respaldo institucional, as\u00ed como con la pol\u00edtica cultural de la presidenta Claudia Sheinbaum Pardo, enfocada en la preservaci\u00f3n, valoraci\u00f3n y proyecci\u00f3n del patrimonio cultural de M\u00e9xico.<\/p>\n\n\n\n<p>La secretaria de Turismo del Gobierno de M\u00e9xico, Josefina Rodr\u00edguez Zamora, subray\u00f3 que este R\u00e9cord Guinness representa el reconocimiento a un pa\u00eds entero, al ser resultado del esfuerzo conjunto de las 32 entidades federativas, y destac\u00f3 que este tipo de acciones fortalecen la presencia de M\u00e9xico en el \u00e1mbito internacional a partir de su riqueza cultural y artesanal.<\/p>\n\n\n\n<p>En la exposici\u00f3n, Puebla estuvo representado por una cooperativa de Hueyapan, integrada por Emilia Mart\u00ednez de la Cruz, Reyna Constansio Basilio, Guadalupe de la Cruz Luna, Rosa Mart\u00ednez Filomeno, Gloria Esp\u00edritu, Miguel Esp\u00edritu de la Cruz, Mar\u00eda Cristina Dolores de la Cruz, Roberta Salvador Lozada e Isabel Salvador Lozada, quienes aportaron piezas elaboradas de manera artesanal conforme a los criterios establecidos por Guinness World Records.<\/p>\n\n\n\n<figure class=\"wp-block-gallery has-nested-images columns-default is-cropped wp-block-gallery-1 is-layout-flex wp-block-gallery-is-layout-flex\">\n<figure class=\"wp-block-image size-large\"><img decoding=\"async\" width=\"1024\" height=\"683\" data-id=\"114671\" src=\"https:\/\/losperiodistas.com.mx\/portal\/wp-content\/uploads\/2026\/01\/turismo_Guinnes_04-1024x683.jpeg\" alt=\"\" class=\"wp-image-114671\" srcset=\"https:\/\/losperiodistas.com.mx\/portal\/wp-content\/uploads\/2026\/01\/turismo_Guinnes_04-1024x683.jpeg 1024w, https:\/\/losperiodistas.com.mx\/portal\/wp-content\/uploads\/2026\/01\/turismo_Guinnes_04-300x200.jpeg 300w, https:\/\/losperiodistas.com.mx\/portal\/wp-content\/uploads\/2026\/01\/turismo_Guinnes_04-768x512.jpeg 768w, https:\/\/losperiodistas.com.mx\/portal\/wp-content\/uploads\/2026\/01\/turismo_Guinnes_04.jpeg 1152w\" sizes=\"(max-width: 1024px) 100vw, 1024px\" \/><\/figure>\n\n\n\n<figure class=\"wp-block-image size-large\"><img decoding=\"async\" width=\"1024\" height=\"683\" data-id=\"114673\" src=\"https:\/\/losperiodistas.com.mx\/portal\/wp-content\/uploads\/2026\/01\/turismo_Guinnes_02-1024x683.jpeg\" alt=\"\" class=\"wp-image-114673\" srcset=\"https:\/\/losperiodistas.com.mx\/portal\/wp-content\/uploads\/2026\/01\/turismo_Guinnes_02-1024x683.jpeg 1024w, https:\/\/losperiodistas.com.mx\/portal\/wp-content\/uploads\/2026\/01\/turismo_Guinnes_02-300x200.jpeg 300w, https:\/\/losperiodistas.com.mx\/portal\/wp-content\/uploads\/2026\/01\/turismo_Guinnes_02-768x512.jpeg 768w, https:\/\/losperiodistas.com.mx\/portal\/wp-content\/uploads\/2026\/01\/turismo_Guinnes_02.jpeg 1152w\" sizes=\"(max-width: 1024px) 100vw, 1024px\" \/><\/figure>\n\n\n\n<figure class=\"wp-block-image size-large\"><img loading=\"lazy\" decoding=\"async\" width=\"1024\" height=\"683\" data-id=\"114672\" src=\"https:\/\/losperiodistas.com.mx\/portal\/wp-content\/uploads\/2026\/01\/turismo_Guinnes_03-1024x683.jpeg\" alt=\"\" class=\"wp-image-114672\" srcset=\"https:\/\/losperiodistas.com.mx\/portal\/wp-content\/uploads\/2026\/01\/turismo_Guinnes_03-1024x683.jpeg 1024w, https:\/\/losperiodistas.com.mx\/portal\/wp-content\/uploads\/2026\/01\/turismo_Guinnes_03-300x200.jpeg 300w, https:\/\/losperiodistas.com.mx\/portal\/wp-content\/uploads\/2026\/01\/turismo_Guinnes_03-768x512.jpeg 768w, https:\/\/losperiodistas.com.mx\/portal\/wp-content\/uploads\/2026\/01\/turismo_Guinnes_03.jpeg 1152w\" sizes=\"(max-width: 1024px) 100vw, 1024px\" \/><\/figure>\n<\/figure>\n\n\n\n<p>Los bordados poblanos fueron realizados a mano sobre lienzo de lana de diversos colores, con hilos te\u00f1idos de forma natural a partir de grana de cochinilla, nuez silvestre, musgo, zapote, flor de cempas\u00fachil, tezhuat rojo, tezhuat verde, sauco y tequesquite, mediante t\u00e9cnicas tradicionales como puntada de cruz, puntada antigua, puntada de hilv\u00e1n, puntada de lado y telar de pedal, lo que refleja la preservaci\u00f3n de saberes ancestrales transmitidos de generaci\u00f3n en generaci\u00f3n.<\/p>\n\n\n\n<p>Durante el evento, al que asisti\u00f3 la secretaria de Desarrollo Tur\u00edstico del Estado de Puebla, Carla L\u00f3pez-Malo Villal\u00f3n, se inform\u00f3 que en la exposici\u00f3n participaron m\u00e1s de 200 artesanas y artesanos de los 32 estados del pa\u00eds; se exhibieron 3 mil 809 piezas textiles y, tras el conteo oficial, se certificaron 3 mil 106 piezas, cifra con la que M\u00e9xico obtuvo el R\u00e9cord Guinness.<\/p>\n\n\n\n<figure class=\"wp-block-embed is-type-rich is-provider-twitter wp-block-embed-twitter\"><div class=\"wp-block-embed__wrapper\">\n<blockquote class=\"twitter-tweet\" data-width=\"500\" data-dnt=\"true\"><p lang=\"es\" dir=\"ltr\">La titular de <a href=\"https:\/\/twitter.com\/SECTUR_mx?ref_src=twsrc%5Etfw\">@SECTUR_mx<\/a>, <a href=\"https:\/\/twitter.com\/josefinarodzam?ref_src=twsrc%5Etfw\">@josefinarodzam<\/a>, destac\u00f3 que este reconocimiento visibiliza el esfuerzo conjunto del pa\u00eds y fortalece la presencia de M\u00e9xico a nivel internacional.<br><br>Gracias al impulso del <a href=\"https:\/\/twitter.com\/Gob_Puebla?ref_src=twsrc%5Etfw\">@Gob_Puebla<\/a> se honran las manos que tejen identidad y futuro.<br><br>\ud83e\udef6 <a href=\"https:\/\/twitter.com\/hashtag\/PorAmorAPuebla?src=hash&amp;ref_src=twsrc%5Etfw\">#PorAmorAPuebla<\/a> <a href=\"https:\/\/t.co\/NSG6PU3UGz\">pic.twitter.com\/NSG6PU3UGz<\/a><\/p>&mdash; Secretar\u00eda de Desarrollo Tur\u00edstico (@TuristicoGobPue) <a href=\"https:\/\/twitter.com\/TuristicoGobPue\/status\/2011220106563432799?ref_src=twsrc%5Etfw\">January 13, 2026<\/a><\/blockquote><script async src=\"https:\/\/platform.twitter.com\/widgets.js\" charset=\"utf-8\"><\/script>\n<\/div><\/figure>\n\n\n\n<p>En representaci\u00f3n de la cooperativa de Hueyapan, la artesana Gloria Esp\u00edritu expres\u00f3 que los bordados son historia y amor a las ra\u00edces, y se\u00f1al\u00f3 que en cada puntada se transmiten los conocimientos heredados de madres y abuelas, saberes que no se encuentran en los libros, sino que viven en las manos de quienes preservan esta tradici\u00f3n.<\/p>\n\n\n\n<p>Con esta participaci\u00f3n, el Gobierno del Estado de Puebla refrenda su compromiso con la preservaci\u00f3n del patrimonio cultural, el impulso al turismo comunitario y el reconocimiento del trabajo artesanal como una expresi\u00f3n viva de identidad, memoria y orgullo nacional.<\/p>\n","protected":false},"excerpt":{"rendered":"<p>Artesanas y artesanos de Hueyapan representaron al estado en este logro nacional.<\/p>\n","protected":false},"author":1,"featured_media":114670,"comment_status":"open","ping_status":"open","sticky":false,"template":"","format":"standard","meta":{"site-sidebar-layout":"default","site-content-layout":"","ast-site-content-layout":"default","site-content-style":"default","site-sidebar-style":"default","ast-global-header-display":"","ast-banner-title-visibility":"","ast-main-header-display":"","ast-hfb-above-header-display":"","ast-hfb-below-header-display":"","ast-hfb-mobile-header-display":"","site-post-title":"","ast-breadcrumbs-content":"","ast-featured-img":"","footer-sml-layout":"","theme-transparent-header-meta":"","adv-header-id-meta":"","stick-header-meta":"","header-above-stick-meta":"","header-main-stick-meta":"","header-below-stick-meta":"","astra-migrate-meta-layouts":"default","ast-page-background-enabled":"default","ast-page-background-meta":{"desktop":{"background-color":"var(--ast-global-color-4)","background-image":"","background-repeat":"repeat","background-position":"center center","background-size":"auto","background-attachment":"scroll","background-type":"","background-media":"","overlay-type":"","overlay-color":"","overlay-opacity":"","overlay-gradient":""},"tablet":{"background-color":"","background-image":"","background-repeat":"repeat","background-position":"center center","background-size":"auto","background-attachment":"scroll","background-type":"","background-media":"","overlay-type":"","overlay-color":"","overlay-opacity":"","overlay-gradient":""},"mobile":{"background-color":"","background-image":"","background-repeat":"repeat","background-position":"center center","background-size":"auto","background-attachment":"scroll","background-type":"","background-media":"","overlay-type":"","overlay-color":"","overlay-opacity":"","overlay-gradient":""}},"ast-content-background-meta":{"desktop":{"background-color":"var(--ast-global-color-5)","background-image":"","background-repeat":"repeat","background-position":"center center","background-size":"auto","background-attachment":"scroll","background-type":"","background-media":"","overlay-type":"","overlay-color":"","overlay-opacity":"","overlay-gradient":""},"tablet":{"background-color":"var(--ast-global-color-5)","background-image":"","background-repeat":"repeat","background-position":"center center","background-size":"auto","background-attachment":"scroll","background-type":"","background-media":"","overlay-type":"","overlay-color":"","overlay-opacity":"","overlay-gradient":""},"mobile":{"background-color":"var(--ast-global-color-5)","background-image":"","background-repeat":"repeat","background-position":"center center","background-size":"auto","background-attachment":"scroll","background-type":"","background-media":"","overlay-type":"","overlay-color":"","overlay-opacity":"","overlay-gradient":""}},"footnotes":""},"categories":[8],"tags":[45378,45382,45380,45379,45381,20974],"class_list":["post-114669","post","type-post","status-publish","format-standard","has-post-thumbnail","hentry","category-noticias","tag-bordados","tag-carla-lopez-malo-villalon","tag-exposicion-de-bordados-y-tejidos","tag-hueyapan","tag-josefina-rodriguez-zamora","tag-record-guinness"],"_links":{"self":[{"href":"https:\/\/losperiodistas.com.mx\/portal\/wp-json\/wp\/v2\/posts\/114669","targetHints":{"allow":["GET"]}}],"collection":[{"href":"https:\/\/losperiodistas.com.mx\/portal\/wp-json\/wp\/v2\/posts"}],"about":[{"href":"https:\/\/losperiodistas.com.mx\/portal\/wp-json\/wp\/v2\/types\/post"}],"author":[{"embeddable":true,"href":"https:\/\/losperiodistas.com.mx\/portal\/wp-json\/wp\/v2\/users\/1"}],"replies":[{"embeddable":true,"href":"https:\/\/losperiodistas.com.mx\/portal\/wp-json\/wp\/v2\/comments?post=114669"}],"version-history":[{"count":1,"href":"https:\/\/losperiodistas.com.mx\/portal\/wp-json\/wp\/v2\/posts\/114669\/revisions"}],"predecessor-version":[{"id":114674,"href":"https:\/\/losperiodistas.com.mx\/portal\/wp-json\/wp\/v2\/posts\/114669\/revisions\/114674"}],"wp:featuredmedia":[{"embeddable":true,"href":"https:\/\/losperiodistas.com.mx\/portal\/wp-json\/wp\/v2\/media\/114670"}],"wp:attachment":[{"href":"https:\/\/losperiodistas.com.mx\/portal\/wp-json\/wp\/v2\/media?parent=114669"}],"wp:term":[{"taxonomy":"category","embeddable":true,"href":"https:\/\/losperiodistas.com.mx\/portal\/wp-json\/wp\/v2\/categories?post=114669"},{"taxonomy":"post_tag","embeddable":true,"href":"https:\/\/losperiodistas.com.mx\/portal\/wp-json\/wp\/v2\/tags?post=114669"}],"curies":[{"name":"wp","href":"https:\/\/api.w.org\/{rel}","templated":true}]}}