{"id":114662,"date":"2026-01-13T21:28:44","date_gmt":"2026-01-14T03:28:44","guid":{"rendered":"https:\/\/losperiodistas.com.mx\/portal\/?p=114662"},"modified":"2026-01-13T21:28:45","modified_gmt":"2026-01-14T03:28:45","slug":"radio-guaripolo-ii-en-puebla-enterate-aqui-de-los-precios-y-la-venta-de-los-boletos-de-31-minutos-telediario","status":"publish","type":"post","link":"https:\/\/losperiodistas.com.mx\/portal\/radio-guaripolo-ii-en-puebla-enterate-aqui-de-los-precios-y-la-venta-de-los-boletos-de-31-minutos-telediario\/","title":{"rendered":"\u00a1Radio Guaripolo II en Puebla! Ent\u00e9rate aqu\u00ed de los precios y la venta de los boletos de 31 Minutos | Telediario"},"content":{"rendered":"\n<p>El exitoso noticiero chileno anuncia su nueva gira por M\u00e9xico. Te contamos todos los detalles de la funci\u00f3n en Puebla: horario, ubicaci\u00f3n del Auditorio GNP Seguros y el itinerario completo de la banda en el pa\u00eds.<\/p>\n\n\n\n<figure class=\"wp-block-image size-large\"><img fetchpriority=\"high\" decoding=\"async\" width=\"1024\" height=\"576\" src=\"https:\/\/losperiodistas.com.mx\/portal\/wp-content\/uploads\/2026\/01\/radio-guaripolo-1024x576.png\" alt=\"\" class=\"wp-image-114666\" srcset=\"https:\/\/losperiodistas.com.mx\/portal\/wp-content\/uploads\/2026\/01\/radio-guaripolo-1024x576.png 1024w, https:\/\/losperiodistas.com.mx\/portal\/wp-content\/uploads\/2026\/01\/radio-guaripolo-300x169.png 300w, https:\/\/losperiodistas.com.mx\/portal\/wp-content\/uploads\/2026\/01\/radio-guaripolo-768x432.png 768w, https:\/\/losperiodistas.com.mx\/portal\/wp-content\/uploads\/2026\/01\/radio-guaripolo.png 1185w\" sizes=\"(max-width: 1024px) 100vw, 1024px\" \/><figcaption class=\"wp-element-caption\">El Radio Guaripolo II de 31 Minutos llegar\u00e1 a Puebla, durante este 2026 \/ 31 Minutos<\/figcaption><\/figure>\n\n\n\n<p class=\"has-vivid-red-color has-text-color has-link-color wp-elements-732e4d36001672bdd82da706456b16f6\">Elizabeth Rom\u00e1n \/ Telediario<\/p>\n\n\n\n<p>Tras su exitosa reaparici\u00f3n en los escenarios, los t\u00edteres chilenos m\u00e1s famosos de Iberoam\u00e9rica, 31 Minutos, anuncian su nuevo espect\u00e1culo \u00abRadio Guaripolo II\u00bb con una <strong>fecha confirmada en la ciudad de Puebla.<\/strong><\/p>\n\n\n\n<p>El esperado show se realizar\u00e1 el pr\u00f3ximo 7 de abril de 2026 a las 20:00 horas en el Auditorio GNP Seguros, ubicado en la colonia <strong>Parque Industrial 2000.<\/strong><\/p>\n\n\n\n<p>Esta producci\u00f3n no es solo un concierto; es una experiencia teatral que revive el esp\u00edritu del programa, c<strong>ombinando sketches in\u00e9ditos,<\/strong> interacciones con el p\u00fablico y, por supuesto, los grandes \u00e9xitos musicales de la \u00abbanda\u00bb que han coreado generaciones.<\/p>\n\n\n\n<p>Desde <strong>\u00abMi Carta\u00bb hasta \u00abLa Lucha Libre<\/strong>\u00ab, el repertorio es un viaje en el tiempo para los adultos que crecieron con ellos y una descubierta hilarante para las nuevas generaciones.<\/p>\n\n\n\n<h2 class=\"wp-block-heading\">Todo lo que necesitas saber sobre la preventa de boletos para ver a 31 minutos en Puebla<\/h2>\n\n\n\n<p>La venta general a trav\u00e9s de las plataformas autorizadas: eticket.mx y ticketmaster.com.mx<strong>. Los precios oficiales, <\/strong>publicados por Eticket, est\u00e1n segmentados por zona para el recinto poblano:<\/p>\n\n\n\n<figure class=\"wp-block-image size-large\"><img decoding=\"async\" width=\"1024\" height=\"341\" src=\"https:\/\/losperiodistas.com.mx\/portal\/wp-content\/uploads\/2026\/01\/imagen-88-1024x341.png\" alt=\"\" class=\"wp-image-114667\" srcset=\"https:\/\/losperiodistas.com.mx\/portal\/wp-content\/uploads\/2026\/01\/imagen-88-1024x341.png 1024w, https:\/\/losperiodistas.com.mx\/portal\/wp-content\/uploads\/2026\/01\/imagen-88-300x100.png 300w, https:\/\/losperiodistas.com.mx\/portal\/wp-content\/uploads\/2026\/01\/imagen-88-768x256.png 768w, https:\/\/losperiodistas.com.mx\/portal\/wp-content\/uploads\/2026\/01\/imagen-88.png 1200w\" sizes=\"(max-width: 1024px) 100vw, 1024px\" \/><figcaption class=\"wp-element-caption\">Los ic\u00f3nicos personajes de 31 Minutos, como Juan Carlos Bodoque y Tulio Trivi\u00f1o, se presentar\u00e1n en el Auditorio GNP Seguros de Puebla<\/figcaption><\/figure>\n\n\n\n<ul class=\"wp-block-list\">\n<li>Vivir es incre\u00edble: $1,505 MXN<\/li>\n\n\n\n<li>1er Nivel: $1,270 MXN<\/li>\n\n\n\n<li>Ruedo VIP: $1,155 MXN<\/li>\n\n\n\n<li>2do Nivel: $810 MXN<\/li>\n<\/ul>\n\n\n\n<p><strong>Se recomienda a los fans estar atentos <\/strong>a los canales oficiales de 31 Minutos y los vendedores autorizados para evitar fraudes, y configurar recordatorios para las fechas de venta, ya que se anticipa una alta demanda.<\/p>\n\n\n\n<p><strong>La Gira \u00abRadio Guaripolo II\u00bb conquista M\u00e9xico<\/strong><\/p>\n\n\n\n<p>La visita a Puebla no es un hecho aislado, sino parte de una extensa gira que recorrer\u00e1 la<strong> Rep\u00fablica Mexicana <\/strong>durante la primavera de 2026, demostrando el inmenso cari\u00f1o del p\u00fablico hacia Juan Carlos Bodoque, Tulio Trivi\u00f1o, Juan\u00edn y todo el elenco. El itinerario nacional incluye:<\/p>\n\n\n\n<ul class=\"wp-block-list\">\n<li>1 de abril: Guadalajara, Jalisco (Auditorio Telmex)<\/li>\n\n\n\n<li><strong>3, 4 y 5 de abril: Ciudad de M\u00e9xico\u00a0(Teatro Metrop\u00f3litan)<\/strong><\/li>\n\n\n\n<li>9 de abril: M\u00e9rida, Yucat\u00e1n (Foro GNP Seguros)<\/li>\n\n\n\n<li><strong>11 de abril: Canc\u00fan, Quintana Roo (Plaza de Toros)<\/strong><\/li>\n<\/ul>\n\n\n\n<p>Sin duda, la funci\u00f3n en Puebla se perfila como uno de los eventos de entretenimiento <strong>familiar m\u00e1s destacados de la temporada.&nbsp;<\/strong><\/p>\n\n\n\n<p>La combinaci\u00f3n de un humor inteligente y transversal, con la calidad musical y <strong>producci\u00f3n esc\u00e9nica que caracteriza a la franquicia<\/strong>, garantiza una noche donde el \u00fanico noticiero veraz ofrecer\u00e1, una vez m\u00e1s, una cobertura impecable de diversi\u00f3n y desorden.<\/p>\n\n\n\n<p>\u00a1Prep\u00e1rense para cantar, re\u00edr y recordar por qu\u00e9 la televisi\u00f3n p\u00fablica de Chile marc\u00f3 a varias generaciones alrededor de todo el mundo, no olvides compartir esta informaci\u00f3n con el<strong> mejor fan de 31 Minutos que conozcas!<\/strong><\/p>\n\n\n\n<p>Fuente: <a href=\"https:\/\/www.telediario.mx\/espectaculos\/31-minutos-puebla-precio-de-boletos-y-fecha\" target=\"_blank\" rel=\"noreferrer noopener\">Telediario<\/a><\/p>\n","protected":false},"excerpt":{"rendered":"<p>El exitoso noticiero chileno anuncia su nueva gira por M\u00e9xico. Te contamos todos los detalles de la funci\u00f3n en Puebla: horario, ubicaci\u00f3n del Auditorio GNP Seguros y el itinerario completo de la banda en el pa\u00eds.<\/p>\n","protected":false},"author":1,"featured_media":114666,"comment_status":"open","ping_status":"open","sticky":false,"template":"","format":"standard","meta":{"site-sidebar-layout":"default","site-content-layout":"","ast-site-content-layout":"default","site-content-style":"default","site-sidebar-style":"default","ast-global-header-display":"","ast-banner-title-visibility":"","ast-main-header-display":"","ast-hfb-above-header-display":"","ast-hfb-below-header-display":"","ast-hfb-mobile-header-display":"","site-post-title":"","ast-breadcrumbs-content":"","ast-featured-img":"","footer-sml-layout":"","theme-transparent-header-meta":"","adv-header-id-meta":"","stick-header-meta":"","header-above-stick-meta":"","header-main-stick-meta":"","header-below-stick-meta":"","astra-migrate-meta-layouts":"default","ast-page-background-enabled":"default","ast-page-background-meta":{"desktop":{"background-color":"var(--ast-global-color-4)","background-image":"","background-repeat":"repeat","background-position":"center center","background-size":"auto","background-attachment":"scroll","background-type":"","background-media":"","overlay-type":"","overlay-color":"","overlay-opacity":"","overlay-gradient":""},"tablet":{"background-color":"","background-image":"","background-repeat":"repeat","background-position":"center center","background-size":"auto","background-attachment":"scroll","background-type":"","background-media":"","overlay-type":"","overlay-color":"","overlay-opacity":"","overlay-gradient":""},"mobile":{"background-color":"","background-image":"","background-repeat":"repeat","background-position":"center center","background-size":"auto","background-attachment":"scroll","background-type":"","background-media":"","overlay-type":"","overlay-color":"","overlay-opacity":"","overlay-gradient":""}},"ast-content-background-meta":{"desktop":{"background-color":"var(--ast-global-color-5)","background-image":"","background-repeat":"repeat","background-position":"center center","background-size":"auto","background-attachment":"scroll","background-type":"","background-media":"","overlay-type":"","overlay-color":"","overlay-opacity":"","overlay-gradient":""},"tablet":{"background-color":"var(--ast-global-color-5)","background-image":"","background-repeat":"repeat","background-position":"center center","background-size":"auto","background-attachment":"scroll","background-type":"","background-media":"","overlay-type":"","overlay-color":"","overlay-opacity":"","overlay-gradient":""},"mobile":{"background-color":"var(--ast-global-color-5)","background-image":"","background-repeat":"repeat","background-position":"center center","background-size":"auto","background-attachment":"scroll","background-type":"","background-media":"","overlay-type":"","overlay-color":"","overlay-opacity":"","overlay-gradient":""}},"footnotes":""},"categories":[8],"tags":[43022,45375,45376,45374,45377],"class_list":["post-114662","post","type-post","status-publish","format-standard","has-post-thumbnail","hentry","category-noticias","tag-31-minutos","tag-auditorio-gnp","tag-juan-carlos-bodoque","tag-radio-guaripolo-tour","tag-tulio-trivino"],"_links":{"self":[{"href":"https:\/\/losperiodistas.com.mx\/portal\/wp-json\/wp\/v2\/posts\/114662","targetHints":{"allow":["GET"]}}],"collection":[{"href":"https:\/\/losperiodistas.com.mx\/portal\/wp-json\/wp\/v2\/posts"}],"about":[{"href":"https:\/\/losperiodistas.com.mx\/portal\/wp-json\/wp\/v2\/types\/post"}],"author":[{"embeddable":true,"href":"https:\/\/losperiodistas.com.mx\/portal\/wp-json\/wp\/v2\/users\/1"}],"replies":[{"embeddable":true,"href":"https:\/\/losperiodistas.com.mx\/portal\/wp-json\/wp\/v2\/comments?post=114662"}],"version-history":[{"count":2,"href":"https:\/\/losperiodistas.com.mx\/portal\/wp-json\/wp\/v2\/posts\/114662\/revisions"}],"predecessor-version":[{"id":114668,"href":"https:\/\/losperiodistas.com.mx\/portal\/wp-json\/wp\/v2\/posts\/114662\/revisions\/114668"}],"wp:featuredmedia":[{"embeddable":true,"href":"https:\/\/losperiodistas.com.mx\/portal\/wp-json\/wp\/v2\/media\/114666"}],"wp:attachment":[{"href":"https:\/\/losperiodistas.com.mx\/portal\/wp-json\/wp\/v2\/media?parent=114662"}],"wp:term":[{"taxonomy":"category","embeddable":true,"href":"https:\/\/losperiodistas.com.mx\/portal\/wp-json\/wp\/v2\/categories?post=114662"},{"taxonomy":"post_tag","embeddable":true,"href":"https:\/\/losperiodistas.com.mx\/portal\/wp-json\/wp\/v2\/tags?post=114662"}],"curies":[{"name":"wp","href":"https:\/\/api.w.org\/{rel}","templated":true}]}}