{"id":114646,"date":"2026-01-13T10:24:02","date_gmt":"2026-01-13T16:24:02","guid":{"rendered":"https:\/\/losperiodistas.com.mx\/portal\/?p=114646"},"modified":"2026-01-13T10:24:03","modified_gmt":"2026-01-13T16:24:03","slug":"testimonio-de-las-protestas-mas-grandes-que-han-desafiado-a-la-republica-islamica-irani-la-vanguardia","status":"publish","type":"post","link":"https:\/\/losperiodistas.com.mx\/portal\/testimonio-de-las-protestas-mas-grandes-que-han-desafiado-a-la-republica-islamica-irani-la-vanguardia\/","title":{"rendered":"Testimonio de las protestas m\u00e1s grandes que han desafiado a la Rep\u00fablica Isl\u00e1mica iran\u00ed | La Vanguardia"},"content":{"rendered":"\n<h2 class=\"wp-block-heading\"><\/h2>\n\n\n\n<h2 class=\"wp-block-heading has-ast-global-color-4-background-color has-background\">Relato de los cinco d\u00edas que han hecho temblar al r\u00e9gimen de los ayatolas<\/h2>\n\n\n\n<h2 class=\"wp-block-heading\">Es imposible conocer el n\u00famero de detenidos, muertos y heridos, pero algunos observadores en Teher\u00e1n hablan de entre dos mil y cuatro mil<\/h2>\n\n\n\n<figure class=\"wp-block-image size-full\"><img fetchpriority=\"high\" decoding=\"async\" width=\"990\" height=\"484\" src=\"https:\/\/losperiodistas.com.mx\/portal\/wp-content\/uploads\/2026\/01\/69663bf31bd4d.r_d.1549-1006-3300.jpeg\" alt=\"\" class=\"wp-image-114647\" srcset=\"https:\/\/losperiodistas.com.mx\/portal\/wp-content\/uploads\/2026\/01\/69663bf31bd4d.r_d.1549-1006-3300.jpeg 990w, https:\/\/losperiodistas.com.mx\/portal\/wp-content\/uploads\/2026\/01\/69663bf31bd4d.r_d.1549-1006-3300-300x147.jpeg 300w, https:\/\/losperiodistas.com.mx\/portal\/wp-content\/uploads\/2026\/01\/69663bf31bd4d.r_d.1549-1006-3300-768x375.jpeg 768w\" sizes=\"(max-width: 990px) 100vw, 990px\" \/><figcaption class=\"wp-element-caption\">Imagen extra\u00edda de un v\u00eddeo que muestra una presunta morgue con cad\u00e1veres de opositores asesinados durante la represi\u00f3n de las protesta en Teher\u00e1n\u00a0&#8211; \/ AFP<\/figcaption><\/figure>\n\n\n\n<p class=\"has-vivid-red-color has-text-color has-link-color has-medium-font-size wp-elements-f2c2daf17fe5f66db8f19e9c51eab9e6\"><strong><a href=\"https:\/\/www.lavanguardia.com\/autores\/catalina-gomez-angel.html\">Catalina G\u00f3mez \u00c1ngel<\/a> \/ La Vanguardia en Teher\u00e1n<\/strong><\/p>\n\n\n\n<p>El vuelco se dio al caer la tarde del 8 de enero, cuando el grito de \u201c\u00a1Muerte a Jamenei!\u201d fue apoder\u00e1ndose de Teher\u00e1n junto al grito de \u201c\u00a1Viva el sha!\u201d. No apuntaban al sha derrocado en 1979 por una rebeli\u00f3n que recuerda a la que se vive en estos d\u00edas, sino a la de su hijo Reza Pahlavi que, desde Estados Unidos, se ha erigido en cabeza de la oposici\u00f3n.<\/p>\n\n\n\n<p>Fue el heredero al trono, a trav\u00e9s de sus redes sociales, pero especialmente del popular canal de televisi\u00f3n Ir\u00e1n Internacional (que emite desde Londres y es visto por millones de iran\u00edes a trav\u00e9s de los sat\u00e9lites ilegales que hoy tienen la mayor\u00eda de las casa), quien hab\u00eda convocado a la poblaci\u00f3n para que saliera a apoyarlo aquel d\u00eda.<\/p>\n\n\n\n<h2 class=\"wp-block-heading\">Llamamiento<\/h2>\n\n\n\n<h3 class=\"wp-block-heading\">Reza Pahlavi, el hijo del sha derrrocado por los islamistas en 1979, se ha erigido en cabeza de la oposici\u00f3n desde EE.UU.<\/h3>\n\n\n\n<p>La expectativa era grande. El hast\u00edo de la mayor\u00eda de iran\u00edes con la Rep\u00fablica Isl\u00e1mica parec\u00eda haber llegado a su punto m\u00e1ximo, como quedaba demostrado con las protestas que comenzaron el 28 de diciembre, pero quedaban abiertos dos grandes interrogantes: \u00bfSe unir\u00edan las clases medias, la juventud y las mujeres que hab\u00edan liderado el movimiento Mujer, Vida y Libertad?, que hasta entonces se hab\u00edan mantenido alejadas de las calles; \u00bfresponder\u00eda masivamente la sociedad al llamamiento del heredero de la derrocada monarqu\u00eda?<\/p>\n\n\n\n<p>Aunque el nombre de Pahlavi se corea desde el principio de las protestas, y cada vez es m\u00e1s popular, era imposible medir su aceptaci\u00f3n hasta entonces. Mucha gente que quiere el fin de la Rep\u00fablica Isl\u00e1mica no est\u00e1 de acuerdo ni con su regreso, ni con sus propuestas pol\u00edticas, ni con su visi\u00f3n de pa\u00eds. Se les eriza la piel de pensar que regresar\u00e1, pero algunos reconocen que al d\u00eda de hoy no hay m\u00e1s opciones.<\/p>\n\n\n\n<figure class=\"wp-block-image size-full\"><img decoding=\"async\" width=\"566\" height=\"318\" src=\"https:\/\/losperiodistas.com.mx\/portal\/wp-content\/uploads\/2026\/01\/69664373ba12d.jpeg\" alt=\"\" class=\"wp-image-114648\" srcset=\"https:\/\/losperiodistas.com.mx\/portal\/wp-content\/uploads\/2026\/01\/69664373ba12d.jpeg 566w, https:\/\/losperiodistas.com.mx\/portal\/wp-content\/uploads\/2026\/01\/69664373ba12d-300x169.jpeg 300w\" sizes=\"(max-width: 566px) 100vw, 566px\" \/><figcaption class=\"wp-element-caption\">Fotograma facilitado por la Gencia de Noticias de Activistas de los Derechos Humanos (Hrana) de las protestas del s\u00e1bado pasado en Ir\u00e1n&nbsp;&nbsp;Human Rights Activists News Agency (HRANA) \/ EFE<\/figcaption><\/figure>\n\n\n\n<p>El llamamiento tuvo m\u00e1s eco de lo que nadie imaginaba. Fue la chispa que necesitaban para movilizarse. \u201cLa gente necesitaba un l\u00edder, y lo encontraron. Lo mismo pas\u00f3 en 1979, mucha gente no conoc\u00eda al ayatol\u00e1 Jomeini, pero se unieron pensando que les ayudar\u00eda a acabar con el sha y ya luego saldr\u00edan de \u00e9l\u201d, cuenta Ram\u00edn, un comerciante de 60 a\u00f1os que intentaba explicar por qu\u00e9 Pahlavi se ha convertido en punto de uni\u00f3n para muchos.<\/p>\n\n\n\n<p>De las casas y edificios de diferentes partes de Teher\u00e1n empezaron a salir a la calle familias enteras, muchas veces con ni\u00f1os y personas mayores; incluso en silla de ruedas. Empezaban caminando por las aceras y, poco a poco, se iban formando grupos cada vez m\u00e1s grandes en direcci\u00f3n a diferentes puntos estrat\u00e9gicos, seg\u00fan los barrios. Muchas veces caminaban entre decenas de coches que acompa\u00f1aban sus gritos con el sonar de sus cl\u00e1xones. \u201c\u00a1Muerte al dictador!\u201d, \u201c\u00a1Viva el sha!\u201d, gritaban.<\/p>\n\n\n\n<h2 class=\"wp-block-heading\">Sin alternativas<\/h2>\n\n\n\n<h3 class=\"wp-block-heading\">\u201c\u00a1Viva el sha!\u201d es el grito que se escucha, aunque a muchos se les eriza la piel de pensar que regresar\u00e1 la monarqu\u00eda Pahlavi<\/h3>\n\n\n\n<p>A veces corr\u00edan huyendo de los gases lacrim\u00f3genos de la polic\u00eda, pero pronto se volv\u00edan a juntar. Los m\u00e1s j\u00f3venes se encargaban de hacer barricadas con los contendores de la basura, a los que prend\u00edan fuego para evitar, al menos en lo posible, las estampidas de los milicianos y los diferentes cuerpos de seguridad del r\u00e9gimen, que siempre van en grandes caravanas de motos. Lo han aprendido a trav\u00e9s de a\u00f1os de protestas.<\/p>\n\n\n\n<p>Para entonces ya todos sab\u00edan que internet hab\u00eda sido cortado y que incluso las l\u00edneas de tel\u00e9fono convencionales no funcionaban. La desconexi\u00f3n tanto a nivel local como internacional era total. Ya sea por las amenazas de Donald Trump, que prometi\u00f3 responder si la Rep\u00fablica Isl\u00e1mica disparaba contra los participantes, o por cualquier otro motivo, el sentimiento fue que las fuerzas de seguridad no respondieron con la misma violencia y radicalidad de otras veces, al menos no en Teher\u00e1n y al menos no en esa primera jornada del jueves. Pero actuaran con fuerza: d\u00edas despu\u00e9s apareci\u00f3 un video donde se ve\u00edan al menos decenas de cuerpos de personas muertos.Lee tambi\u00e9n<\/p>\n\n\n\n<h2 class=\"wp-block-heading\"><a href=\"https:\/\/www.lavanguardia.com\/internacional\/20260112\/11432867\/estados-unidos-e-iran-dialogo-guerra.html\">Estados Unidos e Ir\u00e1n, entre el di\u00e1logo y la guerra<\/a><\/h2>\n\n\n\n<p>Helena Pelicano<\/p>\n\n\n\n<figure class=\"wp-block-image\"><img decoding=\"async\" src=\"https:\/\/www.lavanguardia.com\/files\/image_104_108\/uploads\/2026\/01\/12\/6964a728dce3d.jpeg\" alt=\"Trump afirma que Estados Unidos est\u00e1 estudiando atacar Ir\u00e1n\"\/><\/figure>\n\n\n\n<p>Los motorizados aparec\u00edan y desaparec\u00edan, siempre dejando visibles las armas para dispersar manifestaciones. Separaban los grupos lanzando gases lacrim\u00f3genos, disparaban al aire, pero en algunos puntos la multitud era tan grande que las fuerzas de seguridad y los milicianos optaban por huir. Para entonces la ciudad, desde el norte hasta el sur y del este al oeste, ya estaba llena de barricadas, de contenedores ardiendo. En cada calle parec\u00eda haber fuego. Muchos se armaban con piedras que tiraban a los milicianos cuando pasaban.<\/p>\n\n\n\n<p>Parec\u00eda una noche de San Juan, pero era la primera ronda de una batalla que fue haci\u00e9ndose m\u00e1s violenta con el pasar de las horas y que tuvo su culmen el viernes. Quedaba en evidencia que la rabia de muchos hab\u00eda aumentado con los a\u00f1os. En muchos sectores, las multitudes se organizaron, destru\u00edan las c\u00e1maras callejeras destinadas&nbsp; a identificarlos, prend\u00edan fuego a las vallas alusivas al r\u00e9gimen y todo lo que tuviera que ver con instituciones relacionadas con la Rep\u00fablica Isl\u00e1mica. En otras partes prendieron fuego a mezquitas, bancos del Estado, estaciones de polic\u00eda, sedes donde operan los&nbsp;<em>basijis<\/em>.<\/p>\n\n\n\n<h2 class=\"wp-block-heading\">En cuesti\u00f3n de d\u00edas<\/h2>\n\n\n\n<h3 class=\"wp-block-heading\">La ciudad, desde el norte hasta el sur y del este al oeste, ya estaba llena de barricadas, de contenedores ardiendo, en cada calle parec\u00eda haber fuego y muchos arrojaban piedras a los milicianos<\/h3>\n\n\n\n<p>Las autoridades hablaban directamente de \u201cterroristas\u201d. La gente que hab\u00eda salido a la calle pensaba diferente. \u201cEs la rabia acumulada durante tantos a\u00f1os; han matado a tantos de nosotros, nos han robado el pa\u00eds, nos han robado el futuro\u201d, explicaba Rana, una ingeniera de 40 a\u00f1os que fue testigo del momento cuando le prendieron fuego a una mezquita en el oeste de Teher\u00e1n.<\/p>\n\n\n\n<p>\u201cAqu\u00ed muchos no tienen miedo, est\u00e1n dispuestos a enfrentarse a ellos\u201d, afirmaba, se\u00f1alando que muchos de los que ten\u00edan m\u00e1s rabia eran j\u00f3venes que ven\u00edan de las clases m\u00e1s deprimidas, testigos directos de la corrupci\u00f3n y represi\u00f3n del Estado. \u201cFueron educados para ser milicianos y se rebelaron contra la ideolog\u00eda que les quisieron imponer. Ellos conocen el sistema por dentro, saben de su corrupci\u00f3n y dobles est\u00e1ndares. Los basijis son sus compa\u00f1eros de clase\u201d, explicaba Mohammed, un doctor de 40 a\u00f1os que estaba con Rana.<\/p>\n\n\n\n<blockquote class=\"wp-block-quote has-ast-global-color-4-background-color has-background is-layout-flow wp-block-quote-is-layout-flow\">\n<h2 class=\"wp-block-heading\">Es la rabia acumulada durante tantos a\u00f1os, han matado a mucha gente, han robado el pa\u00eds, han robado el futuro\u201d<\/h2>\n\n\n\n<p>RabaIngeniera de 40 a\u00f1os<\/p>\n<\/blockquote>\n\n\n\n<p>Al amanecer, y a pesar que el viernes es d\u00eda de descanso, cientos de hombres de la limpieza trataban de eliminar los estragos de la noche anterior. Pero era imposible ocultarlo, a pesar de que el pa\u00eds estaba desconectado de internet y las l\u00edneas de tel\u00e9fono internacionales no funcionaban. Los edificios quemados estaban frente a todos. El boca a boca era m\u00e1s grande que cualquier censura y las llamadas locales volvieron a funcionar. En los canales en persa que emiten desde el extranjero se mostraban decenas de videos que confirmaba que las protestas se hab\u00edan extendido masivamente por todo el pa\u00eds; mucha gente hab\u00eda logrado enviar las im\u00e1genes antes del corte de internet. O con la ayuda de sat\u00e9lites starlink, ilegales en Ir\u00e1n (la condena puede ser de hasta dos a\u00f1os de c\u00e1rcel).<\/p>\n\n\n\n<p>En la televisi\u00f3n iran\u00ed se reconoc\u00eda las protestas, pero hablaba de \u201cterroristas armados\u201d. Mostraban los coches y edificios quemados. Tambi\u00e9n mostraban, una y otra vez, im\u00e1genes de hombres de civil armados y disparando. Horas m\u00e1s tarde, el l\u00edder supremo habl\u00f3 frente a un grupo de j\u00f3venes revolucionarios para hablar nuevamente de \u201cterroristas\u201d, y advert\u00eda que la rebeli\u00f3n actuaba en nombre del \u201cenemigo\u201d.<\/p>\n\n\n\n<h2 class=\"wp-block-heading\">Bloqueo informativo<\/h2>\n\n\n\n<h3 class=\"wp-block-heading\">Mucha gente logr\u00f3 enviar las im\u00e1genes antes del corte de internet y la televisi\u00f3n iran\u00ed reconoci\u00f3 las protestas pero hablaba de \u201cterroristas armados\u201d<\/h3>\n\n\n\n<p>Para todos qued\u00f3 claro que daba luz verde para responder con mayor violencia a la movilizaci\u00f3n convocada para ese viernes. La polic\u00eda enviaba mensajes de texto advirtiendo a los padres de la presencia de \u201cterroristas\u201d y alert\u00e1ndolos de que no dejaran salir a sus hijos a la calle. Nadie pon\u00eda en duda que las protestas pasar\u00edan a otro nivel, como sucedi\u00f3.<\/p>\n\n\n\n<p>La respuesta del Estado fue el viernes extremadamente violenta, decenas de cuerpos motorizados (antimotines, polic\u00eda, milicianos de todo tipo) se instalaron en \u00e1reas estrat\u00e9gicas de todo Teher\u00e1n. Otros hac\u00edan rondas por las calles tratando de disuadir a los caminantes, en muchos casos sin \u00e9xito. Las personas no solo salieron a la calle, sino que muchos estaban listos para responder. En muchos lugares de la capital las multitudes volv\u00edan a unirse para a caminar masivamente, otros encend\u00edan de nuevo contenedores de basura. Volv\u00eda el campo de batalla.<\/p>\n\n\n\n<p>En alg\u00fan sector del este de la ciudad, por ejemplo, numerosos grupos de personas se atrincheraron en una gran calle y armaron barricadas con contenedores y postes. Prendieron fuego y estaban dispuestos a enfrentarse a decenas de milicianos y polic\u00edas preparados cerca para cargar. El n\u00famero de hombres armados era tan grande que, en otras ocasiones, la multitud se hubiera dispersado, pero all\u00ed estaban, esperando. En otra esquina del sector, basijis vestidos de civil disparaban cada vez que se acercaba una moto. Algunas veces lo hac\u00edan al aire, otras apuntaban en direcci\u00f3n de los transe\u00fantes. Pero a\u00fan as\u00ed, familias enteras caminaban por las aceras u observaban desde las puertas de sus casas.<\/p>\n\n\n\n<h2 class=\"wp-block-heading\">Represi\u00f3n brutal<\/h2>\n\n\n\n<h3 class=\"wp-block-heading\">La respuesta del r\u00e9gimen fue de violencia extrema el pasado viernes: pero pese a los disparos de los &#8216;basijis&#8217; vestidos de civiles, familias enteras paseban por las aceras&nbsp;<\/h3>\n\n\n\n<p>Todo empeor\u00f3 con el pasar de las horas. El s\u00e1bado, los testimonios de primera mano hablaban de gente muerta tirada en calles de diferentes partes de la ciudad, hablaba de j\u00f3venes que murieron de un disparo en la cabeza, de personas que hab\u00edan recibido impacto en diferentes partes del cuerpo o de milicianos y polic\u00edas muertos. \u201cYo vi milicianos vestidos de civil que sacaron armas y empezaron a disparar para dar excusa a los otros para atacarnos de vuelta. Fue horrible\u201d, dice una joven de 24 a\u00f1os que se encontraba en el sur de Teher\u00e1n y que no quiere dar m\u00e1s detalles. Sus cuatro amigos est\u00e1n heridos y uno, muerto. \u201cEl cuerpo qued\u00f3 all\u00ed\u201d, dijo.<\/p>\n\n\n\n<p>Con el pasar de los d\u00edas, decenas de familias recibieron llamados para que fueran, con un n\u00famero, a identificar a los suyos. La versi\u00f3n que daba la televisi\u00f3n estatal es que fueron asesinados por \u201cterroristas\u201d que trabajan para los enemigos de Ir\u00e1n. Tambi\u00e9n argumentan que esta es la segunda ronda de la Guerra de los Doce D\u00edas que inici\u00f3 Israel en junio del a\u00f1o pasado. \u201cSe est\u00e1n aprovechando del descontento de la gente y hay muchos terroristas que trabajan para ellos\u201d, dice Ali, un taxista que lleva una foto del l\u00edder supremo en el volante de su coche.<\/p>\n\n\n\n<figure class=\"wp-block-image size-full\"><img decoding=\"async\" width=\"566\" height=\"394\" src=\"https:\/\/losperiodistas.com.mx\/portal\/wp-content\/uploads\/2026\/01\/6966435977a94.jpeg\" alt=\"\" class=\"wp-image-114649\" srcset=\"https:\/\/losperiodistas.com.mx\/portal\/wp-content\/uploads\/2026\/01\/6966435977a94.jpeg 566w, https:\/\/losperiodistas.com.mx\/portal\/wp-content\/uploads\/2026\/01\/6966435977a94-300x209.jpeg 300w\" sizes=\"(max-width: 566px) 100vw, 566px\" \/><figcaption class=\"wp-element-caption\">Los destrozos ocasionados en la mezquieta Abu Dhar de Teher\u00e1n&nbsp;Tasnim \/ EFE<\/figcaption><\/figure>\n\n\n\n<p>Hasta ahora es imposible conocer el n\u00famero de detenidos, muertos y heridos, pero los observadores en Teher\u00e1n creen que pueden ser miles: algunos hablan de dos mil, otros de cuatro mil.<\/p>\n\n\n\n<p>Ir\u00f3nicamente, al comienzo de la semana laboral iran\u00ed, que empieza el s\u00e1bado, los medios locales hablaban de calma en la ciudad y el bazar abierto, lo que era parcialmente cierto, pues el grueso del bazar, el ubicado en el interior, lleva d\u00edas cerrado.<\/p>\n\n\n\n<p>Por su parte, Pahlavi, el heredero del trono, volv\u00eda a pedir que protestaran el s\u00e1bado y domingo, pero esta vez a las 18.00 h. Hubo protestas en algunos puntos, pero mucho m\u00e1s reducidas como consecuencia del miedo: para entonces el despliegue de seguridad no ten\u00eda precedentes. Las detenciones y ataques continuaron entres quienes protestaban pac\u00edficamente, como se vi\u00f3 el domingo en la zona de Punak, donde los basijis pegaban a mujeres que iba por la calle.Lee tambi\u00e9n<\/p>\n\n\n\n<h2 class=\"wp-block-heading has-medium-font-size\"><a href=\"https:\/\/www.lavanguardia.com\/internacional\/20260112\/11429381\/reza-pahlevi-heredero-sha-reclama-control-iran.html\">Reza Pahlevi, el heredero del sha que reclama el control de Ir\u00e1n<\/a><\/h2>\n\n\n\n<p>Helena Pelicano<\/p>\n\n\n\n<figure class=\"wp-block-image\"><img decoding=\"async\" src=\"https:\/\/www.lavanguardia.com\/files\/image_80_83\/files\/fp\/uploads\/2026\/01\/11\/6963d6fe50888.r_d.2115-1319.jpeg\" alt=\"Horizontal\"\/><\/figure>\n\n\n\n<h2 class=\"wp-block-heading has-medium-font-size\"><a href=\"https:\/\/www.lavanguardia.com\/internacional\/20260109\/11423844\/protestas-manifestaciones-jamenei-iran-ponen-jaque-gobierno-ayatolas.html\">Las protestas en Ir\u00e1n ponen en jaque al gobierno de los ayatol\u00e1s<\/a><\/h2>\n\n\n\n<p>Gina Tosas<\/p>\n\n\n\n<figure class=\"wp-block-image\"><img decoding=\"async\" src=\"https:\/\/www.lavanguardia.com\/files\/image_80_83\/uploads\/2026\/01\/09\/6960e2cf2d517.jpeg\" alt=\"Testimonio de las protestas m\u00e1s grandes que han desafiado a la Rep\u00fablica Isl\u00e1mica iran\u00ed\"\/><\/figure>\n\n\n\n<p>El lunes, las autoridades convocaron una gran marcha de apoyo a nivel nacional en la que participaron cientos de miles de personas. \u201cTodo lo que pasa est\u00e1 creado por Estados Unidos e Israel\u201d, dec\u00eda Maryam, que se acercaba a la movilizaci\u00f3n. Dice que nunca ve las televisiones en farsi que emiten desde extranjero, que solo ve la televisi\u00f3n p\u00fablica nacional.<\/p>\n\n\n\n<p>Ser\u00e1n los libros de historia los que cuenten cu\u00e1l fue el desenlace de las protestas m\u00e1s grandes que han desafiado a la Rep\u00fablica Isl\u00e1mica desde su creaci\u00f3n.<\/p>\n\n\n\n<p>Fuente: <a href=\"https:\/\/www.lavanguardia.com\/internacional\/20260113\/11434773\/testimonio-protestas-mas-grandes-han-desafiado-republica-islamica-irani.html\">https:\/\/www.lavanguardia.com\/internacional\/20260113\/11434773\/testimonio-protestas-mas-grandes-han-desafiado-republica-islamica-irani.html<\/a><\/p>\n","protected":false},"excerpt":{"rendered":"<p>Relato de los cinco d\u00edas que han hecho temblar al r\u00e9gimen de los ayatolas Es imposible conocer el n\u00famero de [&hellip;]<\/p>\n","protected":false},"author":1,"featured_media":114647,"comment_status":"open","ping_status":"open","sticky":false,"template":"","format":"standard","meta":{"site-sidebar-layout":"default","site-content-layout":"","ast-site-content-layout":"default","site-content-style":"default","site-sidebar-style":"default","ast-global-header-display":"","ast-banner-title-visibility":"","ast-main-header-display":"","ast-hfb-above-header-display":"","ast-hfb-below-header-display":"","ast-hfb-mobile-header-display":"","site-post-title":"","ast-breadcrumbs-content":"","ast-featured-img":"","footer-sml-layout":"","theme-transparent-header-meta":"","adv-header-id-meta":"","stick-header-meta":"","header-above-stick-meta":"","header-main-stick-meta":"","header-below-stick-meta":"","astra-migrate-meta-layouts":"default","ast-page-background-enabled":"default","ast-page-background-meta":{"desktop":{"background-color":"var(--ast-global-color-4)","background-image":"","background-repeat":"repeat","background-position":"center center","background-size":"auto","background-attachment":"scroll","background-type":"","background-media":"","overlay-type":"","overlay-color":"","overlay-opacity":"","overlay-gradient":""},"tablet":{"background-color":"","background-image":"","background-repeat":"repeat","background-position":"center center","background-size":"auto","background-attachment":"scroll","background-type":"","background-media":"","overlay-type":"","overlay-color":"","overlay-opacity":"","overlay-gradient":""},"mobile":{"background-color":"","background-image":"","background-repeat":"repeat","background-position":"center center","background-size":"auto","background-attachment":"scroll","background-type":"","background-media":"","overlay-type":"","overlay-color":"","overlay-opacity":"","overlay-gradient":""}},"ast-content-background-meta":{"desktop":{"background-color":"var(--ast-global-color-5)","background-image":"","background-repeat":"repeat","background-position":"center center","background-size":"auto","background-attachment":"scroll","background-type":"","background-media":"","overlay-type":"","overlay-color":"","overlay-opacity":"","overlay-gradient":""},"tablet":{"background-color":"var(--ast-global-color-5)","background-image":"","background-repeat":"repeat","background-position":"center center","background-size":"auto","background-attachment":"scroll","background-type":"","background-media":"","overlay-type":"","overlay-color":"","overlay-opacity":"","overlay-gradient":""},"mobile":{"background-color":"var(--ast-global-color-5)","background-image":"","background-repeat":"repeat","background-position":"center center","background-size":"auto","background-attachment":"scroll","background-type":"","background-media":"","overlay-type":"","overlay-color":"","overlay-opacity":"","overlay-gradient":""}},"footnotes":""},"categories":[8],"tags":[45367,45369,45368],"class_list":["post-114646","post","type-post","status-publish","format-standard","has-post-thumbnail","hentry","category-noticias","tag-protestas-iran","tag-reza-pahlavi","tag-tiemblan-aytatolas-iranies"],"_links":{"self":[{"href":"https:\/\/losperiodistas.com.mx\/portal\/wp-json\/wp\/v2\/posts\/114646","targetHints":{"allow":["GET"]}}],"collection":[{"href":"https:\/\/losperiodistas.com.mx\/portal\/wp-json\/wp\/v2\/posts"}],"about":[{"href":"https:\/\/losperiodistas.com.mx\/portal\/wp-json\/wp\/v2\/types\/post"}],"author":[{"embeddable":true,"href":"https:\/\/losperiodistas.com.mx\/portal\/wp-json\/wp\/v2\/users\/1"}],"replies":[{"embeddable":true,"href":"https:\/\/losperiodistas.com.mx\/portal\/wp-json\/wp\/v2\/comments?post=114646"}],"version-history":[{"count":1,"href":"https:\/\/losperiodistas.com.mx\/portal\/wp-json\/wp\/v2\/posts\/114646\/revisions"}],"predecessor-version":[{"id":114650,"href":"https:\/\/losperiodistas.com.mx\/portal\/wp-json\/wp\/v2\/posts\/114646\/revisions\/114650"}],"wp:featuredmedia":[{"embeddable":true,"href":"https:\/\/losperiodistas.com.mx\/portal\/wp-json\/wp\/v2\/media\/114647"}],"wp:attachment":[{"href":"https:\/\/losperiodistas.com.mx\/portal\/wp-json\/wp\/v2\/media?parent=114646"}],"wp:term":[{"taxonomy":"category","embeddable":true,"href":"https:\/\/losperiodistas.com.mx\/portal\/wp-json\/wp\/v2\/categories?post=114646"},{"taxonomy":"post_tag","embeddable":true,"href":"https:\/\/losperiodistas.com.mx\/portal\/wp-json\/wp\/v2\/tags?post=114646"}],"curies":[{"name":"wp","href":"https:\/\/api.w.org\/{rel}","templated":true}]}}