{"id":114640,"date":"2026-01-13T09:24:50","date_gmt":"2026-01-13T15:24:50","guid":{"rendered":"https:\/\/losperiodistas.com.mx\/portal\/?p=114640"},"modified":"2026-01-13T09:24:52","modified_gmt":"2026-01-13T15:24:52","slug":"confesiones-desde-el-armario-la-homosexualidad-las-terapias-de-conversion-y-el-suicidio-entre-el-clero-a-debate-religion-digital","status":"publish","type":"post","link":"https:\/\/losperiodistas.com.mx\/portal\/confesiones-desde-el-armario-la-homosexualidad-las-terapias-de-conversion-y-el-suicidio-entre-el-clero-a-debate-religion-digital\/","title":{"rendered":"\u2018Confesiones desde el armario\u2019: la homosexualidad, las terapias de conversi\u00f3n y el suicidio entre el clero, a debate | Religi\u00f3n Digital"},"content":{"rendered":"\n<h2 class=\"wp-block-heading\">\u2018<a href=\"https:\/\/www.mediasetinfinity.es\/programas-tv\/proyecto-sistiaga\/temporada-1\/episodios\/programa-1-40_018003989\/player\/\">Proyecto Sistiaga<\/a>\u2019 aborda la realidad del movimiento LGTBI dentro de la Iglesia, con entrevistas a sacerdotes, religiosos y religiosas gays, una realidad que afecta \u201centre el 60 y el 70%\u201d, seg\u00fan Jes\u00fas Donaire<\/h2>\n\n\n\n<figure class=\"wp-block-image\"><img decoding=\"async\" src=\"https:\/\/static.religiondigital.org\/clip\/9735ed06-55bd-4979-89fc-92253a06f990_source-aspect-ratio_1600w_0.png\" alt=\"Jon Sistiaga, con Jes\u00fas Donaire\" title=\"Jon Sistiaga, con Jes\u00fas Donaire\"\/><figcaption class=\"wp-element-caption\">Jon Sistiaga, con Jes\u00fas Donaire&nbsp;|&nbsp;captura de pantalla<\/figcaption><\/figure>\n\n\n\n<p><a href=\"https:\/\/www.religiondigital.org\/jesus_bastante\/\"><\/a><\/p>\n\n\n\n<p class=\"has-vivid-red-color has-text-color has-link-color has-medium-font-size wp-elements-f3f7e32e4568b093789119ce226cbca8\"><strong><a href=\"https:\/\/www.religiondigital.org\/jesus_bastante\/\">Jes\u00fas Bastante<\/a> \/ Religi\u00f3n Digital<\/strong><\/p>\n\n\n\n<p><\/p>\n\n\n\n<p><strong>\u201cMi opci\u00f3n era el exilio o el suicidio\u201d<\/strong>. Los sacerdotes James Alison, Jes\u00fas Donaire o Crist\u00f3bal Jos\u00e9 Rodr\u00edguez, acompa\u00f1ados de religiosas como Mar\u00eda Luisa Berzosa o ex monjas como Aranza Gac\u00eda Prados, protagonizaron ayer la nueva temporada de<a href=\"https:\/\/www.cuatro.com\/proyecto-sistiaga\/#utm_source=logo&amp;utm_medium=Proyecto%20Sistiaga\">&nbsp;\u2018Proyecto Sistiaga\u2019,<\/a>&nbsp;el nuevo programa del veterano periodista en Cuatro que, en esta ocasi\u00f3n, revela las \u2018<a href=\"https:\/\/www.mediasetinfinity.es\/programas-tv\/proyecto-sistiaga\/temporada-1\/episodios\/programa-1-40_018003989\/player\/\">Confesiones desde el armario<\/a>\u2019. Un completo reportaje sobre una realidad escondida, o varias: la homosexualidad en el clero, el sexo, la soledad o el suicidio.<\/p>\n\n\n\n<p>\u201cNo s\u00f3lo entre los sacerdotes, sino tambi\u00e9n entre los obispos, la tendencia homosexual es muy fuerte\u201d, se\u00f1ala Donaire, que apunta a que&nbsp;<strong>el porcentaje de homosexualidad entre el clero rondar\u00eda \u201centre el 60 y el 70%\u201d<\/strong>. El ex sacerdote y colaborador de RD relata su experiencia en el seminario y durante su vida sacerdotal, marcada por su tendencia, y por el temor. \u00bbDurante los primeros a\u00f1os estuve bastante conmocionado, perturbado, pensando que era un defecto, un pecado e incluso una influencia del demonio y que poni\u00e9ndome en manos de la Iglesia Cat\u00f3lica ser\u00eda capaz de poder curarme, poder superar ese vicio\u00bb, explica.<\/p>\n\n\n\n<figure class=\"wp-block-embed is-type-rich is-provider-twitter wp-block-embed-twitter\"><div class=\"wp-block-embed__wrapper\">\n<blockquote class=\"twitter-tweet\" data-width=\"500\" data-dnt=\"true\"><p lang=\"es\" dir=\"ltr\">El sacerdote que fue expulsado de la Iglesia y readmitido por el Papa Francisco: &#39;&#39;La proporci\u00f3n de sacerdotes homosexuales en el Vaticano es del 80 %&#39;&#39; <a href=\"https:\/\/twitter.com\/hashtag\/ProyectoSistiaga?src=hash&amp;ref_src=twsrc%5Etfw\">#ProyectoSistiaga<\/a> <a href=\"https:\/\/t.co\/acM0hnEm0B\">https:\/\/t.co\/acM0hnEm0B<\/a><\/p>&mdash; Cuatro (@cuatro) <a href=\"https:\/\/twitter.com\/cuatro\/status\/2010879475253215734?ref_src=twsrc%5Etfw\">January 13, 2026<\/a><\/blockquote><script async src=\"https:\/\/platform.twitter.com\/widgets.js\" charset=\"utf-8\"><\/script>\n<\/div><\/figure>\n\n\n\n<p><\/p>\n\n\n\n<p>\u00bbCuando decid\u00ed dar el paso, hablarlo con el arzobispo,&nbsp;<strong>todos estos sacerdotes marcaron distancia<\/strong>&nbsp;(&#8230;) Ese temor existe\u00bb, subraya Donaire, quien se muestra convencido de que \u201cla inmensa mayor\u00eda ejerce activamente su sexualidad&nbsp;sin vivir realmente el celibato\u201d. \u00c9l mismo, confiesa, ha tenido \u201cnumerosas relaciones\u201d con sacerdotes, y haber intentado, con cilicios y disciplinas, tratar de evitar sus pulsiones, sus \u2018tentaciones\u2019. Donaire lleg\u00f3 a dejarse garbanzos en el zapato \u201cpara recordar el dolor\u201d.<\/p>\n\n\n\n<blockquote class=\"wp-block-quote is-layout-flow wp-block-quote-is-layout-flow\">\n<p class=\"has-ast-global-color-4-background-color has-background has-medium-font-size\"><strong>En los \u00faltimos diez a\u00f1os, al menos 20 sacerdotes espa\u00f1oles se han suicidado<\/strong><\/p>\n<\/blockquote>\n\n\n\n<h2 class=\"wp-block-heading\"><strong>El suicidio entre el clero<\/strong><\/h2>\n\n\n\n<p>La soledad, el fracaso, el abandono, tambi\u00e9n son temas aleda\u00f1os al celibato. Tanto Donaire como Crist\u00f3bal, cura que trabaja con el colectivo LGTBI, o James Alison, sacerdote homosexual brit\u00e1nico, constatan la realidad del drama de la salud mental entre el clero.&nbsp;<strong>\u00bbTengo en mente varios compa\u00f1eros que se han suicidado por el tema homosexual\u00bb<\/strong>, se\u00f1ala Jes\u00fas, quien apunta a que \u201cen los \u00faltimos 10 a\u00f1os, por lo menos 20 sacerdotes\u00bb han acabado con su vida.<\/p>\n\n\n\n<p>\u00bbOtra cosa es que se haya justificado el suicidio de otra manera, que para eso la Iglesia sabe bastante, ocultarlo, camuflarlo&#8230;&nbsp;<strong>Normalmente esto se justifica a trav\u00e9s de las depresiones, de que ten\u00eda problemas mentales.<\/strong>&nbsp;Hombre no, este se\u00f1or se ha quitado de en medio porque no era capaz de gestionar su propia homosexualidad porque se le est\u00e1 reprimiendo\u00bb, a\u00f1ade Donaire.<\/p>\n\n\n\n<figure class=\"wp-block-image\"><img decoding=\"async\" src=\"https:\/\/static.religiondigital.org\/clip\/ab54a737-ecc9-4b05-b3ce-80d93aad5ce5_16-9-aspect-ratio_1600w_0.jpg\" alt=\"Crist\u00f3bal, con Jon Sistiaga\" title=\"Crist\u00f3bal, con Jon Sistiaga\"\/><figcaption class=\"wp-element-caption\">Crist\u00f3bal, con Jon Sistiaga&nbsp;|&nbsp;captura de pantalla<\/figcaption><\/figure>\n\n\n\n<p>Sobre el suicidio de sacerdotes, Crist\u00f3bal confiesa haber tenido que acompa\u00f1ar \u201csituaciones muy dolorosas\u201d. \u201cUna de las motivaciones de mi vocaci\u00f3n es la memoria de mis muertos, de mis personas queridas que les ha costado la vida\u201d, confiesa, revelando el drama de un religioso espa\u00f1ol que, hace cuatro a\u00f1os, se suicidio \u201cno porque fuera homosexual, sino porque viv\u00eda en una disgregaci\u00f3n personal que le llevaba a una depresi\u00f3n y al final decidi\u00f3 poner final a su vida\u00bb. En su opini\u00f3n, personal y profesional, en el caso del clero gay, \u201cmuchos de los problemas aparejados a depresiones o a problemas ps\u00edquicos graves tiene que ver con la&nbsp;<strong>falta de integraci\u00f3n personal\u00bb,<\/strong>&nbsp;a\u00f1ade.<\/p>\n\n\n\n<blockquote class=\"wp-block-quote is-layout-flow wp-block-quote-is-layout-flow\">\n<p class=\"has-ast-global-color-4-background-color has-background has-medium-font-size\"><strong>\u201cEl suicidio entre los consagrados es un tab\u00fa del que pr\u00e1cticamente no se habla, pero que existe en toda la Iglesia cat\u00f3lica y en Espa\u00f1a en particular\u00bb<\/strong><\/p>\n<\/blockquote>\n\n\n\n<h2 class=\"wp-block-heading\"><strong>Terapias de conversi\u00f3n y \u00abhomofobia interiorizada\u00bb<\/strong><\/h2>\n\n\n\n<p>\u201cEl suicidio entre los consagrados es un tab\u00fa del que pr\u00e1cticamente no se habla, pero que existe en toda la Iglesia cat\u00f3lica y en Espa\u00f1a en particular\u00bb, relata Crist\u00f3bal, quien se posiciona contra las&nbsp;<strong>terapias de conversi\u00f3n,<\/strong>&nbsp;un elemento utilizado en algunos sectores de la Iglesia para \u2018curar\u2019 la homosexualidad. \u201cDesde hace a\u00f1os por el Vaticano hay un juicio al respecto, se posiciona abiertamente en contra. Estas terapias nacen en Estados Unidos de la mano de las iglesias de corte evang\u00e9lico y desarrollan una especie de Teo psicolog\u00eda donde mediante terapia de shock a la persona homosexual se la pretende llevar a una aparente normalidad heterosexual\u201d.<\/p>\n\n\n\n<p>Una realidad, la de la homosexualidad en la Iglesia, que no afecta solo a hombres.&nbsp;<strong>Aranza, ex religiosa<\/strong>, abandon\u00f3 su congregaci\u00f3n tras declarar su homosexualidad, denuncia la \u201c<strong>homofobia interiorizada<\/strong>\u201d en amplios sectores de la instituci\u00f3n.<\/p>\n\n\n\n<blockquote class=\"wp-block-quote is-layout-flow wp-block-quote-is-layout-flow\">\n<p class=\"has-ast-global-color-4-background-color has-background has-medium-font-size\"><strong>\u201cUna de las cosas que m\u00e1s cuesta, sobre todo en el mundo religioso y a la gente LGTBI es sentirnos queridos por Dios, es fuerte \u00bfPor qu\u00e9? Porque tienes un fallo de f\u00e1brica. T\u00fa eres de segunda categor\u00eda, entonces como que Dios falla contigo\u201d<\/strong><\/p>\n<\/blockquote>\n\n\n\n<p>\u00bb\u00bfPor qu\u00e9? Porque es m\u00e1s f\u00e1cil ser lo normal, lo frecuente, \u00bfno? Y menos un \u00e1mbito donde es hostil. Yo no pon\u00eda nombre, pero si lo habl\u00e9 con la formadora que ten\u00eda.&nbsp;Me pusieron un acompa\u00f1amiento psicol\u00f3gico&nbsp;para aclararme (&#8230;) Cuando t\u00fa dices en voz alta, soy lesbiana, tardas un tiempo, no es tan f\u00e1cil porque dec\u00eda, bueno, si no es malo \u00bfpor qu\u00e9 me tengo que callar?\u00bb, recuerda, tratando de explicar que \u201cuna de las cosas que m\u00e1s nos cuesta al colectivo es sentirnos queridos por Dios\u00bb. Le cost\u00f3 tiempo reconocerse, y convencerse que lo suyo no era un pecado. \u201cUna de las cosas que m\u00e1s cuesta, sobre todo en el mundo religioso y a la gente LGTBI es sentirnos queridos por Dios, es fuerte \u00bfPor qu\u00e9? Porque tienes un fallo de f\u00e1brica. T\u00fa eres de segunda categor\u00eda, entonces como que Dios falla contigo\u201d, concluye.<\/p>\n\n\n\n<p>Fuente: <a href=\"https:\/\/www.religiondigital.org\/espana\/confesiones-armario-homosexualidad-terapias-conversion_1_1439425.html\">https:\/\/www.religiondigital.org\/espana\/confesiones-armario-homosexualidad-terapias-conversion_1_1439425.html<\/a><\/p>\n","protected":false},"excerpt":{"rendered":"<p>\u2018Proyecto Sistiaga\u2019 aborda la realidad del movimiento LGTBI dentro de la Iglesia, con entrevistas a sacerdotes, religiosos y religiosas gays, [&hellip;]<\/p>\n","protected":false},"author":1,"featured_media":114641,"comment_status":"open","ping_status":"open","sticky":false,"template":"","format":"standard","meta":{"site-sidebar-layout":"default","site-content-layout":"","ast-site-content-layout":"default","site-content-style":"default","site-sidebar-style":"default","ast-global-header-display":"","ast-banner-title-visibility":"","ast-main-header-display":"","ast-hfb-above-header-display":"","ast-hfb-below-header-display":"","ast-hfb-mobile-header-display":"","site-post-title":"","ast-breadcrumbs-content":"","ast-featured-img":"","footer-sml-layout":"","theme-transparent-header-meta":"","adv-header-id-meta":"","stick-header-meta":"","header-above-stick-meta":"","header-main-stick-meta":"","header-below-stick-meta":"","astra-migrate-meta-layouts":"default","ast-page-background-enabled":"default","ast-page-background-meta":{"desktop":{"background-color":"var(--ast-global-color-4)","background-image":"","background-repeat":"repeat","background-position":"center center","background-size":"auto","background-attachment":"scroll","background-type":"","background-media":"","overlay-type":"","overlay-color":"","overlay-opacity":"","overlay-gradient":""},"tablet":{"background-color":"","background-image":"","background-repeat":"repeat","background-position":"center center","background-size":"auto","background-attachment":"scroll","background-type":"","background-media":"","overlay-type":"","overlay-color":"","overlay-opacity":"","overlay-gradient":""},"mobile":{"background-color":"","background-image":"","background-repeat":"repeat","background-position":"center center","background-size":"auto","background-attachment":"scroll","background-type":"","background-media":"","overlay-type":"","overlay-color":"","overlay-opacity":"","overlay-gradient":""}},"ast-content-background-meta":{"desktop":{"background-color":"var(--ast-global-color-5)","background-image":"","background-repeat":"repeat","background-position":"center center","background-size":"auto","background-attachment":"scroll","background-type":"","background-media":"","overlay-type":"","overlay-color":"","overlay-opacity":"","overlay-gradient":""},"tablet":{"background-color":"var(--ast-global-color-5)","background-image":"","background-repeat":"repeat","background-position":"center center","background-size":"auto","background-attachment":"scroll","background-type":"","background-media":"","overlay-type":"","overlay-color":"","overlay-opacity":"","overlay-gradient":""},"mobile":{"background-color":"var(--ast-global-color-5)","background-image":"","background-repeat":"repeat","background-position":"center center","background-size":"auto","background-attachment":"scroll","background-type":"","background-media":"","overlay-type":"","overlay-color":"","overlay-opacity":"","overlay-gradient":""}},"footnotes":""},"categories":[8],"tags":[45365,45364,45363],"class_list":["post-114640","post","type-post","status-publish","format-standard","has-post-thumbnail","hentry","category-noticias","tag-confesiones-desde-el-armario","tag-lgtbi-dentro-iglesis-catolica","tag-proyecto-sistiaga"],"_links":{"self":[{"href":"https:\/\/losperiodistas.com.mx\/portal\/wp-json\/wp\/v2\/posts\/114640","targetHints":{"allow":["GET"]}}],"collection":[{"href":"https:\/\/losperiodistas.com.mx\/portal\/wp-json\/wp\/v2\/posts"}],"about":[{"href":"https:\/\/losperiodistas.com.mx\/portal\/wp-json\/wp\/v2\/types\/post"}],"author":[{"embeddable":true,"href":"https:\/\/losperiodistas.com.mx\/portal\/wp-json\/wp\/v2\/users\/1"}],"replies":[{"embeddable":true,"href":"https:\/\/losperiodistas.com.mx\/portal\/wp-json\/wp\/v2\/comments?post=114640"}],"version-history":[{"count":1,"href":"https:\/\/losperiodistas.com.mx\/portal\/wp-json\/wp\/v2\/posts\/114640\/revisions"}],"predecessor-version":[{"id":114642,"href":"https:\/\/losperiodistas.com.mx\/portal\/wp-json\/wp\/v2\/posts\/114640\/revisions\/114642"}],"wp:featuredmedia":[{"embeddable":true,"href":"https:\/\/losperiodistas.com.mx\/portal\/wp-json\/wp\/v2\/media\/114641"}],"wp:attachment":[{"href":"https:\/\/losperiodistas.com.mx\/portal\/wp-json\/wp\/v2\/media?parent=114640"}],"wp:term":[{"taxonomy":"category","embeddable":true,"href":"https:\/\/losperiodistas.com.mx\/portal\/wp-json\/wp\/v2\/categories?post=114640"},{"taxonomy":"post_tag","embeddable":true,"href":"https:\/\/losperiodistas.com.mx\/portal\/wp-json\/wp\/v2\/tags?post=114640"}],"curies":[{"name":"wp","href":"https:\/\/api.w.org\/{rel}","templated":true}]}}