{"id":114637,"date":"2026-01-13T08:56:18","date_gmt":"2026-01-13T14:56:18","guid":{"rendered":"https:\/\/losperiodistas.com.mx\/portal\/?p=114637"},"modified":"2026-01-13T08:56:19","modified_gmt":"2026-01-13T14:56:19","slug":"el-presidente-groenlandes-dice-que-elige-a-dinamarca-antes-que-a-estados-unidos","status":"publish","type":"post","link":"https:\/\/losperiodistas.com.mx\/portal\/el-presidente-groenlandes-dice-que-elige-a-dinamarca-antes-que-a-estados-unidos\/","title":{"rendered":"El presidente groenland\u00e9s dice que elige a Dinamarca antes que a Estados Unidos"},"content":{"rendered":"\n<figure class=\"wp-block-image size-full\"><img fetchpriority=\"high\" decoding=\"async\" width=\"900\" height=\"599\" src=\"https:\/\/losperiodistas.com.mx\/portal\/wp-content\/uploads\/2026\/01\/EPA6406-DENMARK-GREENLAND-POLITICS.webp\" alt=\"\" class=\"wp-image-114638\" srcset=\"https:\/\/losperiodistas.com.mx\/portal\/wp-content\/uploads\/2026\/01\/EPA6406-DENMARK-GREENLAND-POLITICS.webp 900w, https:\/\/losperiodistas.com.mx\/portal\/wp-content\/uploads\/2026\/01\/EPA6406-DENMARK-GREENLAND-POLITICS-300x200.webp 300w, https:\/\/losperiodistas.com.mx\/portal\/wp-content\/uploads\/2026\/01\/EPA6406-DENMARK-GREENLAND-POLITICS-768x511.webp 768w\" sizes=\"(max-width: 900px) 100vw, 900px\" \/><figcaption class=\"wp-element-caption\">El presidente del Naalakkersuisut, el primer ministro de Groenlandia, Jens-Frederik Nielsen, y la primera ministra de Dinamarca, Mette Frederiksen. EFE\/EPA\/LISELOTTE SABROE<\/figcaption><\/figure>\n\n\n\n<p class=\"has-vivid-red-color has-text-color has-link-color has-medium-font-size wp-elements-23db7e95974579b190d8bc7ea9a6cef6\"><strong>Agencia EFE<\/strong><\/p>\n\n\n\n<p>Copenhague (EFE).- El presidente de Groenlandia,&nbsp;<a href=\"https:\/\/efe.com\/?s=Jens-Frederik+Nielsen\">Jens-Frederik Nielsen<\/a>, dijo este martes que si este territorio aut\u00f3nomo dan\u00e9s tiene que escoger ahora mismo entre Dinamarca y Estados Unidos, que ha amenazado con hacerse con esta isla \u00e1rtica por motivos de seguridad nacional, elegir\u00eda seguir en el pa\u00eds n\u00f3rdico.<\/p>\n\n\n\n<p>\u00abGroenlandia no quiere que nadie la posea ni nadie la controle. Si ahora mismo tuvi\u00e9ramos que elegir entre Estados Unidos y Dinamarca, entonces elegimos a Dinamarca. No es momento de discrepancias internas, sino de estar juntos\u00bb, dijo Nielsen en rueda de prensa conjunta con la primera ministra danesa, Mette Frederiksen.<\/p>\n\n\n\n<h2 class=\"wp-block-heading\" id=\"h-lo-mas-dificil-esta-por-venir-dice-la-primera-ministra-danesa\">\u00abLo m\u00e1s dif\u00edcil est\u00e1 por venir\u00bb, dice la primera ministra danesa<\/h2>\n\n\n\n<p>La primera ministra de Dinamarca, Mette Frederiksen, tild\u00f3 de \u00abinaceptable\u00bb la presi\u00f3n de Estados Unidos para hacerse con el territorio aut\u00f3nomo dan\u00e9s de Groenlandia y dijo que \u00ablo m\u00e1s dif\u00edcil est\u00e1 por venir\u00bb, en la v\u00edspera de la cita en Washington entre la diplomacia de ambos pa\u00edses para tratar la situaci\u00f3n de la isla \u00e1rtica.<\/p>\n\n\n\n<p>\u00abNo ha sido f\u00e1cil hacer frente a una presi\u00f3n del todo inaceptable de nuestro aliado m\u00e1s estrecho desde tiempos inmemoriales. Pero muchas cosas apuntan a que lo m\u00e1s dif\u00edcil est\u00e1 por venir\u00bb, afirm\u00f3 Frederiksen.<\/p>\n\n\n\n<p>Fuente: <a href=\"https:\/\/efe.com\/mundo\/2026-01-13\/presidente-groenlandes-eleccion-dinamarca-antes-eeuu\/\">https:\/\/efe.com\/mundo\/2026-01-13\/presidente-groenlandes-eleccion-dinamarca-antes-eeuu\/<\/a><a href=\"https:\/\/efe.com\/mundo\/\"><\/a><\/p>\n","protected":false},"excerpt":{"rendered":"<p>Agencia EFE Copenhague (EFE).- El presidente de Groenlandia,&nbsp;Jens-Frederik Nielsen, dijo este martes que si este territorio aut\u00f3nomo dan\u00e9s tiene que [&hellip;]<\/p>\n","protected":false},"author":1,"featured_media":114638,"comment_status":"open","ping_status":"open","sticky":false,"template":"","format":"standard","meta":{"site-sidebar-layout":"default","site-content-layout":"","ast-site-content-layout":"default","site-content-style":"default","site-sidebar-style":"default","ast-global-header-display":"","ast-banner-title-visibility":"","ast-main-header-display":"","ast-hfb-above-header-display":"","ast-hfb-below-header-display":"","ast-hfb-mobile-header-display":"","site-post-title":"","ast-breadcrumbs-content":"","ast-featured-img":"","footer-sml-layout":"","theme-transparent-header-meta":"","adv-header-id-meta":"","stick-header-meta":"","header-above-stick-meta":"","header-main-stick-meta":"","header-below-stick-meta":"","astra-migrate-meta-layouts":"default","ast-page-background-enabled":"default","ast-page-background-meta":{"desktop":{"background-color":"var(--ast-global-color-4)","background-image":"","background-repeat":"repeat","background-position":"center center","background-size":"auto","background-attachment":"scroll","background-type":"","background-media":"","overlay-type":"","overlay-color":"","overlay-opacity":"","overlay-gradient":""},"tablet":{"background-color":"","background-image":"","background-repeat":"repeat","background-position":"center center","background-size":"auto","background-attachment":"scroll","background-type":"","background-media":"","overlay-type":"","overlay-color":"","overlay-opacity":"","overlay-gradient":""},"mobile":{"background-color":"","background-image":"","background-repeat":"repeat","background-position":"center center","background-size":"auto","background-attachment":"scroll","background-type":"","background-media":"","overlay-type":"","overlay-color":"","overlay-opacity":"","overlay-gradient":""}},"ast-content-background-meta":{"desktop":{"background-color":"var(--ast-global-color-5)","background-image":"","background-repeat":"repeat","background-position":"center center","background-size":"auto","background-attachment":"scroll","background-type":"","background-media":"","overlay-type":"","overlay-color":"","overlay-opacity":"","overlay-gradient":""},"tablet":{"background-color":"var(--ast-global-color-5)","background-image":"","background-repeat":"repeat","background-position":"center center","background-size":"auto","background-attachment":"scroll","background-type":"","background-media":"","overlay-type":"","overlay-color":"","overlay-opacity":"","overlay-gradient":""},"mobile":{"background-color":"var(--ast-global-color-5)","background-image":"","background-repeat":"repeat","background-position":"center center","background-size":"auto","background-attachment":"scroll","background-type":"","background-media":"","overlay-type":"","overlay-color":"","overlay-opacity":"","overlay-gradient":""}},"footnotes":""},"categories":[8],"tags":[45361,45362],"class_list":["post-114637","post","type-post","status-publish","format-standard","has-post-thumbnail","hentry","category-noticias","tag-groenlandia-elige-a-dinamarca","tag-groenlandia-rechaza-a-ee-uu"],"_links":{"self":[{"href":"https:\/\/losperiodistas.com.mx\/portal\/wp-json\/wp\/v2\/posts\/114637","targetHints":{"allow":["GET"]}}],"collection":[{"href":"https:\/\/losperiodistas.com.mx\/portal\/wp-json\/wp\/v2\/posts"}],"about":[{"href":"https:\/\/losperiodistas.com.mx\/portal\/wp-json\/wp\/v2\/types\/post"}],"author":[{"embeddable":true,"href":"https:\/\/losperiodistas.com.mx\/portal\/wp-json\/wp\/v2\/users\/1"}],"replies":[{"embeddable":true,"href":"https:\/\/losperiodistas.com.mx\/portal\/wp-json\/wp\/v2\/comments?post=114637"}],"version-history":[{"count":1,"href":"https:\/\/losperiodistas.com.mx\/portal\/wp-json\/wp\/v2\/posts\/114637\/revisions"}],"predecessor-version":[{"id":114639,"href":"https:\/\/losperiodistas.com.mx\/portal\/wp-json\/wp\/v2\/posts\/114637\/revisions\/114639"}],"wp:featuredmedia":[{"embeddable":true,"href":"https:\/\/losperiodistas.com.mx\/portal\/wp-json\/wp\/v2\/media\/114638"}],"wp:attachment":[{"href":"https:\/\/losperiodistas.com.mx\/portal\/wp-json\/wp\/v2\/media?parent=114637"}],"wp:term":[{"taxonomy":"category","embeddable":true,"href":"https:\/\/losperiodistas.com.mx\/portal\/wp-json\/wp\/v2\/categories?post=114637"},{"taxonomy":"post_tag","embeddable":true,"href":"https:\/\/losperiodistas.com.mx\/portal\/wp-json\/wp\/v2\/tags?post=114637"}],"curies":[{"name":"wp","href":"https:\/\/api.w.org\/{rel}","templated":true}]}}