{"id":114634,"date":"2026-01-13T08:49:35","date_gmt":"2026-01-13T14:49:35","guid":{"rendered":"https:\/\/losperiodistas.com.mx\/portal\/?p=114634"},"modified":"2026-01-13T08:49:36","modified_gmt":"2026-01-13T14:49:36","slug":"opinion-24-aniversario-del-consejo-de-la-cronica","status":"publish","type":"post","link":"https:\/\/losperiodistas.com.mx\/portal\/opinion-24-aniversario-del-consejo-de-la-cronica\/","title":{"rendered":"Opini\u00f3n | 24 aniversario del Consejo de la Cr\u00f3nica"},"content":{"rendered":"\n<p class=\"has-medium-font-size\">*Reuni\u00f3n de 200 cronistas del estado; firman convenio instituciones cubanas con Tecomatl\u00e1n<\/p>\n\n\n\n<figure class=\"wp-block-image size-large\"><img fetchpriority=\"high\" decoding=\"async\" width=\"1024\" height=\"682\" src=\"https:\/\/losperiodistas.com.mx\/portal\/wp-content\/uploads\/2026\/01\/REUNION-DE-CRONISTAS-DE-PUEBLA-1024x682.jpg\" alt=\"\" class=\"wp-image-114635\" srcset=\"https:\/\/losperiodistas.com.mx\/portal\/wp-content\/uploads\/2026\/01\/REUNION-DE-CRONISTAS-DE-PUEBLA-1024x682.jpg 1024w, https:\/\/losperiodistas.com.mx\/portal\/wp-content\/uploads\/2026\/01\/REUNION-DE-CRONISTAS-DE-PUEBLA-300x200.jpg 300w, https:\/\/losperiodistas.com.mx\/portal\/wp-content\/uploads\/2026\/01\/REUNION-DE-CRONISTAS-DE-PUEBLA-768x512.jpg 768w, https:\/\/losperiodistas.com.mx\/portal\/wp-content\/uploads\/2026\/01\/REUNION-DE-CRONISTAS-DE-PUEBLA-1536x1023.jpg 1536w, https:\/\/losperiodistas.com.mx\/portal\/wp-content\/uploads\/2026\/01\/REUNION-DE-CRONISTAS-DE-PUEBLA.jpg 1600w\" sizes=\"(max-width: 1024px) 100vw, 1024px\" \/><\/figure>\n\n\n\n<p class=\"has-vivid-red-color has-text-color has-link-color has-medium-font-size wp-elements-1b1ce3f984c10224e0fe7e26b00bd74a\"><strong>Por Ra\u00fal Torres Salmer\u00f3n \/ Sin L\u00edmites<\/strong><\/p>\n\n\n\n<p>A 20 a\u00f1os de su primer encuentro, el Consejo de la Cr\u00f3nica del Estado de Puebla reuni\u00f3 a los guardianes de la memoria estatal en una jornada memorable, combinando tradici\u00f3n, cultura y compromiso, a fines del a\u00f1o pasado. El Consejo es creado por decreto del Congreso del Estado el 15 de octubre de 2001, celebr\u00f3 con gran \u00e9xito su reuni\u00f3n anual.<\/p>\n\n\n\n<p>El Consejo naci\u00f3 en 2001 y fue hasta diciembre de 2005 cuando se concret\u00f3 la Primera Reuni\u00f3n General de Cronistas, tras a\u00f1os dedicados a un meticuloso proceso de integraci\u00f3n y reclutamiento en toda la entidad. El esfuerzo fue impulsado por el Profesor Pedro \u00c1ngel Palou como primer Coordinador del Consejo de la Cr\u00f3nica en 2004. Aquel encuentro pionero se realiz\u00f3 en las instalaciones del Museo Taller Erasto Cort\u00e9s.<\/p>\n\n\n\n<p>En 2025, la reuni\u00f3n se convoca para los d\u00edas 13 y 14 de diciembre en el auditorio de la Biblioteca Miguel de la Madrid, la casa en las \u00faltimos tres a\u00f1os en las reuniones anuales. En realidad, es un sentido homenaje a los testigos presenciales y protagonistas que documentan el acontecer y dan voz a las ra\u00edces de nuestra identidad. Son personajes indispensables y a veces tan olvidados como los cronistas.<\/p>\n\n\n\n<p>Los datos m\u00e1s interesantes de la reuni\u00f3n, seg\u00fan Pedro Mauro Ramos, Jefe de Cronistas del Estado y Secretario General del Consejo de la Cr\u00f3nica, dependiente de la Secretar\u00eda de Cultura del estado, fueron los siguientes:<\/p>\n\n\n\n<p>-La jornada congreg\u00f3 a 200 cronistas de todo el estado y sus diferentes regiones, quienes con su propio recurso se trasladaron demostrando su verdadero compromiso a su labor. La reuni\u00f3n inici\u00f3 con un ritual prehisp\u00e1nico a cargo del Calpulli Huitzilihuitl de San Pedro Cholula.<\/p>\n\n\n\n<p>-Tras el acto inaugural, los asistentes escucharon un mensaje de Pedro \u00c1ngel Palou Garc\u00eda. Un momento clave fue el obituario en honor a los colegas ausentes en este a\u00f1o y la solemne toma de protesta de los nuevos integrantes, provenientes de los municipios de Atoyatempan, Tzicatlacoyan, Mixtla, Tochtepec, Hueyotlipan, Ixcaquixtla, Tepeyahualco, San Salvador el Seco, Tepeaca y Tecali.<\/p>\n\n\n\n<p>-La agenda incluy\u00f3 la presentaci\u00f3n de relator\u00edas, informes de labores y ambiciosos proyectos para el pr\u00f3ximo a\u00f1o, culminando con la entrega de reconocimientos, libros, credenciales y chalecos a los participantes.<\/p>\n\n\n\n<p>-El encuentro cont\u00f3 con la participaci\u00f3n del reconocido fot\u00f3grafo Andr\u00e9s Lobato, quien comparti\u00f3 valiosas experiencias sobre la importancia de preservar el patrimonio fotogr\u00e1fico. Hubo ponencias enriquecedoras como la de Rub\u00e9n Guzm\u00e1n, del Archivo General de la Naci\u00f3n y la Claremont Graduate University por parte del Investigador Moroni Spencer.<\/p>\n\n\n\n<p>-El Colectivo Carro de Thelmis ofreci\u00f3 una obra de teatro inspirada en la labor de los cronistas y como cierre cultural la destacada soprano Adriana Acevedo cautiv\u00f3 a los asistentes con su interpretaci\u00f3n.<\/p>\n\n\n\n<p>-El evento concluy\u00f3 con la realizaci\u00f3n de acuerdos clave por parte de los Cronistas como el \u00d3rgano Colegiado, destinados a fortalecer la organizaci\u00f3n interna del Consejo.<\/p>\n\n\n\n<p>-Puebla tiene m\u00e1s de 200 cronistas y se consolida como la Entidad con el mayor n\u00famero de estos guardianes de la memoria en toda la Rep\u00fablica Mexicana.<\/p>\n\n\n\n<p><strong>ALIANZA CON CUBA<\/strong><\/p>\n\n\n\n<p>Con miras a fortalecer la investigaci\u00f3n y el desarrollo agropecuario en la regi\u00f3n de Mixteca de Puebla, el Instituto Tecnol\u00f3gico de Tecomatl\u00e1n formaliz\u00f3 una alianza estrat\u00e9gica con tres instituciones educativas de Cuba. Se trata del Instituto Nacional de Ciencias Agr\u00edcolas (INCA), la Universidad Tecnol\u00f3gica de La Habana Jos\u00e9 Antonio Echeverr\u00eda y el Instituto de Investigaciones Fundamentales en Agricultura Tropical (INIFAT).<\/p>\n\n\n\n<p>Esta vinculaci\u00f3n acad\u00e9mica busca obtener de manera conjunta, estrategias y acciones cuyo resultado pueda impactar favorablemente en el desarrollo econ\u00f3mico, productivo y social de las instituciones acad\u00e9micas involucradas, as\u00ed como contribuir a la toma de decisiones estrat\u00e9gicas y a la formaci\u00f3n de los recursos humanos que garanticen el progreso agroalimentario con tecnolog\u00edas integrales, nuevos productos, desarrollo de la ciencia vegetal y los sistemas sostenibles, a trav\u00e9s de la investigaci\u00f3n, la innovaci\u00f3n y el posgrado.<\/p>\n\n\n\n<p>El Instituto, dentro de los 25 mejores a nivel nacional, ha destacado por el desempe\u00f1o de sus egresados y por su capacidad innovadora en la generaci\u00f3n y aplicaci\u00f3n de conocimientos y contin\u00faa estableciendo nuevos lazos de cooperaci\u00f3n con instituciones educativas a nivel nacional e internacional, para permanecer a la vanguardia educativa y mejorar el perfil de sus egresados con un alto de sentido humano y habilidades que los hacen m\u00e1s competitivos.<\/p>\n\n\n\n<p>En fin, como escribi\u00f3 Luis Rosales (Espa\u00f1a, 1910-1992), en su poema Canci\u00f3n:<\/p>\n\n\n\n<p>La palabra que decimos<\/p>\n\n\n\n<p>viene de lejos,<\/p>\n\n\n\n<p>y no tiene definici\u00f3n,<\/p>\n\n\n\n<p>tiene argumento.<\/p>\n\n\n\n<p>Cuando dices nunca,<\/p>\n\n\n\n<p>cuando dices bueno,<\/p>\n\n\n\n<p>est\u00e1s contando tu historia<\/p>\n\n\n\n<p>sin saberlo.<\/p>\n\n\n\n<p>raultorress@hotmail.com<\/p>\n\n\n\n<hr class=\"wp-block-separator has-alpha-channel-opacity\"\/>\n\n\n\n<p><strong>+ OPINI\u00d3N : Las opiniones expresadas son responsabilidad del autor<\/strong><\/p>\n","protected":false},"excerpt":{"rendered":"<p>*Reuni\u00f3n de 200 cronistas del estado; firman convenio instituciones cubanas con Tecomatl\u00e1n Por Ra\u00fal Torres Salmer\u00f3n \/ Sin L\u00edmites A [&hellip;]<\/p>\n","protected":false},"author":1,"featured_media":114635,"comment_status":"open","ping_status":"open","sticky":false,"template":"","format":"standard","meta":{"site-sidebar-layout":"default","site-content-layout":"","ast-site-content-layout":"default","site-content-style":"default","site-sidebar-style":"default","ast-global-header-display":"","ast-banner-title-visibility":"","ast-main-header-display":"","ast-hfb-above-header-display":"","ast-hfb-below-header-display":"","ast-hfb-mobile-header-display":"","site-post-title":"","ast-breadcrumbs-content":"","ast-featured-img":"","footer-sml-layout":"","theme-transparent-header-meta":"","adv-header-id-meta":"","stick-header-meta":"","header-above-stick-meta":"","header-main-stick-meta":"","header-below-stick-meta":"","astra-migrate-meta-layouts":"default","ast-page-background-enabled":"default","ast-page-background-meta":{"desktop":{"background-color":"var(--ast-global-color-4)","background-image":"","background-repeat":"repeat","background-position":"center center","background-size":"auto","background-attachment":"scroll","background-type":"","background-media":"","overlay-type":"","overlay-color":"","overlay-opacity":"","overlay-gradient":""},"tablet":{"background-color":"","background-image":"","background-repeat":"repeat","background-position":"center center","background-size":"auto","background-attachment":"scroll","background-type":"","background-media":"","overlay-type":"","overlay-color":"","overlay-opacity":"","overlay-gradient":""},"mobile":{"background-color":"","background-image":"","background-repeat":"repeat","background-position":"center center","background-size":"auto","background-attachment":"scroll","background-type":"","background-media":"","overlay-type":"","overlay-color":"","overlay-opacity":"","overlay-gradient":""}},"ast-content-background-meta":{"desktop":{"background-color":"var(--ast-global-color-5)","background-image":"","background-repeat":"repeat","background-position":"center center","background-size":"auto","background-attachment":"scroll","background-type":"","background-media":"","overlay-type":"","overlay-color":"","overlay-opacity":"","overlay-gradient":""},"tablet":{"background-color":"var(--ast-global-color-5)","background-image":"","background-repeat":"repeat","background-position":"center center","background-size":"auto","background-attachment":"scroll","background-type":"","background-media":"","overlay-type":"","overlay-color":"","overlay-opacity":"","overlay-gradient":""},"mobile":{"background-color":"var(--ast-global-color-5)","background-image":"","background-repeat":"repeat","background-position":"center center","background-size":"auto","background-attachment":"scroll","background-type":"","background-media":"","overlay-type":"","overlay-color":"","overlay-opacity":"","overlay-gradient":""}},"footnotes":""},"categories":[8,19],"tags":[],"class_list":["post-114634","post","type-post","status-publish","format-standard","has-post-thumbnail","hentry","category-noticias","category-sin-limites-2"],"_links":{"self":[{"href":"https:\/\/losperiodistas.com.mx\/portal\/wp-json\/wp\/v2\/posts\/114634","targetHints":{"allow":["GET"]}}],"collection":[{"href":"https:\/\/losperiodistas.com.mx\/portal\/wp-json\/wp\/v2\/posts"}],"about":[{"href":"https:\/\/losperiodistas.com.mx\/portal\/wp-json\/wp\/v2\/types\/post"}],"author":[{"embeddable":true,"href":"https:\/\/losperiodistas.com.mx\/portal\/wp-json\/wp\/v2\/users\/1"}],"replies":[{"embeddable":true,"href":"https:\/\/losperiodistas.com.mx\/portal\/wp-json\/wp\/v2\/comments?post=114634"}],"version-history":[{"count":1,"href":"https:\/\/losperiodistas.com.mx\/portal\/wp-json\/wp\/v2\/posts\/114634\/revisions"}],"predecessor-version":[{"id":114636,"href":"https:\/\/losperiodistas.com.mx\/portal\/wp-json\/wp\/v2\/posts\/114634\/revisions\/114636"}],"wp:featuredmedia":[{"embeddable":true,"href":"https:\/\/losperiodistas.com.mx\/portal\/wp-json\/wp\/v2\/media\/114635"}],"wp:attachment":[{"href":"https:\/\/losperiodistas.com.mx\/portal\/wp-json\/wp\/v2\/media?parent=114634"}],"wp:term":[{"taxonomy":"category","embeddable":true,"href":"https:\/\/losperiodistas.com.mx\/portal\/wp-json\/wp\/v2\/categories?post=114634"},{"taxonomy":"post_tag","embeddable":true,"href":"https:\/\/losperiodistas.com.mx\/portal\/wp-json\/wp\/v2\/tags?post=114634"}],"curies":[{"name":"wp","href":"https:\/\/api.w.org\/{rel}","templated":true}]}}