{"id":114628,"date":"2026-01-13T08:37:08","date_gmt":"2026-01-13T14:37:08","guid":{"rendered":"https:\/\/losperiodistas.com.mx\/portal\/?p=114628"},"modified":"2026-01-13T08:37:10","modified_gmt":"2026-01-13T14:37:10","slug":"los-bancos-centrales-mundiales-defienden-a-jerome-powell-tras-la-amenaza-de-trump-el-economista","status":"publish","type":"post","link":"https:\/\/losperiodistas.com.mx\/portal\/los-bancos-centrales-mundiales-defienden-a-jerome-powell-tras-la-amenaza-de-trump-el-economista\/","title":{"rendered":"Los bancos centrales mundiales defienden a Jerome Powell tras la amenaza de Trump | El Economista"},"content":{"rendered":"\n<p class=\"has-medium-font-size\">Los jefes de los principales bancos centrales \u200ddel mundo emitieron este martes un comunicado conjunto en apoyo del presidente de la Reserva Federal, Jerome \u200dPowell, despu\u00e9s de que el Gobierno de Trump lo amenazara \u200bcon una acusaci\u00f3n penal.<\/p>\n\n\n\n<figure class=\"wp-block-image size-large\"><img fetchpriority=\"high\" decoding=\"async\" width=\"1024\" height=\"576\" src=\"https:\/\/losperiodistas.com.mx\/portal\/wp-content\/uploads\/2026\/01\/68393af035a53-1024x576.webp\" alt=\"\" class=\"wp-image-114629\" srcset=\"https:\/\/losperiodistas.com.mx\/portal\/wp-content\/uploads\/2026\/01\/68393af035a53-1024x576.webp 1024w, https:\/\/losperiodistas.com.mx\/portal\/wp-content\/uploads\/2026\/01\/68393af035a53-300x169.webp 300w, https:\/\/losperiodistas.com.mx\/portal\/wp-content\/uploads\/2026\/01\/68393af035a53-768x432.webp 768w, https:\/\/losperiodistas.com.mx\/portal\/wp-content\/uploads\/2026\/01\/68393af035a53.webp 1280w\" sizes=\"(max-width: 1024px) 100vw, 1024px\" \/><\/figure>\n\n\n\n<p class=\"has-vivid-red-color has-text-color has-link-color has-medium-font-size wp-elements-2655d6eb0114c7cb0db22194a3658026\"><strong>Por:\u00a0<a href=\"https:\/\/www.eleconomista.com.mx\/autor\/reuters\">Reuters<\/a> \/ El Economista<\/strong><\/p>\n\n\n\n<p><\/p>\n\n\n\n<p>Los jefes de los principales&nbsp;<strong>bancos centrales del mund<\/strong>o emitieron este martes un comunicado conjunto en apoyo del presidente de la Reserva Federal,&nbsp;<strong>Jerome Powell<\/strong>, despu\u00e9s de que el Gobierno de Trump lo amenazara con una acusaci\u00f3n penal.<\/p>\n\n\n\n<p>Powell est\u00e1 en el centro de una investigaci\u00f3n penal del Gobierno estadounidense sobre la renovaci\u00f3n de la sede de la Fed, una \u2060acci\u00f3n que calific\u00f3 de&nbsp;<strong>\u00abpretexto\u00bb para ganar influencia presidencial sobre las tasa<\/strong>s de inter\u00e9s.<\/p>\n\n\n\n<h2 class=\"wp-block-heading has-ast-global-color-4-background-color has-background\">Te puede interesar<\/h2>\n\n\n\n<ul class=\"wp-block-list\">\n<li><img decoding=\"async\" width=\"128\" height=\"72\" src=\"https:\/\/imagenes.eleconomista.com.mx\/files\/webp_128_72\/uploads\/2025\/10\/31\/69057a0cd90e5.png\" alt=\"El Economista\"><a href=\"https:\/\/www.eleconomista.com.mx\/internacionales\">Geopol\u00edtica<\/a><a href=\"https:\/\/www.eleconomista.com.mx\/internacionales\/powell-fed-dice-gobierno-trump-le-amenazo-acusacion-penal-testimonio-senado-20260111-794802.html\">Powell de la Fed dice Gobierno de Trump le amenaz\u00f3 con acusaci\u00f3n penal por testimonio ante Senado<\/a><\/li>\n\n\n\n<li><img decoding=\"async\" width=\"128\" height=\"72\" src=\"https:\/\/imagenes.eleconomista.com.mx\/files\/webp_128_72\/uploads\/2025\/10\/14\/68ef23d960764.jpeg\" alt=\"El Economista\"><a href=\"https:\/\/www.eleconomista.com.mx\/sectorfinanciero\">Sector Financiero<\/a><a href=\"https:\/\/www.eleconomista.com.mx\/sectorfinanciero\/goldman-sachs-caso-powell-eleva-preocupacion-sobre-independencia-fed-20260112-794853.html\">Para Goldman Sachs el caso contra Powell eleva la preocupaci\u00f3n sobre la independencia de la Fed<\/a><\/li>\n<\/ul>\n\n\n\n<p><\/p>\n\n\n\n<p>Los directores del&nbsp;<strong>Banco Central Europeo<\/strong>&nbsp;(BCE), el&nbsp;<strong>Banco de Inglaterra<\/strong>&nbsp;(BoE), el&nbsp;<strong>Banco de Canad\u00e1<\/strong>&nbsp;y otras ocho instituciones dijeron que Powell hab\u00eda actuado con integridad y que la independencia de los bancos centrales era \u2060crucial para mantener estables los precios y los mercados financieros.<\/p>\n\n\n\n<p>\u00abNos solidarizamos plenamente con el Sistema de la Reserva Federal y su presidente Jerome H. Powell\u00bb. \u00abLa independencia de los bancos centrales es una piedra angular de la estabilidad de precios, financiera y econ\u00f3mica en inter\u00e9s de los ciudadanos a los que servimos\u00bb, a\u00f1adieron.<\/p>\n\n\n\n<h2 class=\"wp-block-heading\">Temor a una mayor inflaci\u00f3n<\/h2>\n\n\n\n<p>La investigaci\u00f3n estadounidense ya ha suscitado cr\u00edticas en el mundo de las finanzas y tambi\u00e9n de algunos miembros clave del Partido Republicano, liderado por Trump.<\/p>\n\n\n\n<p>Los banqueros centrales temen que la influencia pol\u00edtica sobre la Fed erosione la confianza en el compromiso del banco con su objetivo de inflaci\u00f3n. Esto llevar\u00eda a una mayor inflaci\u00f3n y a la volatilidad de los mercados financieros mundiales.<\/p>\n\n\n\n<p>Dado que Estados Unidos es la econom\u00eda dominante del mundo, probablemente exportar\u00eda esta&nbsp;<strong>mayor inflaci\u00f3n a trav\u00e9s \u2060de los mercados financieros<\/strong>, lo que dificultar\u00eda a otros bancos centrales mantener los precios estables.<\/p>\n\n\n\n<p>\u00abPor tanto, es \u200cfundamental preservar esa independencia, respetando plenamente \u2060el Estado de Derecho y la responsabilidad democr\u00e1tica\u00bb, dijo el grupo de banqueros centrales.<\/p>\n\n\n\n<h2 class=\"wp-block-heading\">Te puede interesar<\/h2>\n\n\n\n<ul class=\"wp-block-list\">\n<li><img loading=\"lazy\" decoding=\"async\" width=\"128\" height=\"72\" src=\"https:\/\/imagenes.eleconomista.com.mx\/files\/webp_128_72\/uploads\/2011\/09\/09\/66e844efc0acb.jpeg\" alt=\"El Economista\"><a href=\"https:\/\/www.eleconomista.com.mx\/economia\">Econom\u00eda<\/a><a href=\"https:\/\/www.eleconomista.com.mx\/economia\/ataque-independencia-fed-expresidentes-20260112-794992.html\">Es un ataque contra la independencia de la Fed: expresidentes<\/a><\/li>\n<\/ul>\n\n\n\n<p>El grupo estaba formado por los jefes de los bancos centrales de Suecia, Dinamarca, Suiza, Australia, Corea del Sur, Brasil y Francia, as\u00ed como por el presidente del&nbsp;<strong>Banco de Pagos Internacionales<\/strong>.<\/p>\n\n\n\n<p>Una fuente dijo antes de que se publicara el comunicado que todos los banqueros centrales ser\u00edan bienvenidos a unirse a la declaraci\u00f3n m\u00e1s adelante.<\/p>\n\n\n\n<p>Fuente: <a href=\"https:\/\/www.eleconomista.com.mx\/sectorfinanciero\/bancos-centrales-mundiales-defienden-jerome-powell-amenaza-trump-20260113-795030.html\">https:\/\/www.eleconomista.com.mx\/sectorfinanciero\/bancos-centrales-mundiales-defienden-jerome-powell-amenaza-trump-20260113-795030.html<\/a><\/p>\n","protected":false},"excerpt":{"rendered":"<p>Los jefes de los principales bancos centrales \u200ddel mundo emitieron este martes un comunicado conjunto en apoyo del presidente de [&hellip;]<\/p>\n","protected":false},"author":1,"featured_media":114629,"comment_status":"open","ping_status":"open","sticky":false,"template":"","format":"standard","meta":{"site-sidebar-layout":"default","site-content-layout":"","ast-site-content-layout":"default","site-content-style":"default","site-sidebar-style":"default","ast-global-header-display":"","ast-banner-title-visibility":"","ast-main-header-display":"","ast-hfb-above-header-display":"","ast-hfb-below-header-display":"","ast-hfb-mobile-header-display":"","site-post-title":"","ast-breadcrumbs-content":"","ast-featured-img":"","footer-sml-layout":"","theme-transparent-header-meta":"","adv-header-id-meta":"","stick-header-meta":"","header-above-stick-meta":"","header-main-stick-meta":"","header-below-stick-meta":"","astra-migrate-meta-layouts":"default","ast-page-background-enabled":"default","ast-page-background-meta":{"desktop":{"background-color":"var(--ast-global-color-4)","background-image":"","background-repeat":"repeat","background-position":"center center","background-size":"auto","background-attachment":"scroll","background-type":"","background-media":"","overlay-type":"","overlay-color":"","overlay-opacity":"","overlay-gradient":""},"tablet":{"background-color":"","background-image":"","background-repeat":"repeat","background-position":"center center","background-size":"auto","background-attachment":"scroll","background-type":"","background-media":"","overlay-type":"","overlay-color":"","overlay-opacity":"","overlay-gradient":""},"mobile":{"background-color":"","background-image":"","background-repeat":"repeat","background-position":"center center","background-size":"auto","background-attachment":"scroll","background-type":"","background-media":"","overlay-type":"","overlay-color":"","overlay-opacity":"","overlay-gradient":""}},"ast-content-background-meta":{"desktop":{"background-color":"var(--ast-global-color-5)","background-image":"","background-repeat":"repeat","background-position":"center center","background-size":"auto","background-attachment":"scroll","background-type":"","background-media":"","overlay-type":"","overlay-color":"","overlay-opacity":"","overlay-gradient":""},"tablet":{"background-color":"var(--ast-global-color-5)","background-image":"","background-repeat":"repeat","background-position":"center center","background-size":"auto","background-attachment":"scroll","background-type":"","background-media":"","overlay-type":"","overlay-color":"","overlay-opacity":"","overlay-gradient":""},"mobile":{"background-color":"var(--ast-global-color-5)","background-image":"","background-repeat":"repeat","background-position":"center center","background-size":"auto","background-attachment":"scroll","background-type":"","background-media":"","overlay-type":"","overlay-color":"","overlay-opacity":"","overlay-gradient":""}},"footnotes":""},"categories":[8],"tags":[45357,10179,30322,43929],"class_list":["post-114628","post","type-post","status-publish","format-standard","has-post-thumbnail","hentry","category-noticias","tag-banca-mundial-apoya-a-jerome-powell","tag-fed","tag-jerome-powell","tag-trumpo"],"_links":{"self":[{"href":"https:\/\/losperiodistas.com.mx\/portal\/wp-json\/wp\/v2\/posts\/114628","targetHints":{"allow":["GET"]}}],"collection":[{"href":"https:\/\/losperiodistas.com.mx\/portal\/wp-json\/wp\/v2\/posts"}],"about":[{"href":"https:\/\/losperiodistas.com.mx\/portal\/wp-json\/wp\/v2\/types\/post"}],"author":[{"embeddable":true,"href":"https:\/\/losperiodistas.com.mx\/portal\/wp-json\/wp\/v2\/users\/1"}],"replies":[{"embeddable":true,"href":"https:\/\/losperiodistas.com.mx\/portal\/wp-json\/wp\/v2\/comments?post=114628"}],"version-history":[{"count":1,"href":"https:\/\/losperiodistas.com.mx\/portal\/wp-json\/wp\/v2\/posts\/114628\/revisions"}],"predecessor-version":[{"id":114630,"href":"https:\/\/losperiodistas.com.mx\/portal\/wp-json\/wp\/v2\/posts\/114628\/revisions\/114630"}],"wp:featuredmedia":[{"embeddable":true,"href":"https:\/\/losperiodistas.com.mx\/portal\/wp-json\/wp\/v2\/media\/114629"}],"wp:attachment":[{"href":"https:\/\/losperiodistas.com.mx\/portal\/wp-json\/wp\/v2\/media?parent=114628"}],"wp:term":[{"taxonomy":"category","embeddable":true,"href":"https:\/\/losperiodistas.com.mx\/portal\/wp-json\/wp\/v2\/categories?post=114628"},{"taxonomy":"post_tag","embeddable":true,"href":"https:\/\/losperiodistas.com.mx\/portal\/wp-json\/wp\/v2\/tags?post=114628"}],"curies":[{"name":"wp","href":"https:\/\/api.w.org\/{rel}","templated":true}]}}