{"id":114625,"date":"2026-01-13T08:31:20","date_gmt":"2026-01-13T14:31:20","guid":{"rendered":"https:\/\/losperiodistas.com.mx\/portal\/?p=114625"},"modified":"2026-01-13T08:31:21","modified_gmt":"2026-01-13T14:31:21","slug":"trasmoz-el-pueblo-al-que-la-iglesia-excomulgo-y-ningun-papa-le-ha-levantado-el-castigo-aun-abc","status":"publish","type":"post","link":"https:\/\/losperiodistas.com.mx\/portal\/trasmoz-el-pueblo-al-que-la-iglesia-excomulgo-y-ningun-papa-le-ha-levantado-el-castigo-aun-abc\/","title":{"rendered":"Trasmoz, el pueblo al que la Iglesia excomulg\u00f3 y ning\u00fan Papa le ha levantado el castigo a\u00fan | ABC"},"content":{"rendered":"\n<h2 class=\"wp-block-heading has-luminous-vivid-amber-background-color has-background\">Corr\u00eda el siglo XIII cuando la localidad aragonesa fue expulsada de la Iglesia cat\u00f3lica. Desde entonces ha habido casi un centenar de Papas, pero ninguno ha accedido a levantarle el castigo a este pueblo en cuya historia se mezclan la realidad y la leyenda<\/h2>\n\n\n\n<h2 class=\"wp-block-heading\"><\/h2>\n\n\n\n<figure class=\"wp-block-image\"><img decoding=\"async\" src=\"https:\/\/s1.abcstatics.com\/abc\/www\/multimedia\/historia\/2026\/01\/13\/Trasmoz-foto-4-U1051205775cZD-RLMYrDmiP4ipEmUwu0sPL0K-1200x840@diario_abc.jpg\" alt=\"Vista de Trasmoz, de su castillo y del Moncayo nevado\"\/><\/figure>\n\n\n\n<p>Vista de Trasmoz, de su castillo y del Moncayo nevado&nbsp;<strong>ABC<\/strong><\/p>\n\n\n\n<p><a href=\"https:\/\/www.abc.es\/autor\/abc-1012\/\">Javier Navarro-Chueca<\/a> \/ ABC<\/p>\n\n\n\n<p>Un enclave \u00fanico en&nbsp;<strong>Arag\u00f3n<\/strong>, marcado por un anatema medieval nunca revocado, un castillo fronterizo,&nbsp;<strong>brujas, falsificadores y un secuestro<\/strong>&nbsp;que lo devolvi\u00f3 a la actualidad. Hoy su patrimonio interpela directamente a las instituciones en un tiempo en que la despoblaci\u00f3n y la&nbsp;memoria se han convertido en&nbsp;<strong>terreno de disputa pol\u00edtica<\/strong>. En las faldas del Moncayo, donde el viento no sopla, sino que sentencia, se alza&nbsp;<a href=\"https:\/\/www.abc.es\/local-aragon\/20141104\/abci-trasmoz-maldito-excomulgado-201410311702.html\">Trasmoz<\/a>: un pueblo diminuto que ha hecho de su historia un territorio fronterizo entre lo real y lo legendario.<\/p>\n\n\n\n<p><strong>Excomulgado desde la Edad Media<\/strong>, escenario de falsificadores, secuestros y resistencias, este peque\u00f1o municipio es un enclave que obliga a mirar de frente a la fragilidad de su patrimonio rural y a la responsabilidad \u2013o la desidia\u2013 de quienes deber\u00edan protegerlo. Llegar hasta all\u00ed es, adem\u00e1s, entrar en un espacio donde la realidad parece aceptar sin resistencia la compa\u00f1\u00eda de la f\u00e1bula.<\/p>\n\n\n\n<p><strong>El Moncayo<\/strong>, siempre vigilante, proyecta una sombra que no intimida, sino que convoca. El cierzo, que en otros lugares es solo viento, aqu\u00ed arrastra murmullos de siglos. Las&nbsp;<strong>calles estrechas<\/strong>, la&nbsp;<strong>piedra \u00e1spera<\/strong>, el&nbsp;<strong>silencio<\/strong>&nbsp;que se instala entre casa y casa: todo parece dispuesto para que el visitante entienda que este pueblo no se explica solo con fechas, sino con atm\u00f3sferas. Trasmoz&nbsp;<strong>no es un decorado medieval<\/strong>, es un territorio donde la historia ha decidido quedarse a vivir.Noticia Relacionada<\/p>\n\n\n\n<figure class=\"wp-block-image\"><a href=\"https:\/\/www.abc.es\/historia\/ultimos-dias-angiolillo-asesino-rostro-sereno-presidente-20251223015423-nt.html#vca=modulo-rel-uno&amp;vso=abc&amp;vmc=noticias-rel&amp;vli=historia\"><img decoding=\"async\" src=\"https:\/\/s1.abcstatics.com\/abc\/www\/multimedia\/historia\/2025\/12\/23\/Canovas_del_Castillo_asesinato_color-U54143873142cnd-366x256@diario_abc.jpg\" alt=\"Los \u00faltimos d\u00edas de Angiolillo, el asesino sereno de C\u00e1novas del Castillo\"\/><\/a><\/figure>\n\n\n\n<h3 class=\"wp-block-heading\"><a href=\"https:\/\/www.abc.es\/historia\/ultimos-dias-angiolillo-asesino-rostro-sereno-presidente-20251223015423-nt.html#vca=modulo-rel-uno&amp;vso=abc&amp;vmc=noticias-rel&amp;vli=historia\">Los \u00faltimos d\u00edas de Angiolillo, el asesino sereno de C\u00e1novas del Castillo<\/a><\/h3>\n\n\n\n<p>Javier Navarro-Chueca<\/p>\n\n\n\n<p>La&nbsp;<strong>excomuni\u00f3n de Trasmoz<\/strong>&nbsp;no es un capricho folcl\u00f3rico ni una licencia tur\u00edstica: es un hecho documentado que hunde sus ra\u00edces en los conflictos medievales que se produjeron entre el se\u00f1or\u00edo laico del pueblo y el poderoso monasterio cisterciense de&nbsp;<strong>Veruela<\/strong>. Un enclave secular en medio de un territorio eclesi\u00e1stico, que se enmarca asimismo en una regi\u00f3n como Arag\u00f3n donde la Iglesia dominaba por completo todas las tierras, las rentas y las conciencias de sus habitantes.<\/p>\n\n\n\n<h3 class=\"wp-block-heading\">Excomuni\u00f3n<\/h3>\n\n\n\n<p>El enfrentamiento por los recursos \u2013maderas, aguas y pastos\u2013 deriv\u00f3 en un choque de autoridad. El&nbsp;<a href=\"https:\/\/www.abc.es\/espana\/aragon\/abci-ministerio-tiempo-rueda-capitulo-monasterio-veruela-torno-becquer-201701161016_noticia.html\">Monasterio de Veruela<\/a>&nbsp;recurri\u00f3 entonces al arma m\u00e1s temida:&nbsp;<strong>la excomuni\u00f3n<\/strong>. A\u00f1os despu\u00e9s, el abad reforz\u00f3 el anatema con un ritual solemne:&nbsp;<strong>campanas al rev\u00e9s, maldici\u00f3n p\u00fablica, condena perpetua<\/strong>. Nunca fue revocada. No porque Roma se negara ni porque el castigo fuera irreversible, sino por algo mucho m\u00e1s simple: nadie lo pidi\u00f3. Ni los se\u00f1ores del castillo, ni los vecinos ni las autoridades posteriores movieron un dedo y todo sigui\u00f3 igual, sedimentado en los archivos, convertido con el tiempo en una rareza hist\u00f3rica.<\/p>\n\n\n\n<p>La excomuni\u00f3n de convirti\u00f3 en un sello, una marca propia de Trasmoz<\/p>\n\n\n\n<p>Lejos de hundir al pueblo, termin\u00f3 por convertirse en uno de sus rasgos identitarios m\u00e1s singulares. Trasmoz aprendi\u00f3 a vivir<strong>&nbsp;fuera del amparo de la Iglesia<\/strong>. Lo que en su d\u00eda fue un castigo severo hoy funciona casi como un&nbsp;<strong>sello de autenticidad<\/strong>, una marca que lo distingue del resto de Arag\u00f3n. Igual que Borja acab\u00f3 abrazando su<strong>&nbsp;&#8216;Ecce Homo&#8217;<\/strong>&nbsp;como se\u00f1a de identidad inesperada, este pueblo ha hecho de su excomuni\u00f3n un elemento definitorio: una mezcla de<strong>&nbsp;orgullo, iron\u00eda y resistencia<\/strong>&nbsp;que nadie se tom\u00f3 la molestia de borrar.<\/p>\n\n\n\n<p>En este rinc\u00f3n aislado y azotado por un viento que parece hablar en lenguas antiguas,<strong>&nbsp;las brujas<\/strong>&nbsp;encontraron un terreno f\u00e9rtil en el imaginario popular. Entre todas ellas destaca la figura de la&nbsp;<a href=\"https:\/\/www.abc.es\/play\/series\/noticias\/abci-ministerio-del-tiempo-brujas-trasmoz-maldicion-becquer-201706150126_noticia.html\">T\u00eda Casca<\/a>, considerada la \u00faltima que vivi\u00f3 en Arag\u00f3n, seg\u00fan una leyenda del siglo XIX. Sab\u00eda de hierbas, de ung\u00fcentos y de palabras que curaban o maldec\u00edan. En tiempos donde la frontera entre la medicina popular y la hechicer\u00eda era tenue, su figura encarn\u00f3 el miedo colectivo a lo inexplicable.<\/p>\n\n\n\n<h3 class=\"wp-block-heading\">Ejecuci\u00f3n<\/h3>\n\n\n\n<p>Se cuenta que muri\u00f3 arrojada a un barranco por sus propios vecinos, pero&nbsp;<strong>su memoria sobrevivi\u00f3<\/strong>: hoy es s\u00edmbolo de sabidur\u00eda ancestral y de la violencia ejercida contra quienes viven al margen de la norma. En Trasmoz, las brujas no son un recuerdo vergonzante, sino&nbsp;<strong>un espejo inc\u00f3modo<\/strong>&nbsp;que devuelve la imagen de una sociedad que castig\u00f3 lo que no comprend\u00eda. Sin embargo, no debemos confundirnos, porque este municipio no vive \u00fanicamente de leyendas, sino gracias a sus vecinos.<\/p>\n\n\n\n<p>La Feria de la Brujer\u00eda atrae cada verano a miles de visitantes<\/p>\n\n\n\n<p>Un peque\u00f1o grupo de habitantes y trasmoceros de la di\u00e1spora trabaja durante todo el a\u00f1o para mantener vivas las tradiciones del pueblo mediante actividades culturales y festivas que han devuelto al municipio una vitalidad inesperada.&nbsp;<strong>La Feria de la Brujer\u00eda<\/strong>&nbsp;atrae cada verano a miles de visitantes. En ella se elige a la Bruja de Honor, un t\u00edtulo que ha reca\u00eddo en figuras como la actriz&nbsp;<a href=\"https:\/\/www.abc.es\/espana\/castilla-la-mancha\/toledo\/abci-corto-vestido-novia-luisa-gavasa-llega-toledo-gracias-festival-fem21-202103041303_noticia.html\">Luisa Gavasa<\/a>, la cantante&nbsp;<a href=\"https:\/\/www.abc.es\/cultura\/musica\/abci-carmen-paris-apunta-conspiranoia-crisis-covid-farsa-y-golpe-estado-mundial-202008041221_noticia.html\">Carmen Par\u00eds<\/a>&nbsp;o la periodista&nbsp;<a href=\"https:\/\/www.abc.es\/play\/television\/noticias\/lorena-garcia-estalla-invitado-llega-decir-directo-20240730125744-nt.html\">Lorena Garc\u00eda D\u00edez<\/a>, en una ceremonia en la que se mezclan el humor, la reivindicaci\u00f3n y la memoria.<\/p>\n\n\n\n<p>Cada oto\u00f1o, adem\u00e1s,&nbsp;<strong>la Noche de las \u00c1nimas<\/strong>&nbsp;ilumina las calles con cientos de calabazas cultivadas y vaciadas por los propios vecinos, una fiesta hispana ancestral que viaj\u00f3 a Am\u00e9rica, donde se transform\u00f3 en el D\u00eda de los Muertos, antes de que la cultura estadounidense la reinterpretara en clave comercial. En Trasmoz, sin embargo, conserva su esencia: un di\u00e1logo \u00edntimo con los difuntos y con la continuidad de una comunidad que se niega a desaparecer. Quiz\u00e1 por eso fue aqu\u00ed donde&nbsp;<strong>Gustavo Adolfo B\u00e9cquer<\/strong>, al que se dedica una calle, encontr\u00f3 la materia prima para algunas de sus leyendas m\u00e1s inquietantes.<\/p>\n\n\n\n<figure class=\"wp-block-image\"><img decoding=\"async\" src=\"https:\/\/s2.abcstatics.com\/abc\/www\/multimedia\/historia\/2026\/01\/13\/Trasmoz-foto-2-U24315731441yPl-758x470@diario_abc.jpg\" alt=\"Imagen principal - El culto a las brujas es un distintivo de Trasmoz, como se puede ver en estas im\u00e1genes de los vecinos y del Museo de la Brujer\u00eda \"\/><figcaption class=\"wp-element-caption\">El culto a las brujas es un distintivo de Trasmoz, como se puede ver en estas im\u00e1genes de los vecinos y del Museo de la Brujer\u00eda&nbsp;<strong>FABI\u00c1N SIM\u00d3N<\/strong><\/figcaption><\/figure>\n\n\n\n<h3 class=\"wp-block-heading\">Falsificaci\u00f3n<\/h3>\n\n\n\n<p>En el siglo XVI, el castillo de Trasmoz fue escenario de un episodio que vuelve a mezclar la historia con la literatura. La tradici\u00f3n sostiene que un grupo de hombres instal\u00f3 all\u00ed una&nbsp;<strong>ceca clandestina<\/strong>&nbsp;en la que fabricaban monedas de plata falsas con notable pericia. El ruido del metal y el resplandor del fuego se atribu\u00edan a los&nbsp;<strong>aquelarres<\/strong>&nbsp;de las brujas y las correas de la maquinaria con&nbsp;<strong>Lucifer<\/strong>, encarnado en un gran macho cabr\u00edo. Aquella fue la coartada perfecta para ocultar un delito que pod\u00eda costarles a los malhechores la vida, pero no por mucho tiempo. Al final, el fraude fue descubierto y los falsificadores, detenidos, trasladados a Tarazona y ejecutados p\u00fablicamente. El episodio reforz\u00f3 la fama del pueblo como&nbsp;<strong>un lugar rebelde<\/strong>, dispuesto a vivir en los m\u00e1rgenes de lo permitido.<\/p>\n\n\n\n<p>Manuel Jal\u00f3n, inventor de la fregona, compr\u00f3 el castillo para restaurar su torre<\/p>\n\n\n\n<p>El castillo, que domina el pueblo desde lo alto, parece m\u00e1s antiguo que la propia piedra. La leyenda asegura que fue construido por los mulsumanes en una sola noche. La historia real es menos fant\u00e1stica, pero igual de fascinante: la fortaleza fue un punto estrat\u00e9gico en la frontera entre reinos cristianos y \u00e1rabes. En 1988, cuando ya era una ruina, su destino cambi\u00f3 gracias a&nbsp;<a href=\"https:\/\/www.abc.es\/sociedad\/abci-fregona-inventor-201112160000_noticia.html\">Manuel Jal\u00f3n<\/a>,&nbsp;<strong>inventor de la fregona y de la jeringuilla desechable<\/strong>, que lo compr\u00f3 para restaurar su torre y permiti\u00f3 que un equipo de arque\u00f3logos dirigidos por&nbsp;<strong>Jos\u00e9 Luis Corral<\/strong>&nbsp;recuperaran su historia material. A pesar de todo, hoy necesita una intervenci\u00f3n urgente para evitar que sus murallas cedan al tiempo.<\/p>\n\n\n\n<p>ETA secuestr\u00f3 al padre de Julio Iglesias y lo retuvo en una casa que hab\u00eda pertenecido al t\u00edo Zen\u00f3n<\/p>\n\n\n\n<p>Seis a\u00f1os antes de la compra del castillo, el pueblo vivi\u00f3 otro episodio singular que nada tiene que ver con las brujas ni los falsificadores, sino con el terrible legado de&nbsp;<a href=\"https:\/\/www.abc.es\/espana\/pais-vasco\/podcast-abc-escoltas-sombra-protegia-eta-gana-20251201123039-nt.html\">ETA<\/a>. En las navidades de 1981, la banda terrorista secuestr\u00f3 al doctor&nbsp;<strong>Jos\u00e9 Iglesias Puga<\/strong>, m\u00e1s conocido como&nbsp;<a href=\"https:\/\/www.abc.es\/archivo\/abci-papuchi-salvo-policia-elite-padre-julio-iglesias-garras-202111030025_noticia.html\">&#8216;Papuchi&#8217;<\/a>, el padre de Julio Iglesias. El comando que lo captur\u00f3 en aquel a\u00f1o terrible en el que fueron asesinados en diferentes atentados 32 personas, lo retuvo en una casa que hab\u00eda pertenecido al&nbsp;<strong>t\u00edo Zen\u00f3n<\/strong>, alcalde sempiterno de la \u00e9poca franquista. Se trataba de una vivienda situada en la plaza, a la vista de todos.<\/p>\n\n\n\n<p>La Polic\u00eda cre\u00eda que hab\u00edan sido delincuentes comunes, ya que ETA nunca hab\u00eda secuestrado a alguien que no estuviera vinculado con la pol\u00edtica. Fue liberado el 19 de enero del a\u00f1o siguiente por un equipo integrado por polic\u00edas y guardias civiles, a cuyo frente se encontraba uno de los mandos de la lucha antiterrorista: Domingo Martorell. Aquel terrible suceso provoc\u00f3 que su hijo pagara a un equipo de seguridad para protegerlo, del cual se encarg\u00f3 el mismo Martorell. Una nueva mueca en el ins\u00f3lito legado que deja Trasmoz.<\/p>\n\n\n\n<p>Fuente: <a href=\"https:\/\/www.abc.es\/historia\/maldicion-trasmoz-excomunion-leyenda-20260113043855-nt.html\">https:\/\/www.abc.es\/historia\/maldicion-trasmoz-excomunion-leyenda-20260113043855-nt.html<\/a><\/p>\n","protected":false},"excerpt":{"rendered":"<p>Corr\u00eda el siglo XIII cuando la localidad aragonesa fue expulsada de la Iglesia cat\u00f3lica. Desde entonces ha habido casi un [&hellip;]<\/p>\n","protected":false},"author":1,"featured_media":114626,"comment_status":"open","ping_status":"open","sticky":false,"template":"","format":"standard","meta":{"site-sidebar-layout":"default","site-content-layout":"","ast-site-content-layout":"default","site-content-style":"default","site-sidebar-style":"default","ast-global-header-display":"","ast-banner-title-visibility":"","ast-main-header-display":"","ast-hfb-above-header-display":"","ast-hfb-below-header-display":"","ast-hfb-mobile-header-display":"","site-post-title":"","ast-breadcrumbs-content":"","ast-featured-img":"","footer-sml-layout":"","theme-transparent-header-meta":"","adv-header-id-meta":"","stick-header-meta":"","header-above-stick-meta":"","header-main-stick-meta":"","header-below-stick-meta":"","astra-migrate-meta-layouts":"default","ast-page-background-enabled":"default","ast-page-background-meta":{"desktop":{"background-color":"var(--ast-global-color-4)","background-image":"","background-repeat":"repeat","background-position":"center center","background-size":"auto","background-attachment":"scroll","background-type":"","background-media":"","overlay-type":"","overlay-color":"","overlay-opacity":"","overlay-gradient":""},"tablet":{"background-color":"","background-image":"","background-repeat":"repeat","background-position":"center center","background-size":"auto","background-attachment":"scroll","background-type":"","background-media":"","overlay-type":"","overlay-color":"","overlay-opacity":"","overlay-gradient":""},"mobile":{"background-color":"","background-image":"","background-repeat":"repeat","background-position":"center center","background-size":"auto","background-attachment":"scroll","background-type":"","background-media":"","overlay-type":"","overlay-color":"","overlay-opacity":"","overlay-gradient":""}},"ast-content-background-meta":{"desktop":{"background-color":"var(--ast-global-color-5)","background-image":"","background-repeat":"repeat","background-position":"center center","background-size":"auto","background-attachment":"scroll","background-type":"","background-media":"","overlay-type":"","overlay-color":"","overlay-opacity":"","overlay-gradient":""},"tablet":{"background-color":"var(--ast-global-color-5)","background-image":"","background-repeat":"repeat","background-position":"center center","background-size":"auto","background-attachment":"scroll","background-type":"","background-media":"","overlay-type":"","overlay-color":"","overlay-opacity":"","overlay-gradient":""},"mobile":{"background-color":"var(--ast-global-color-5)","background-image":"","background-repeat":"repeat","background-position":"center center","background-size":"auto","background-attachment":"scroll","background-type":"","background-media":"","overlay-type":"","overlay-color":"","overlay-opacity":"","overlay-gradient":""}},"footnotes":""},"categories":[8],"tags":[45354,45356,45355],"class_list":["post-114625","post","type-post","status-publish","format-standard","has-post-thumbnail","hentry","category-noticias","tag-aragon-brujeria","tag-brujas-trasmoz","tag-trasmoz-excomunion"],"_links":{"self":[{"href":"https:\/\/losperiodistas.com.mx\/portal\/wp-json\/wp\/v2\/posts\/114625","targetHints":{"allow":["GET"]}}],"collection":[{"href":"https:\/\/losperiodistas.com.mx\/portal\/wp-json\/wp\/v2\/posts"}],"about":[{"href":"https:\/\/losperiodistas.com.mx\/portal\/wp-json\/wp\/v2\/types\/post"}],"author":[{"embeddable":true,"href":"https:\/\/losperiodistas.com.mx\/portal\/wp-json\/wp\/v2\/users\/1"}],"replies":[{"embeddable":true,"href":"https:\/\/losperiodistas.com.mx\/portal\/wp-json\/wp\/v2\/comments?post=114625"}],"version-history":[{"count":1,"href":"https:\/\/losperiodistas.com.mx\/portal\/wp-json\/wp\/v2\/posts\/114625\/revisions"}],"predecessor-version":[{"id":114627,"href":"https:\/\/losperiodistas.com.mx\/portal\/wp-json\/wp\/v2\/posts\/114625\/revisions\/114627"}],"wp:featuredmedia":[{"embeddable":true,"href":"https:\/\/losperiodistas.com.mx\/portal\/wp-json\/wp\/v2\/media\/114626"}],"wp:attachment":[{"href":"https:\/\/losperiodistas.com.mx\/portal\/wp-json\/wp\/v2\/media?parent=114625"}],"wp:term":[{"taxonomy":"category","embeddable":true,"href":"https:\/\/losperiodistas.com.mx\/portal\/wp-json\/wp\/v2\/categories?post=114625"},{"taxonomy":"post_tag","embeddable":true,"href":"https:\/\/losperiodistas.com.mx\/portal\/wp-json\/wp\/v2\/tags?post=114625"}],"curies":[{"name":"wp","href":"https:\/\/api.w.org\/{rel}","templated":true}]}}