{"id":11424,"date":"2021-08-13T07:56:27","date_gmt":"2021-08-13T12:56:27","guid":{"rendered":"http:\/\/losperiodistas.com.mx\/portal\/?p=11424"},"modified":"2021-08-13T07:56:28","modified_gmt":"2021-08-13T12:56:28","slug":"soy-inocente-saul-huerta-reaparecio-en-television-para-refrendar-su-compromiso-con-la-justicia-infobae","status":"publish","type":"post","link":"https:\/\/losperiodistas.com.mx\/portal\/soy-inocente-saul-huerta-reaparecio-en-television-para-refrendar-su-compromiso-con-la-justicia-infobae\/","title":{"rendered":"\u201cSoy inocente\u201d: Sa\u00fal Huerta reapareci\u00f3 en televisi\u00f3n para refrendar su compromiso con la justicia | Infobae"},"content":{"rendered":"\n<p style=\"font-size:18px\"><em>El diputado asegur\u00f3 que sigue en M\u00e9xico y las \u00f3rdenes de aprehensi\u00f3n en su contra son ilegales, puesto que no tiene intenci\u00f3n de abandonar el pa\u00eds<\/em><\/p>\n\n\n\n<figure class=\"wp-block-image size-large\"><img fetchpriority=\"high\" decoding=\"async\" width=\"1024\" height=\"575\" src=\"https:\/\/losperiodistas.com.mx\/portal\/wp-content\/uploads\/2021\/08\/Captura-de-Pantalla-2021-08-13-a-las-7.52.59-1024x575.jpg\" alt=\"\" class=\"wp-image-11425\" srcset=\"https:\/\/losperiodistas.com.mx\/portal\/wp-content\/uploads\/2021\/08\/Captura-de-Pantalla-2021-08-13-a-las-7.52.59-1024x575.jpg 1024w, https:\/\/losperiodistas.com.mx\/portal\/wp-content\/uploads\/2021\/08\/Captura-de-Pantalla-2021-08-13-a-las-7.52.59-300x169.jpg 300w, https:\/\/losperiodistas.com.mx\/portal\/wp-content\/uploads\/2021\/08\/Captura-de-Pantalla-2021-08-13-a-las-7.52.59-768x432.jpg 768w, https:\/\/losperiodistas.com.mx\/portal\/wp-content\/uploads\/2021\/08\/Captura-de-Pantalla-2021-08-13-a-las-7.52.59.jpg 1516w\" sizes=\"(max-width: 1024px) 100vw, 1024px\" \/><figcaption>(Foto: Cortes\u00eda C\u00e1mara de Diputados)<\/figcaption><\/figure>\n\n\n\n<p class=\"has-vivid-cyan-blue-color has-text-color has-medium-font-size\">INFOBAE<\/p>\n\n\n\n<p>Poco se sab\u00eda de Sa\u00fal Huerta luego de su desafuero logrado por la<strong>&nbsp;C\u00e1mara de Diputados<\/strong>, pero a un d\u00eda de haberse realizado la votaci\u00f3n, el funcionario p\u00fablico apareci\u00f3 en un noticiario de televisi\u00f3n nacional.<\/p>\n\n\n\n<p>En entrevista con\u00a0<em>Ciro G\u00f3mez Leyva<\/em>, el legislador asegur\u00f3 que\u00a0<strong>en fechas recientes acudi\u00f3 a las instalaciones de la Fiscal\u00eda para refrendar su direcci\u00f3n<\/strong>\u00a0y el nombre de sus abogados; sin embargo, una sarta de pretextos le impidieron cumplir con ello.<\/p>\n\n\n\n<p>\u201cTe quiero comentar que en d\u00edas pasados acud\u00ed a la Fiscal\u00eda previendo que ya venia lo del desafuero para reiterar mi domicilio, en el documento escrito donde nombr\u00e9 a mis abogados, la fiscal\u00eda me puso pretextos y no tom\u00f3 la ratificaci\u00f3n a\u00fan cuando la ley ya no lo prev\u00e9 ; sin embargo, me entrevist\u00e9 con la encargada del \u00e1rea para decirle que estoy a su disposici\u00f3n\u201d, dijo en Imagen Televisi\u00f3n.<\/p>\n\n\n\n<p>Entre los pretextos que supuestamente le dieron al funcionario p\u00fablico, destac\u00f3 que ten\u00edan un exceso de carga de trabajo, y que&nbsp;<strong>la Ministerio P\u00fablico encargada de la carpeta de investigaci\u00f3n acudi\u00f3 a una audiencia&nbsp;<\/strong>y no estaba presente. Por lo tanto, no tuvo acceso tampoco a la carpeta de investigaci\u00f3n.<\/p>\n\n\n\n<p>Adem\u00e1s, inform\u00f3 que contin\u00faa en M\u00e9xico y<strong>&nbsp;no tiene intenciones de abandonar el pa\u00eds<\/strong>, por lo que tild\u00f3 de ilegal la liberaci\u00f3n de \u00f3rdenes de aprehensi\u00f3n desde la&nbsp;<strong>Fiscal\u00eda General de Justicia de la Ciudad de M\u00e9xico en su contra.<\/strong><\/p>\n\n\n\n<p>\u201cEl debido proceso empieza con una ilegalidad, porque una orden debe solicitarse cuando hay temor de sustraerse a la justicia, de que el imputado pueda sustraerse a la justica. Saben d\u00f3nde notificarme y pudieron haber solicitado una comparecencia. Aqu\u00ed estoy para darla cara en el momento en que sea requerido por un juez de control. yo soy el mas interesado en que esto se aclare\u201d, dijo Sa\u00fal Huerta.<\/p>\n\n\n\n<p>Y continu\u00f3: \u201c<strong>un inocente no huye<\/strong>. Entonces s\u00e9 que me vincular\u00e1n a proceso, que me llevar\u00e1n a prisi\u00f3n preventiva oficiosa, pero es la \u00fanica manera institucional de enfrentar este tema.&nbsp;<strong>Al final, saldr\u00e9 avante, saldr\u00e9 adelante por una sencilla raz\u00f3n: soy inocente<\/strong>\u201d.<img decoding=\"async\" alt=\"\u201cSoy inocente\u201d: Sa\u00fal Huerta reapareci\u00f3 en televisi\u00f3n para refrendar su compromiso con la justicia (Foto: Cortes\u00eda C\u00e1mara de Diputados)\" height=\"1080\" width=\"1920\" src=\"https:\/\/www.infobae.com\/new-resizer\/okyOvofqRBFDJSuBItaA5DeA5b8=\/420x236\/filters:format(jpg):quality(85)\/cloudfront-us-east-1.images.arcpublishing.com\/infobae\/S5O2UVAQIJEFNLFDHBYHP5KKXA.jpg%20420w\" srcset=\"https:\/\/www.infobae.com\/new-resizer\/okyOvofqRBFDJSuBItaA5DeA5b8=\/420x236\/filters:format(jpg):quality(85)\/cloudfront-us-east-1.images.arcpublishing.com\/infobae\/S5O2UVAQIJEFNLFDHBYHP5KKXA.jpg 420w,https:\/\/www.infobae.com\/new-resizer\/_NO_L3ka6Ixj2Vq1e5il2t2iIIE=\/768x432\/filters:format(jpg):quality(85)\/cloudfront-us-east-1.images.arcpublishing.com\/infobae\/S5O2UVAQIJEFNLFDHBYHP5KKXA.jpg 768w,https:\/\/www.infobae.com\/new-resizer\/4Ol0rwqx-Ri8RezNMzknWeSRXtE=\/992x558\/filters:format(jpg):quality(85)\/cloudfront-us-east-1.images.arcpublishing.com\/infobae\/S5O2UVAQIJEFNLFDHBYHP5KKXA.jpg 992w,https:\/\/www.infobae.com\/new-resizer\/iSBoogQ3jUuP63PjgqAkUfNYCtc=\/1200x675\/filters:format(jpg):quality(85)\/cloudfront-us-east-1.images.arcpublishing.com\/infobae\/S5O2UVAQIJEFNLFDHBYHP5KKXA.jpg 1200w\">\u201cSoy inocente\u201d: Sa\u00fal Huerta reapareci\u00f3 en televisi\u00f3n para refrendar su compromiso con la justicia (Foto: Cortes\u00eda C\u00e1mara de Diputados)<\/p>\n\n\n\n<p>Por parte de los abogados de la defensa, aseguraron que por el momento ya tienen todas las pruebas necesarias para acreditar su inocencia, por lo que ya&nbsp;<strong>s\u00f3lo esperan un proceso judicial para presentarlas.<\/strong><\/p>\n\n\n\n<p>\u201cDurante todo este periodo en que se suscit\u00f3 el hecho y hasta la fecha, el equipo de la defensa ha hecho una investigaci\u00f3n profunda y exhaustiva y se ha hecho de un arsenal probatorio debido para poder acreditar la inocencia del diputado. Claramente todo esto tendr\u00e1 que ser esclarecido en un proceso judicial\u201d, dijo el abogado Wilfrido Castillo.<\/p>\n\n\n\n<p>Por \u00faltimo, fue el abogado Rafael Castillo quien<strong>&nbsp;asegur\u00f3 que por el momento est\u00e1n seguros de querer una vinculaci\u00f3n a proceso&nbsp;<\/strong>para su defendido, a fin de obtener una investigaci\u00f3n de ley para complementar la suya.<\/p>\n\n\n\n<p>\u201cPara finalizar requerimos la vinculaci\u00f3n a proceso, pues con esto se va a autorizar una investigaci\u00f3n complementaria, pues en esta parte de la investigaci\u00f3n hemos encontrado varios obst\u00e1culos por partes de la Fiscal\u00eda que nos han impedido otros actos de investigaci\u00f3n para complementar la inocencia del se\u00f1or diputado\u201d, aclar\u00f3.<img decoding=\"async\" alt=\"Por parte de los abogados de la defensa, aseguraron que por el momento ya tienen todas las pruebas necesarias para acreditar su inocencia (Foto: Twitter@SaulHuertaOf)\" height=\"1080\" width=\"1920\" src=\"https:\/\/www.infobae.com\/new-resizer\/1qlUcHNfTV1XNYpFtQ5zvtgvlv8=\/420x236\/filters:format(jpg):quality(85)\/cloudfront-us-east-1.images.arcpublishing.com\/infobae\/R7QCRW2NGVGRBEGFE5PYPZT7BU.jpg%20420w\" srcset=\"https:\/\/www.infobae.com\/new-resizer\/1qlUcHNfTV1XNYpFtQ5zvtgvlv8=\/420x236\/filters:format(jpg):quality(85)\/cloudfront-us-east-1.images.arcpublishing.com\/infobae\/R7QCRW2NGVGRBEGFE5PYPZT7BU.jpg 420w,https:\/\/www.infobae.com\/new-resizer\/hj1-34vmDo2KCc5skNB6S17_7VY=\/768x432\/filters:format(jpg):quality(85)\/cloudfront-us-east-1.images.arcpublishing.com\/infobae\/R7QCRW2NGVGRBEGFE5PYPZT7BU.jpg 768w,https:\/\/www.infobae.com\/new-resizer\/MigYfAzmPHDCSRKtjwxjj0vyd6U=\/992x558\/filters:format(jpg):quality(85)\/cloudfront-us-east-1.images.arcpublishing.com\/infobae\/R7QCRW2NGVGRBEGFE5PYPZT7BU.jpg 992w,https:\/\/www.infobae.com\/new-resizer\/D_PYXSMerxm2t68m_CFX5zAj9Sg=\/1200x675\/filters:format(jpg):quality(85)\/cloudfront-us-east-1.images.arcpublishing.com\/infobae\/R7QCRW2NGVGRBEGFE5PYPZT7BU.jpg 1200w\">Por parte de los abogados de la defensa, aseguraron que por el momento ya tienen todas las pruebas necesarias para acreditar su inocencia (Foto: Twitter@SaulHuertaOf)<\/p>\n\n\n\n<h2 class=\"wp-block-heading\">Desafuero y orden de aprehensi\u00f3n contra Sa\u00fal Huerta<\/h2>\n\n\n\n<p>Fue durante este mi\u00e9rcoles 11 de agosto de 2021 cuando se realiz\u00f3 la sesi\u00f3n del periodo extraordinario en el&nbsp;<strong>Congreso de la Uni\u00f3n&nbsp;<\/strong>donde se defini\u00f3 el desafuero de los diputados federales&nbsp;<strong>Sa\u00fal Huerta y Mauricio Toledo.<\/strong><\/p>\n\n\n\n<p>Al filo de las 18:00 horas, con 447 votos a favor, cero en contra y dos abstenciones, la\u00a0<strong>C\u00e1mara de Diputados<\/strong>\u00a0defini\u00f3 que Benjam\u00edn\u00a0<strong>Sa\u00fal Huerta Corona<\/strong>, diputado federal sin partido, se quedar\u00e1 sin fuero como legislador.<\/p>\n\n\n\n<p>Fuente: https:\/\/www.infobae.com\/america\/mexico\/2021\/08\/13\/soy-inocente-saul-huerta-reaparecio-en-television-para-refrendar-su-compromiso-con-la-justicia\/<\/p>\n","protected":false},"excerpt":{"rendered":"<p>El diputado asegur\u00f3 que sigue en M\u00e9xico y las \u00f3rdenes de aprehensi\u00f3n en su contra son ilegales, puesto que no [&hellip;]<\/p>\n","protected":false},"author":1,"featured_media":11425,"comment_status":"open","ping_status":"open","sticky":false,"template":"","format":"standard","meta":{"site-sidebar-layout":"default","site-content-layout":"","ast-site-content-layout":"default","site-content-style":"default","site-sidebar-style":"default","ast-global-header-display":"","ast-banner-title-visibility":"","ast-main-header-display":"","ast-hfb-above-header-display":"","ast-hfb-below-header-display":"","ast-hfb-mobile-header-display":"","site-post-title":"","ast-breadcrumbs-content":"","ast-featured-img":"","footer-sml-layout":"","theme-transparent-header-meta":"","adv-header-id-meta":"","stick-header-meta":"","header-above-stick-meta":"","header-main-stick-meta":"","header-below-stick-meta":"","astra-migrate-meta-layouts":"default","ast-page-background-enabled":"default","ast-page-background-meta":{"desktop":{"background-color":"var(--ast-global-color-4)","background-image":"","background-repeat":"repeat","background-position":"center center","background-size":"auto","background-attachment":"scroll","background-type":"","background-media":"","overlay-type":"","overlay-color":"","overlay-opacity":"","overlay-gradient":""},"tablet":{"background-color":"","background-image":"","background-repeat":"repeat","background-position":"center center","background-size":"auto","background-attachment":"scroll","background-type":"","background-media":"","overlay-type":"","overlay-color":"","overlay-opacity":"","overlay-gradient":""},"mobile":{"background-color":"","background-image":"","background-repeat":"repeat","background-position":"center center","background-size":"auto","background-attachment":"scroll","background-type":"","background-media":"","overlay-type":"","overlay-color":"","overlay-opacity":"","overlay-gradient":""}},"ast-content-background-meta":{"desktop":{"background-color":"var(--ast-global-color-5)","background-image":"","background-repeat":"repeat","background-position":"center center","background-size":"auto","background-attachment":"scroll","background-type":"","background-media":"","overlay-type":"","overlay-color":"","overlay-opacity":"","overlay-gradient":""},"tablet":{"background-color":"var(--ast-global-color-5)","background-image":"","background-repeat":"repeat","background-position":"center center","background-size":"auto","background-attachment":"scroll","background-type":"","background-media":"","overlay-type":"","overlay-color":"","overlay-opacity":"","overlay-gradient":""},"mobile":{"background-color":"var(--ast-global-color-5)","background-image":"","background-repeat":"repeat","background-position":"center center","background-size":"auto","background-attachment":"scroll","background-type":"","background-media":"","overlay-type":"","overlay-color":"","overlay-opacity":"","overlay-gradient":""}},"footnotes":""},"categories":[8],"tags":[1166],"class_list":["post-11424","post","type-post","status-publish","format-standard","has-post-thumbnail","hentry","category-noticias","tag-saul-huerta-corona"],"_links":{"self":[{"href":"https:\/\/losperiodistas.com.mx\/portal\/wp-json\/wp\/v2\/posts\/11424","targetHints":{"allow":["GET"]}}],"collection":[{"href":"https:\/\/losperiodistas.com.mx\/portal\/wp-json\/wp\/v2\/posts"}],"about":[{"href":"https:\/\/losperiodistas.com.mx\/portal\/wp-json\/wp\/v2\/types\/post"}],"author":[{"embeddable":true,"href":"https:\/\/losperiodistas.com.mx\/portal\/wp-json\/wp\/v2\/users\/1"}],"replies":[{"embeddable":true,"href":"https:\/\/losperiodistas.com.mx\/portal\/wp-json\/wp\/v2\/comments?post=11424"}],"version-history":[{"count":1,"href":"https:\/\/losperiodistas.com.mx\/portal\/wp-json\/wp\/v2\/posts\/11424\/revisions"}],"predecessor-version":[{"id":11426,"href":"https:\/\/losperiodistas.com.mx\/portal\/wp-json\/wp\/v2\/posts\/11424\/revisions\/11426"}],"wp:featuredmedia":[{"embeddable":true,"href":"https:\/\/losperiodistas.com.mx\/portal\/wp-json\/wp\/v2\/media\/11425"}],"wp:attachment":[{"href":"https:\/\/losperiodistas.com.mx\/portal\/wp-json\/wp\/v2\/media?parent=11424"}],"wp:term":[{"taxonomy":"category","embeddable":true,"href":"https:\/\/losperiodistas.com.mx\/portal\/wp-json\/wp\/v2\/categories?post=11424"},{"taxonomy":"post_tag","embeddable":true,"href":"https:\/\/losperiodistas.com.mx\/portal\/wp-json\/wp\/v2\/tags?post=11424"}],"curies":[{"name":"wp","href":"https:\/\/api.w.org\/{rel}","templated":true}]}}