{"id":114160,"date":"2026-01-05T10:52:02","date_gmt":"2026-01-05T16:52:02","guid":{"rendered":"https:\/\/losperiodistas.com.mx\/portal\/?p=114160"},"modified":"2026-01-05T10:52:03","modified_gmt":"2026-01-05T16:52:03","slug":"luz-casal-creo-mucho-en-la-actitud-desafiante-ante-lo-inesperado-incluso-con-la-enfermedad-magazine","status":"publish","type":"post","link":"https:\/\/losperiodistas.com.mx\/portal\/luz-casal-creo-mucho-en-la-actitud-desafiante-ante-lo-inesperado-incluso-con-la-enfermedad-magazine\/","title":{"rendered":"Luz Casal: \u201cCreo mucho en la actitud desafiante ante lo inesperado, incluso con la enfermedad\u201d | Magazine"},"content":{"rendered":"\n<p><\/p>\n\n\n\n<h2 class=\"wp-block-heading has-ast-global-color-4-background-color has-background\">Se ha permitido no encajar, esencialmente, toda su vida, y ahora, marquesa de Luz y Paz e impulsora del Festival de la Luz se permite volver a demostrar que nada frenar\u00e1 su destello con su \u00faltimo disco &#8216;Me voy a permitir&#8217;<\/h2>\n\n\n\n<figure class=\"wp-block-image size-full\"><img fetchpriority=\"high\" decoding=\"async\" width=\"936\" height=\"458\" src=\"https:\/\/losperiodistas.com.mx\/portal\/wp-content\/uploads\/2026\/01\/695394ea3b653.r_d.1500-1125-3120.jpeg\" alt=\"\" class=\"wp-image-114161\" srcset=\"https:\/\/losperiodistas.com.mx\/portal\/wp-content\/uploads\/2026\/01\/695394ea3b653.r_d.1500-1125-3120.jpeg 936w, https:\/\/losperiodistas.com.mx\/portal\/wp-content\/uploads\/2026\/01\/695394ea3b653.r_d.1500-1125-3120-300x147.jpeg 300w, https:\/\/losperiodistas.com.mx\/portal\/wp-content\/uploads\/2026\/01\/695394ea3b653.r_d.1500-1125-3120-768x376.jpeg 768w\" sizes=\"(max-width: 936px) 100vw, 936px\" \/><figcaption class=\"wp-element-caption\">Luz Casal ilumina con sus gestos bajo las lentes de Javier Bioscas<br>Javier Bioscas<\/figcaption><\/figure>\n\n\n\n<p class=\"has-vivid-red-color has-text-color has-link-color has-medium-font-size wp-elements-444d82e8a42f66c008604039ce80351d\"><strong><a href=\"https:\/\/www.lavanguardia.com\/autores\/pavlo-l-gento.html\">Pavlo L. Gento<\/a> \/ Magazine<\/strong><\/p>\n\n\n\n<p>Barcelona<\/p>\n\n\n\n<p><\/p>\n\n\n\n<p>Nikola Tesla so\u00f1\u00f3 a finales de siglo XIX con la energ\u00eda libre, la in\u00e1lambrica , la llamada electricidad infinita. A\u00f1os m\u00e1s tarde hubo un destello llamado Luz Casal, con las mismas virtudes que ese viejo sue\u00f1o. Fue y es tal su esp\u00edritu sin l\u00edmite que a sus 67 a\u00f1os afirma, con electricidad en sus palabras, no estar ni en el ecuador de su vida. Perm\u00edtanos un breve resumen: estudi\u00f3 bel canto, se inici\u00f3 en el reggae, particip\u00f3 de la poes\u00eda de Jaime Nogueral, compuso junto a Mark Knopfler, fluctu\u00f3 del rock, el pop, el country, al jazz y los ritmos latinos hasta llegar a la ra\u00edz m\u00e1s pura, la que enciende, todav\u00eda, su luz y energ\u00eda: la generosidad.<\/p>\n\n\n\n<p>No es un decir o un clich\u00e9, ella no es muy de etiquetas, de hecho, es m\u00e1s de desmelenarse en el escenario \u201csin miedo a partirse el cuello\u201d, pero ha abrazado con soltura su nombramiento como marquesa de Luz y Paz, reconocimiento a lo que ella entiende como \u00e9xito: servir. Y no a la corona, m\u00e1s bien al otro, aquel que lo necesita. As\u00ed lo demostr\u00f3 en la pandemia, en la que realiz\u00f3 2.000 llamadas para aliviar la soledad, como con el impulso a su proyecto Festival de la Luz, del que destina la recaudaci\u00f3n \u00edntegra a organizaciones como M\u00e9dicos sin Fronteras.&nbsp;<\/p>\n\n\n\n<figure class=\"wp-block-image\"><img decoding=\"async\" src=\"https:\/\/www.lavanguardia.com\/files\/content_image_mobile_filter\/uploads\/2025\/12\/30\/695395402872e.jpeg\" alt=\"Un destello llamado Luz\"\/><figcaption class=\"wp-element-caption\">Un destello llamado LuzJavier Bioscas<\/figcaption><\/figure>\n\n\n\n<p>Tras haber sobrevivido a dos c\u00e1nceres, Luz sigue entendiendo, ahora m\u00e1s que nunca, cu\u00e1l es su lugar en el mundo. Uno en el que piensa iluminar hasta el final, con destellos generosos y armon\u00edas plenas. Su \u00faltimo disco, en el que colabora con Carla Bruni, vuelve a demostrar una vez m\u00e1s su incandescencia. Y es que no por haber brillado mucho se apagar\u00e1 antes. Permitan que entre su luz&#8230;<\/p>\n\n\n\n<p><strong>Su \u00faltimo disco se titula&nbsp;<em>Me voy a permitir<\/em>&#8230; \u00bfQu\u00e9 se permite ahora que antes no se permit\u00eda?<\/strong><\/p>\n\n\n\n<p>Desparpajo y gracia, pero eso no quiere decir que haya cambiado en lo esencial. No creo ser una persona distinta, pero ahora juego m\u00e1s con el sarcasmo, consecuencia de un car\u00e1cter rebelde por el que no doy nada por sentado. Musicalmente siempre me he permitido hacer lo que he querido, y es la evidencia de que me paso todo por el forro.<\/p>\n\n\n\n<figure class=\"wp-block-image\"><img decoding=\"async\" src=\"https:\/\/www.lavanguardia.com\/files\/content_image_mobile_filter\/uploads\/2025\/12\/30\/6953979446279.jpeg\" alt=\"Luz Casal presenta su \u00faltimo disco 'Me voy a permitir'\"\/><figcaption class=\"wp-element-caption\">Luz Casal presenta su \u00faltimo disco &#8216;Me voy a permitir&#8217;Javier Bioscas<\/figcaption><\/figure>\n\n\n\n<p><strong>\u00bfSe considera rebelde?<\/strong><\/p>\n\n\n\n<p>M\u00e1s bien una inconformista. \u00bfPor qu\u00e9 no cuestionar lo establecido? Si lo haces, puede darse la posibilidad, deseando que sea as\u00ed, de que todo mejore.<\/p>\n\n\n\n<p><strong>\u00bfQu\u00e9 inclina esa fuerza hacia el bien?<\/strong><\/p>\n\n\n\n<p>La abundancia del mal; como digo en una de mis nuevas canciones, \u201c parece ser que se miente mucho m\u00e1s que se habla\u201d. Si tienes un m\u00ednimo inter\u00e9s por lo que ata\u00f1e al otro, desde lo m\u00e1s fundamental como la salud, es f\u00e1cil darse cuenta de que las cosas no van bien. Con cada disco procuro tender hacia la armon\u00eda, a entender lo que nos ata\u00f1e.<\/p>\n\n\n\n<figure class=\"wp-block-image\"><img decoding=\"async\" src=\"https:\/\/www.lavanguardia.com\/files\/content_image_mobile_filter\/uploads\/2025\/12\/30\/6953987b03739.jpeg\" alt=\"M\u00e1s que rebelde se considera una inconformista, \u00bfpor qu\u00e9 no cuestionar lo establecido?\"\/><figcaption class=\"wp-element-caption\">M\u00e1s que rebelde se considera una inconformista, \u00bfpor qu\u00e9 no cuestionar lo establecido?Javier Bioscas<\/figcaption><\/figure>\n\n\n\n<p><strong>\u00bfNace esa armon\u00eda de su voluntad de entender el mal?<\/strong><\/p>\n\n\n\n<p>La cuesti\u00f3n es ponerse en la piel del otro. Eso exige tener empat\u00eda y conocer de d\u00f3nde proviene el dolor. Yo canto para la gente, me interesa entender al otro para ejercer bien mi funci\u00f3n.<\/p>\n\n\n\n<p><strong>\u00bfQu\u00e9 es lo que la enciende?<\/strong><\/p>\n\n\n\n<p>Seguir componiendo, cantando y actuando. Es mi manera de estar en el mundo, de servir. Entendiendo el \u00e9xito como que una canci\u00f3n sirva para alguien. Huir de la violencia en todas sus manifestaciones.<\/p>\n\n\n\n<h3 class=\"wp-block-heading\">La abundancia material es obligatorio compartirla\u2019\u2019<\/h3>\n\n\n\n<p><strong>Ese acto de servicio queda patente en su reciente nombramiento como marquesa de Luz y Paz y su impulso al proyecto ben\u00e9fico Festival de la Luz&#8230; Marquesa, rockera, fil\u00e1ntropa, qui\u00e9n es Luz?<\/strong><\/p>\n\n\n\n<p>Es complicado definirse. Me considero compleja, pero si queremos simplificar, le dir\u00e9 que intentar ser buena persona me define bien. Soy una mujer dedicada a la m\u00fasica con responsabilidad. Cada vez que me subo al escenario tengo la responsabilidad de ser lo m\u00e1s brillante posible, si puedo. Es lo m\u00ednimo si quien tengo enfrente ha invertido tiempo y dinero. Hagamos que importe. Trabajemos con la armon\u00eda.<\/p>\n\n\n\n<p><strong>\u00bfLa armon\u00eda la ha acompa\u00f1ado siempre a lo largo de su vida?<\/strong><\/p>\n\n\n\n<p>Es una b\u00fasqueda constante. Todo puede quebrarse en cualquier momento. Es como con la alimentaci\u00f3n, se trata de buscar un cierto equilibrio.<\/p>\n\n\n\n<h3 class=\"wp-block-heading\">Tengo la sensaci\u00f3n de ni siquiera estar en el ecuador de mi vida\u2019\u2019<\/h3>\n\n\n\n<p><strong>\u00bfLa abundancia puede ser nociva?<\/strong><\/p>\n\n\n\n<p>En el conocimiento, no. En lo material, es obligatorio compartirla.<\/p>\n\n\n\n<p><strong>\u00bfHay algo imposible?<\/strong><\/p>\n\n\n\n<p>S\u00ed, no vivir m\u00e1s tiempo. Me gustar\u00eda tener una vida larga, me queda mucho por vivir. Tengo la sensaci\u00f3n de ni siquiera estar en el ecuador de mi vida. Hay much\u00edsima fortaleza en nosotros mismos que no usamos. Creo mucho en la actitud desafiante ante lo inesperado, incluso con la enfermedad.<\/p>\n\n\n\n<p><strong>Incluso ante lo inesperado. \u00bfC\u00f3mo se forj\u00f3 la colaboraci\u00f3n con Carla Bruni?<\/strong><\/p>\n\n\n\n<p>Ha sido un regalo inesperado a pesar de tener muy claro desde el principio que quer\u00eda colaborar con una mujer francesa que me pudiera dar r\u00e9plica. Su voz es un contrapunto excelente. Un regalo.<\/p>\n\n\n\n<p><strong>\u00bfCree que la m\u00fasica puede cambiar el mundo?<\/strong><\/p>\n\n\n\n<p>No, pero s\u00ed que creo que puede inspirar el cambio. Abrir rendijas en el cerebro de algunos. Soy una optimista radical y creo que la suma de muchas voluntades puede cambiar las cosas. Entenderlo es indispensable.<\/p>\n\n\n\n<h3 class=\"wp-block-heading\">No le temo a la muerte\u2019\u2019<\/h3>\n\n\n\n<p><strong>\u00bfLe han roto el coraz\u00f3n alguna vez?<\/strong><\/p>\n\n\n\n<p>No. No se han atrevido (r\u00ede).<\/p>\n\n\n\n<p><strong>\u00bfEn qu\u00e9 encuentra belleza?<\/strong><\/p>\n\n\n\n<p>En lo m\u00e1s cotidiano .<\/p>\n\n\n\n<p><strong>\u00bfIncluso en la muerte?<\/strong><\/p>\n\n\n\n<p>Con Cristina Garc\u00eda Rodero aprend\u00ed a ver belleza en lo oscuro. No temo a la muerte<\/p>\n\n\n\n<h3 class=\"wp-block-heading\">My Favourite Things&nbsp;<\/h3>\n\n\n\n<p><strong>Una pieza por la que empieza a vestirse<\/strong><br>Antes de nada, pienso en el color. El que m\u00e1s repito es el no color negro.<br><strong>Su desayuno<\/strong><br>T\u00e9, zumo de naranja, tostadas, miel, aceite y pl\u00e1tano<br><strong>Una esencia<\/strong><br>Fluct\u00fao entre lo fresco de la bergamota y la densidad de la canela, el pachul\u00ed&#8230;<br><strong>Un disco que la obsesione \u00faltimamente<\/strong><br>Todo lo que hace Raye me encanta<br><strong>C\u00f3mo sonar\u00eda su vida<\/strong><br>Un piano, una voz con reverb y una guitarra espa\u00f1ola<br><strong>Una lectura y una pel\u00edcula<\/strong><br><em>Guerra y paz<\/em>&nbsp;de Tolst\u00f3i, y&nbsp;<em>Amanece que no es poco<\/em><\/p>\n\n\n\n<p>Fuente: <a href=\"https:\/\/www.lavanguardia.com\/magazine\/protagonistas\/20260105\/11401826\/luz-casal-creo-actitud-desafiante-inesperado-enfermedad.html\">https:\/\/www.lavanguardia.com\/magazine\/protagonistas\/20260105\/11401826\/luz-casal-creo-actitud-desafiante-inesperado-enfermedad.html<\/a><\/p>\n","protected":false},"excerpt":{"rendered":"<p>Se ha permitido no encajar, esencialmente, toda su vida, y ahora, marquesa de Luz y Paz e impulsora del Festival [&hellip;]<\/p>\n","protected":false},"author":1,"featured_media":114161,"comment_status":"open","ping_status":"open","sticky":false,"template":"","format":"standard","meta":{"site-sidebar-layout":"default","site-content-layout":"","ast-site-content-layout":"default","site-content-style":"default","site-sidebar-style":"default","ast-global-header-display":"","ast-banner-title-visibility":"","ast-main-header-display":"","ast-hfb-above-header-display":"","ast-hfb-below-header-display":"","ast-hfb-mobile-header-display":"","site-post-title":"","ast-breadcrumbs-content":"","ast-featured-img":"","footer-sml-layout":"","theme-transparent-header-meta":"","adv-header-id-meta":"","stick-header-meta":"","header-above-stick-meta":"","header-main-stick-meta":"","header-below-stick-meta":"","astra-migrate-meta-layouts":"default","ast-page-background-enabled":"default","ast-page-background-meta":{"desktop":{"background-color":"var(--ast-global-color-4)","background-image":"","background-repeat":"repeat","background-position":"center center","background-size":"auto","background-attachment":"scroll","background-type":"","background-media":"","overlay-type":"","overlay-color":"","overlay-opacity":"","overlay-gradient":""},"tablet":{"background-color":"","background-image":"","background-repeat":"repeat","background-position":"center center","background-size":"auto","background-attachment":"scroll","background-type":"","background-media":"","overlay-type":"","overlay-color":"","overlay-opacity":"","overlay-gradient":""},"mobile":{"background-color":"","background-image":"","background-repeat":"repeat","background-position":"center center","background-size":"auto","background-attachment":"scroll","background-type":"","background-media":"","overlay-type":"","overlay-color":"","overlay-opacity":"","overlay-gradient":""}},"ast-content-background-meta":{"desktop":{"background-color":"var(--ast-global-color-5)","background-image":"","background-repeat":"repeat","background-position":"center center","background-size":"auto","background-attachment":"scroll","background-type":"","background-media":"","overlay-type":"","overlay-color":"","overlay-opacity":"","overlay-gradient":""},"tablet":{"background-color":"var(--ast-global-color-5)","background-image":"","background-repeat":"repeat","background-position":"center center","background-size":"auto","background-attachment":"scroll","background-type":"","background-media":"","overlay-type":"","overlay-color":"","overlay-opacity":"","overlay-gradient":""},"mobile":{"background-color":"var(--ast-global-color-5)","background-image":"","background-repeat":"repeat","background-position":"center center","background-size":"auto","background-attachment":"scroll","background-type":"","background-media":"","overlay-type":"","overlay-color":"","overlay-opacity":"","overlay-gradient":""}},"footnotes":""},"categories":[8],"tags":[45113,14907],"class_list":["post-114160","post","type-post","status-publish","format-standard","has-post-thumbnail","hentry","category-noticias","tag-me-voy-a-permitir","tag-luz-casal"],"_links":{"self":[{"href":"https:\/\/losperiodistas.com.mx\/portal\/wp-json\/wp\/v2\/posts\/114160","targetHints":{"allow":["GET"]}}],"collection":[{"href":"https:\/\/losperiodistas.com.mx\/portal\/wp-json\/wp\/v2\/posts"}],"about":[{"href":"https:\/\/losperiodistas.com.mx\/portal\/wp-json\/wp\/v2\/types\/post"}],"author":[{"embeddable":true,"href":"https:\/\/losperiodistas.com.mx\/portal\/wp-json\/wp\/v2\/users\/1"}],"replies":[{"embeddable":true,"href":"https:\/\/losperiodistas.com.mx\/portal\/wp-json\/wp\/v2\/comments?post=114160"}],"version-history":[{"count":1,"href":"https:\/\/losperiodistas.com.mx\/portal\/wp-json\/wp\/v2\/posts\/114160\/revisions"}],"predecessor-version":[{"id":114162,"href":"https:\/\/losperiodistas.com.mx\/portal\/wp-json\/wp\/v2\/posts\/114160\/revisions\/114162"}],"wp:featuredmedia":[{"embeddable":true,"href":"https:\/\/losperiodistas.com.mx\/portal\/wp-json\/wp\/v2\/media\/114161"}],"wp:attachment":[{"href":"https:\/\/losperiodistas.com.mx\/portal\/wp-json\/wp\/v2\/media?parent=114160"}],"wp:term":[{"taxonomy":"category","embeddable":true,"href":"https:\/\/losperiodistas.com.mx\/portal\/wp-json\/wp\/v2\/categories?post=114160"},{"taxonomy":"post_tag","embeddable":true,"href":"https:\/\/losperiodistas.com.mx\/portal\/wp-json\/wp\/v2\/tags?post=114160"}],"curies":[{"name":"wp","href":"https:\/\/api.w.org\/{rel}","templated":true}]}}