{"id":11414,"date":"2021-08-12T19:44:39","date_gmt":"2021-08-13T00:44:39","guid":{"rendered":"http:\/\/losperiodistas.com.mx\/portal\/?p=11414"},"modified":"2021-08-12T19:44:41","modified_gmt":"2021-08-13T00:44:41","slug":"situacion-de-arzobispo-mexicano-hospitalizado-por-covid-19-es-delicada-aci","status":"publish","type":"post","link":"https:\/\/losperiodistas.com.mx\/portal\/situacion-de-arzobispo-mexicano-hospitalizado-por-covid-19-es-delicada-aci\/","title":{"rendered":"Situaci\u00f3n de arzobispo mexicano hospitalizado por COVID-19 \u201ces delicada\u201d | ACI"},"content":{"rendered":"\n<figure class=\"wp-block-image size-large\"><img fetchpriority=\"high\" decoding=\"async\" width=\"1024\" height=\"566\" src=\"https:\/\/losperiodistas.com.mx\/portal\/wp-content\/uploads\/2021\/08\/Captura-de-Pantalla-2021-08-12-a-las-19.41.01-1024x566.jpg\" alt=\"\" class=\"wp-image-11415\" srcset=\"https:\/\/losperiodistas.com.mx\/portal\/wp-content\/uploads\/2021\/08\/Captura-de-Pantalla-2021-08-12-a-las-19.41.01-1024x566.jpg 1024w, https:\/\/losperiodistas.com.mx\/portal\/wp-content\/uploads\/2021\/08\/Captura-de-Pantalla-2021-08-12-a-las-19.41.01-300x166.jpg 300w, https:\/\/losperiodistas.com.mx\/portal\/wp-content\/uploads\/2021\/08\/Captura-de-Pantalla-2021-08-12-a-las-19.41.01-768x425.jpg 768w, https:\/\/losperiodistas.com.mx\/portal\/wp-content\/uploads\/2021\/08\/Captura-de-Pantalla-2021-08-12-a-las-19.41.01.jpg 1522w\" sizes=\"(max-width: 1024px) 100vw, 1024px\" \/><figcaption>Mons. Carlos Garfias Merlos. Cr\u00e9dito: Captura de video \/ Arquidi\u00f3cesis de Morelia.<\/figcaption><\/figure>\n\n\n\n<p class=\"has-vivid-cyan-blue-color has-text-color has-medium-font-size\">DAVID RAMOS \/ ACI PRENSA<\/p>\n\n\n\n<p>La Arquidi\u00f3cesis de Morelia inform\u00f3 este 12 de agosto que la situaci\u00f3n de su Arzobispo, Mons. Carlos Garfias Merlos, hospitalizado tras dar positivo a COVID-19, \u201ces delicada, pero estable\u201d.<\/p>\n\n\n\n<p>Mons. Garfias Merlos tambi\u00e9n vicepresidente de la Conferencia del Episcopado Mexicano (CEM), fue hospitalizado el 9 de agosto, buscando un mejor control de la enfermedad. El Prelado tiene 70 a\u00f1os.<\/p>\n\n\n\n<p>En su comunicado, la Arquidi\u00f3cesis de Morelia se\u00f1al\u00f3 que \u201cante la crisis\u201d que present\u00f3 Mons. Garfias Merlos la tarde del 11 de agosto \u201cse procedi\u00f3 a la intubaci\u00f3n y se le est\u00e1 brindando toda la atenci\u00f3n necesaria\u201d.<\/p>\n\n\n\n<figure class=\"wp-block-embed is-type-rich is-provider-twitter wp-block-embed-twitter\"><div class=\"wp-block-embed__wrapper\">\n<blockquote class=\"twitter-tweet\" data-width=\"500\" data-dnt=\"true\"><p lang=\"es\" dir=\"ltr\">Intensifiquemos nuestras oraciones por la salud de + Carlos Garfias Merlos, Arzobispo de Morelia.<a href=\"https:\/\/twitter.com\/hashtag\/ArqMorelia?src=hash&amp;ref_src=twsrc%5Etfw\">#ArqMorelia<\/a> <a href=\"https:\/\/t.co\/oOn0sMHWxn\">pic.twitter.com\/oOn0sMHWxn<\/a><\/p>&mdash; Arquidi\u00f3cesis de Morelia (@ArquidioMorelia) <a href=\"https:\/\/twitter.com\/ArquidioMorelia\/status\/1425914882956972040?ref_src=twsrc%5Etfw\">August 12, 2021<\/a><\/blockquote><script async src=\"https:\/\/platform.twitter.com\/widgets.js\" charset=\"utf-8\"><\/script>\n<\/div><\/figure>\n\n\n\n<p>Con Mons. Carlos Garfias Merlos suman 25 los obispos mexicanos que han sufrido COVID-19. Cinco de ellos fallecieron a causa de la enfermedad.<\/p>\n\n\n\n<p>De acuerdo al Centro Cat\u00f3lico Multimedial, al 20 de julio de 2021 otros 232 sacerdotes, seis religiosos, nueve religiosas y 12 di\u00e1conos han muerto en M\u00e9xico por la pandemia.<\/p>\n\n\n\n<p>La Arquidi\u00f3cesis de Morelia alent\u00f3 a que \u201ccomo creyentes un\u00e1monos en la oraci\u00f3n\u201d.<\/p>\n\n\n\n<p>\u201cA todos los hermanos sacerdotes les pedimos que inviten a sus fieles a intensificar la oraci\u00f3n por la pronta recuperaci\u00f3n de nuestro Arzobispo\u201d, a\u00f1adi\u00f3.<\/p>\n\n\n\n<p>Adem\u00e1s, record\u00f3 que \u201clas cifras de contagiados a nivel diocesano van en aumento, por eso les pedimos de la manera m\u00e1s encarecida que no menosprecien las medidas cautelares por la prevenci\u00f3n de contagios\u201d.<\/p>\n\n\n\n<p>\u201cQue Nuestra Se\u00f1ora, Madre y Reyna, Mar\u00eda Sant\u00edsima de la Salud interceda por \u00e9l y por nosotros\u201d, concluy\u00f3 la Arquidi\u00f3cesis.<\/p>\n\n\n\n<p>En su comunicado anterior, el 10 de agosto, la Arquidi\u00f3cesis de Morelia se\u00f1al\u00f3 que Mons. Garfias Merlos se contagi\u00f3 de COVID-19 a pesar de que \u201cse ha cuidado con todas las medidas sanitarias\u201d y recibi\u00f3 \u201cla segunda dosis de la vacuna\u201d.<\/p>\n\n\n\n<p>Luego de tener a 19 estados mexicanos en el sem\u00e1foro verde epidemiol\u00f3gico durante la primera mitad de julio, solo uno, Chiapas, se mantiene en este color, el menos restrictivo en las cuatro etapas determinadas por las autoridades: rojo, naranja, amarillo y verde.<\/p>\n\n\n\n<p>Desde el 9 de agosto, siete entidades federativas, entre ellas Ciudad de M\u00e9xico, se encuentran en sem\u00e1foro rojo.<\/p>\n\n\n\n<p>15 estados se encuentran en sem\u00e1foro naranja y otros nueve en amarillo.<\/p>\n\n\n\n<p>Mientras que en la semana del 28 de junio al 4 de julio se confirmaron cerca de 38 mil nuevos casos de COVID-19 en todo el pa\u00eds, entre el 2 y el 8 de agosto se superaron los 80 mil nuevos casos confirmados.<\/p>\n\n\n\n<p>El Gobierno de M\u00e9xico estima que actualmente hay m\u00e1s de 137 mil casos de COVID-19 activos.<\/p>\n\n\n\n<p>Se estima que en el pa\u00eds la pandemia ha cobrado m\u00e1s de 258 mil vidas.<\/p>\n\n\n\n<p>Seg\u00fan la Secretar\u00eda de Salud de M\u00e9xico, al 11 de agosto m\u00e1s de 28 millones de personas han recibido las dosis completas de la vacuna contra el COVID-19. El gobierno apunta a tener m\u00e1s de 107 millones de personas completamente vacunadas para diciembre de este a\u00f1o.<\/p>\n\n\n\n<p>Fuente: https:\/\/www.aciprensa.com\/noticias\/situacion-de-arzobispo-mexicano-hospitalizado-por-covid-19-es-delicada-11375<\/p>\n","protected":false},"excerpt":{"rendered":"<p>DAVID RAMOS \/ ACI PRENSA La Arquidi\u00f3cesis de Morelia inform\u00f3 este 12 de agosto que la situaci\u00f3n de su Arzobispo, [&hellip;]<\/p>\n","protected":false},"author":1,"featured_media":11415,"comment_status":"open","ping_status":"open","sticky":false,"template":"","format":"standard","meta":{"site-sidebar-layout":"default","site-content-layout":"","ast-site-content-layout":"default","site-content-style":"default","site-sidebar-style":"default","ast-global-header-display":"","ast-banner-title-visibility":"","ast-main-header-display":"","ast-hfb-above-header-display":"","ast-hfb-below-header-display":"","ast-hfb-mobile-header-display":"","site-post-title":"","ast-breadcrumbs-content":"","ast-featured-img":"","footer-sml-layout":"","theme-transparent-header-meta":"","adv-header-id-meta":"","stick-header-meta":"","header-above-stick-meta":"","header-main-stick-meta":"","header-below-stick-meta":"","astra-migrate-meta-layouts":"default","ast-page-background-enabled":"default","ast-page-background-meta":{"desktop":{"background-color":"var(--ast-global-color-4)","background-image":"","background-repeat":"repeat","background-position":"center center","background-size":"auto","background-attachment":"scroll","background-type":"","background-media":"","overlay-type":"","overlay-color":"","overlay-opacity":"","overlay-gradient":""},"tablet":{"background-color":"","background-image":"","background-repeat":"repeat","background-position":"center center","background-size":"auto","background-attachment":"scroll","background-type":"","background-media":"","overlay-type":"","overlay-color":"","overlay-opacity":"","overlay-gradient":""},"mobile":{"background-color":"","background-image":"","background-repeat":"repeat","background-position":"center center","background-size":"auto","background-attachment":"scroll","background-type":"","background-media":"","overlay-type":"","overlay-color":"","overlay-opacity":"","overlay-gradient":""}},"ast-content-background-meta":{"desktop":{"background-color":"var(--ast-global-color-5)","background-image":"","background-repeat":"repeat","background-position":"center center","background-size":"auto","background-attachment":"scroll","background-type":"","background-media":"","overlay-type":"","overlay-color":"","overlay-opacity":"","overlay-gradient":""},"tablet":{"background-color":"var(--ast-global-color-5)","background-image":"","background-repeat":"repeat","background-position":"center center","background-size":"auto","background-attachment":"scroll","background-type":"","background-media":"","overlay-type":"","overlay-color":"","overlay-opacity":"","overlay-gradient":""},"mobile":{"background-color":"var(--ast-global-color-5)","background-image":"","background-repeat":"repeat","background-position":"center center","background-size":"auto","background-attachment":"scroll","background-type":"","background-media":"","overlay-type":"","overlay-color":"","overlay-opacity":"","overlay-gradient":""}},"footnotes":""},"categories":[8],"tags":[],"class_list":["post-11414","post","type-post","status-publish","format-standard","has-post-thumbnail","hentry","category-noticias"],"_links":{"self":[{"href":"https:\/\/losperiodistas.com.mx\/portal\/wp-json\/wp\/v2\/posts\/11414","targetHints":{"allow":["GET"]}}],"collection":[{"href":"https:\/\/losperiodistas.com.mx\/portal\/wp-json\/wp\/v2\/posts"}],"about":[{"href":"https:\/\/losperiodistas.com.mx\/portal\/wp-json\/wp\/v2\/types\/post"}],"author":[{"embeddable":true,"href":"https:\/\/losperiodistas.com.mx\/portal\/wp-json\/wp\/v2\/users\/1"}],"replies":[{"embeddable":true,"href":"https:\/\/losperiodistas.com.mx\/portal\/wp-json\/wp\/v2\/comments?post=11414"}],"version-history":[{"count":1,"href":"https:\/\/losperiodistas.com.mx\/portal\/wp-json\/wp\/v2\/posts\/11414\/revisions"}],"predecessor-version":[{"id":11416,"href":"https:\/\/losperiodistas.com.mx\/portal\/wp-json\/wp\/v2\/posts\/11414\/revisions\/11416"}],"wp:featuredmedia":[{"embeddable":true,"href":"https:\/\/losperiodistas.com.mx\/portal\/wp-json\/wp\/v2\/media\/11415"}],"wp:attachment":[{"href":"https:\/\/losperiodistas.com.mx\/portal\/wp-json\/wp\/v2\/media?parent=11414"}],"wp:term":[{"taxonomy":"category","embeddable":true,"href":"https:\/\/losperiodistas.com.mx\/portal\/wp-json\/wp\/v2\/categories?post=11414"},{"taxonomy":"post_tag","embeddable":true,"href":"https:\/\/losperiodistas.com.mx\/portal\/wp-json\/wp\/v2\/tags?post=11414"}],"curies":[{"name":"wp","href":"https:\/\/api.w.org\/{rel}","templated":true}]}}