{"id":114039,"date":"2026-01-04T00:19:31","date_gmt":"2026-01-04T06:19:31","guid":{"rendered":"https:\/\/losperiodistas.com.mx\/portal\/?p=114039"},"modified":"2026-01-04T00:19:32","modified_gmt":"2026-01-04T06:19:32","slug":"como-es-el-volcan-popocatepetl-por-dentro-mexico-logra-imagenes-en-3d-de-su-interior-eldiariomx","status":"publish","type":"post","link":"https:\/\/losperiodistas.com.mx\/portal\/como-es-el-volcan-popocatepetl-por-dentro-mexico-logra-imagenes-en-3d-de-su-interior-eldiariomx\/","title":{"rendered":"\u00bfC\u00f3mo es el volc\u00e1n Popocat\u00e9petl por dentro? M\u00e9xico logra im\u00e1genes en 3D de su interior | ElDiarioMx"},"content":{"rendered":"\n<p>Dentro de un volc\u00e1n activo, todo se mueve: las rocas, el magma, el gas, los acu\u00edferos que pueda haber. Y todo genera se\u00f1ales s\u00edsmicas<\/p>\n\n\n\n<figure class=\"wp-block-image size-large\"><img fetchpriority=\"high\" decoding=\"async\" width=\"1024\" height=\"644\" src=\"https:\/\/losperiodistas.com.mx\/portal\/wp-content\/uploads\/2026\/01\/VolcanPopocatepetl3D-1024x644.png\" alt=\"\" class=\"wp-image-114040\" srcset=\"https:\/\/losperiodistas.com.mx\/portal\/wp-content\/uploads\/2026\/01\/VolcanPopocatepetl3D-1024x644.png 1024w, https:\/\/losperiodistas.com.mx\/portal\/wp-content\/uploads\/2026\/01\/VolcanPopocatepetl3D-300x189.png 300w, https:\/\/losperiodistas.com.mx\/portal\/wp-content\/uploads\/2026\/01\/VolcanPopocatepetl3D-768x483.png 768w, https:\/\/losperiodistas.com.mx\/portal\/wp-content\/uploads\/2026\/01\/VolcanPopocatepetl3D.png 1264w\" sizes=\"(max-width: 1024px) 100vw, 1024px\" \/><\/figure>\n\n\n\n<p class=\"has-vivid-red-color has-text-color has-link-color wp-elements-1cea72e2f1167f156ed79ec47680a60d\">AP<\/p>\n\n\n\n<p>En la oscuridad previa al amanecer, un equipo de cient\u00edficos sube por la ladera de uno de los volcanes m\u00e1s activos del mundo, el Popocat\u00e9petl, cuyas erupciones pueden llegar a afectar a millones de personas.<\/p>\n\n\n\n<p>\u00bfSu misi\u00f3n? Averiguar qu\u00e9 est\u00e1 sucediendo debajo del cr\u00e1ter.<\/p>\n\n\n\n<p>Despu\u00e9s de cinco a\u00f1os de escaladas con kilos de equipo, de arriesgarse a perder datos por el mal tiempo o por el impacto de una explosi\u00f3n volc\u00e1nica y de cientos de jornadas de an\u00e1lisis sismogr\u00e1fico con inteligencia artificial, el grupo de la Universidad Nacional Aut\u00f3noma de M\u00e9xico (UNAM) ha logrado la primera imagen tridimensional del interior del volc\u00e1n. En ella se ve, por ejemplo, d\u00f3nde se acumula el magma, informaci\u00f3n que ayudar\u00e1 a entender mejor la actividad del volc\u00e1n y podr\u00eda contribuir a mejorar los protocolos en casos de emergencia.<\/p>\n\n\n\n<p>Marco Cal\u00f2, profesor del departamento de vulcanolog\u00eda del Instituto de Geof\u00edsica de la UNAM y l\u00edder del proyecto, invit\u00f3 a The Associated Press a la m\u00e1s reciente expedici\u00f3n a este volc\u00e1n de 5.452 metros de altura, la \u00faltima antes de que su investigaci\u00f3n sea publicada.<\/p>\n\n\n\n<h2 class=\"wp-block-heading\">Un subsuelo en movimiento<\/h2>\n\n\n\n<p>Dentro de un volc\u00e1n activo, todo se mueve: las rocas, el magma, el gas, los acu\u00edferos que pueda haber. Y todo genera se\u00f1ales s\u00edsmicas.<\/p>\n\n\n\n<p>La mayor\u00eda de los volcanes con impacto en la sociedad cuentan con im\u00e1genes detalladas de su interior pero no pasaba eso con el Popocat\u00e9petl, aunque en un radio de 100 kil\u00f3metros viven 25 millones de personas \u2014incluidos los habitantes de la capital mexicana\u2014 y hay escuelas, hospitales y cinco aeropuertos que pueden verse afectados por una erupci\u00f3n.<\/p>\n\n\n\n<figure class=\"wp-block-image size-large\"><img decoding=\"async\" width=\"1024\" height=\"576\" src=\"https:\/\/losperiodistas.com.mx\/portal\/wp-content\/uploads\/2026\/01\/imagen-6-1024x576.png\" alt=\"\" class=\"wp-image-114041\" srcset=\"https:\/\/losperiodistas.com.mx\/portal\/wp-content\/uploads\/2026\/01\/imagen-6-1024x576.png 1024w, https:\/\/losperiodistas.com.mx\/portal\/wp-content\/uploads\/2026\/01\/imagen-6-300x169.png 300w, https:\/\/losperiodistas.com.mx\/portal\/wp-content\/uploads\/2026\/01\/imagen-6-768x432.png 768w, https:\/\/losperiodistas.com.mx\/portal\/wp-content\/uploads\/2026\/01\/imagen-6-1536x864.png 1536w, https:\/\/losperiodistas.com.mx\/portal\/wp-content\/uploads\/2026\/01\/imagen-6.png 1920w\" sizes=\"(max-width: 1024px) 100vw, 1024px\" \/><\/figure>\n\n\n\n<p>Sus primeras im\u00e1genes empezaron a generarse hace 15 a\u00f1os pero mostraban resultados contradictorios y no ten\u00edan resoluci\u00f3n suficiente para ver \u201cc\u00f3mo estaba construido el edificio volc\u00e1nico\u201d y sobre todo, d\u00f3nde se acumulaba el magma, se\u00f1ala Cal\u00f2.<\/p>\n\n\n\n<p>Su equipo elev\u00f3 el n\u00famero de sism\u00f3grafos de los 12 que tiene el Centro Nacional de Prevenci\u00f3n de Desastres a 22 para cubrir todo el per\u00edmetro del volc\u00e1n porque, aunque con apenas tres se puede alertar de emergencias, se necesitan muchos m\u00e1s para averiguar las razones de esas emergencias.<\/p>\n\n\n\n<p>Estos aparatos miden las vibraciones del suelo 100 veces por segundo y generan multitud de datos que Karina Bernal, estudiante de doctorado de 33 a\u00f1os y otra de las investigadoras del proyecto, empez\u00f3 a procesar adaptando algoritmos desarrollados para otros volcanes mediante t\u00e9cnicas de inteligencia artificial.<\/p>\n\n\n\n<p>\u201cLe ense\u00f1\u00e9 a la m\u00e1quina los distintos tipos de temblores que hay en el Popo y con esto pudimos construir cat\u00e1logos&#8230; de los distintos tipos de se\u00f1ales s\u00edsmicas que hay\u00bb, explic\u00f3.<\/p>\n\n\n\n<p>Poco a poco los cient\u00edficos empezaron a inferir qu\u00e9 tipo de material hab\u00eda en cada lugar, en qu\u00e9 estado se encontraba y a qu\u00e9 temperatura y profundidad. Posteriormente pudieron graficarlo.<\/p>\n\n\n\n<figure class=\"wp-block-image size-large\"><img decoding=\"async\" width=\"1024\" height=\"429\" src=\"https:\/\/losperiodistas.com.mx\/portal\/wp-content\/uploads\/2026\/01\/imagen-7-1024x429.png\" alt=\"\" class=\"wp-image-114042\" srcset=\"https:\/\/losperiodistas.com.mx\/portal\/wp-content\/uploads\/2026\/01\/imagen-7-1024x429.png 1024w, https:\/\/losperiodistas.com.mx\/portal\/wp-content\/uploads\/2026\/01\/imagen-7-300x126.png 300w, https:\/\/losperiodistas.com.mx\/portal\/wp-content\/uploads\/2026\/01\/imagen-7-768x322.png 768w, https:\/\/losperiodistas.com.mx\/portal\/wp-content\/uploads\/2026\/01\/imagen-7.png 1444w\" sizes=\"(max-width: 1024px) 100vw, 1024px\" \/><\/figure>\n\n\n\n<p>El resultado dista mucho del dibujo de un volc\u00e1n que uno aprende en la escuela, con una chimenea que conecta una c\u00e1mara llena de magma con la superficie.<\/p>\n\n\n\n<p>Esta primera tomograf\u00eda s\u00edsmica tridimensional llega hasta 18km por debajo del cr\u00e1ter y muestra lo que podr\u00edan parecer diversas bolsas de magma a diferentes profundidades, con rocas o material m\u00e1s s\u00f3lido entre ellas, y m\u00e1s numerosas en la zona que se extiende hacia el sureste.<\/p>\n\n\n\n<figure class=\"wp-block-image size-large\"><img loading=\"lazy\" decoding=\"async\" width=\"1024\" height=\"812\" src=\"https:\/\/losperiodistas.com.mx\/portal\/wp-content\/uploads\/2026\/01\/imagen-8-1024x812.png\" alt=\"\" class=\"wp-image-114043\" srcset=\"https:\/\/losperiodistas.com.mx\/portal\/wp-content\/uploads\/2026\/01\/imagen-8-1024x812.png 1024w, https:\/\/losperiodistas.com.mx\/portal\/wp-content\/uploads\/2026\/01\/imagen-8-300x238.png 300w, https:\/\/losperiodistas.com.mx\/portal\/wp-content\/uploads\/2026\/01\/imagen-8-768x609.png 768w, https:\/\/losperiodistas.com.mx\/portal\/wp-content\/uploads\/2026\/01\/imagen-8.png 1311w\" sizes=\"(max-width: 1024px) 100vw, 1024px\" \/><\/figure>\n\n\n\n<h2 class=\"wp-block-heading\">Un gigante \u00abmajestuoso\u00bb<\/h2>\n\n\n\n<p>El Popocat\u00e9petl surgi\u00f3 en el cr\u00e1ter de otros volcanes con su forma actual hace m\u00e1s de 20.000 a\u00f1os y permanece activo desde 1994 con fumarolas y explosiones de gas o ceniza m\u00e1s o menos fuertes casi diarias. Cuando se detienen, puede estar form\u00e1ndose un domo que tapa la chimenea y que acaba destruy\u00e9ndose, lo que origina una erupci\u00f3n. La \u00faltima fue en 2023.<\/p>\n\n\n\n<p>Cal\u00f2, siciliano de 46 a\u00f1os, se apasiona hablando del Popo, como le llaman los mexicanos.<\/p>\n\n\n\n<p>Explica que, como todo volc\u00e1n activo, puede tener cambios en su altura por las erupciones. Cuenta que tuvo su \u00abpeque\u00f1a Pompeya\u00bb cuando en el siglo I la localidad de Tetimpa que estaba a sus faldas qued\u00f3 enterrada bajo las cenizas. C\u00f3mo a principios del siglo XX, fue la acci\u00f3n del hombre \u2014el uso de dinamita para extraer azufre del cr\u00e1ter\u2014 lo que provoc\u00f3 una erupci\u00f3n. O c\u00f3mo pese a ser uno de los volcanes que m\u00e1s gases contaminantes lanza, sus emisiones suponen tan solo una m\u00ednima fracci\u00f3n de las que genera la vecina Ciudad de M\u00e9xico.<\/p>\n\n\n\n<figure class=\"wp-block-image size-large\"><img loading=\"lazy\" decoding=\"async\" width=\"1024\" height=\"682\" src=\"https:\/\/losperiodistas.com.mx\/portal\/wp-content\/uploads\/2026\/01\/imagen-9-1024x682.png\" alt=\"\" class=\"wp-image-114044\" srcset=\"https:\/\/losperiodistas.com.mx\/portal\/wp-content\/uploads\/2026\/01\/imagen-9-1024x682.png 1024w, https:\/\/losperiodistas.com.mx\/portal\/wp-content\/uploads\/2026\/01\/imagen-9-300x200.png 300w, https:\/\/losperiodistas.com.mx\/portal\/wp-content\/uploads\/2026\/01\/imagen-9-768x512.png 768w, https:\/\/losperiodistas.com.mx\/portal\/wp-content\/uploads\/2026\/01\/imagen-9-1536x1024.png 1536w, https:\/\/losperiodistas.com.mx\/portal\/wp-content\/uploads\/2026\/01\/imagen-9.png 2000w\" sizes=\"(max-width: 1024px) 100vw, 1024px\" \/><figcaption class=\"wp-element-caption\">Marco Cal\u00f2, geof\u00edsico de la Universidad Nacional Aut\u00f3noma de M\u00e9xico, recopila informaci\u00f3n de una estaci\u00f3n de monitoreo en las laderas del volc\u00e1n Popocat\u00e9petl<\/figcaption><\/figure>\n\n\n\n<figure class=\"wp-block-image size-large\"><img loading=\"lazy\" decoding=\"async\" width=\"1024\" height=\"427\" src=\"https:\/\/losperiodistas.com.mx\/portal\/wp-content\/uploads\/2026\/01\/imagen-10-1024x427.png\" alt=\"\" class=\"wp-image-114045\" srcset=\"https:\/\/losperiodistas.com.mx\/portal\/wp-content\/uploads\/2026\/01\/imagen-10-1024x427.png 1024w, https:\/\/losperiodistas.com.mx\/portal\/wp-content\/uploads\/2026\/01\/imagen-10-300x125.png 300w, https:\/\/losperiodistas.com.mx\/portal\/wp-content\/uploads\/2026\/01\/imagen-10-768x320.png 768w, https:\/\/losperiodistas.com.mx\/portal\/wp-content\/uploads\/2026\/01\/imagen-10.png 1455w\" sizes=\"(max-width: 1024px) 100vw, 1024px\" \/><\/figure>\n\n\n\n<p>Durante a\u00f1os Cal\u00f2 estudi\u00f3 la sismicidad de los volcanes desde su computadora, algo que le produc\u00eda la \u201cdecepci\u00f3n\u201d de un cient\u00edfico que busca \u201centender c\u00f3mo funciona algo sin poderlo tocar\u201d.<\/p>\n\n\n\n<p>Eso cambi\u00f3 con el Popocat\u00e9petl, un volc\u00e1n que no duda en calificar de \u201cmajestuoso\u201d.<\/p>\n\n\n\n<figure class=\"wp-block-image size-large\"><img loading=\"lazy\" decoding=\"async\" width=\"1024\" height=\"576\" src=\"https:\/\/losperiodistas.com.mx\/portal\/wp-content\/uploads\/2026\/01\/imagen-11-1024x576.png\" alt=\"\" class=\"wp-image-114046\" srcset=\"https:\/\/losperiodistas.com.mx\/portal\/wp-content\/uploads\/2026\/01\/imagen-11-1024x576.png 1024w, https:\/\/losperiodistas.com.mx\/portal\/wp-content\/uploads\/2026\/01\/imagen-11-300x169.png 300w, https:\/\/losperiodistas.com.mx\/portal\/wp-content\/uploads\/2026\/01\/imagen-11-768x432.png 768w, https:\/\/losperiodistas.com.mx\/portal\/wp-content\/uploads\/2026\/01\/imagen-11-1536x864.png 1536w, https:\/\/losperiodistas.com.mx\/portal\/wp-content\/uploads\/2026\/01\/imagen-11.png 1920w\" sizes=\"(max-width: 1024px) 100vw, 1024px\" \/><\/figure>\n\n\n\n<h2 class=\"wp-block-heading\">Sentir el volc\u00e1n para estudiarlo mejor<\/h2>\n\n\n\n<p>Despu\u00e9s de varias horas de ascenso, el grupo instala el campamento entre pinos. La alta vegetaci\u00f3n demuestra que las explosiones no suelen llegar a este lugar y que es una zona segura para que el cuerpo se aclimate a los 3.800 metros de altura.<\/p>\n\n\n\n<p>A diez minutos termina el bosque y los peque\u00f1os matorrales entre la ceniza van desapareciendo poco a poco.<\/p>\n\n\n\n<p>Hay que cruzar un lahar, una lengua de piedras y ceniza que baja desde el cr\u00e1ter y se pierde monta\u00f1a abajo. En \u00e9poca de lluvias se convierte en un peligroso r\u00edo de sedimentos que arrastra todo a su paso. Ahora est\u00e1 seco y es un espectacular mirador volc\u00e1nico: hacia el este despunta el pico de Orizaba \u2014el volc\u00e1n y la monta\u00f1a m\u00e1s alta de M\u00e9xico\u2014 y el inactivo volc\u00e1n La Malinche; al norte, el Iztacc\u00edhuatl, tambi\u00e9n inactivo y conocido como \u201cla mujer dormida\u201d.<\/p>\n\n\n\n<figure class=\"wp-block-image size-large\"><img loading=\"lazy\" decoding=\"async\" width=\"1024\" height=\"576\" src=\"https:\/\/losperiodistas.com.mx\/portal\/wp-content\/uploads\/2026\/01\/imagen-12-1024x576.png\" alt=\"\" class=\"wp-image-114047\" srcset=\"https:\/\/losperiodistas.com.mx\/portal\/wp-content\/uploads\/2026\/01\/imagen-12-1024x576.png 1024w, https:\/\/losperiodistas.com.mx\/portal\/wp-content\/uploads\/2026\/01\/imagen-12-300x169.png 300w, https:\/\/losperiodistas.com.mx\/portal\/wp-content\/uploads\/2026\/01\/imagen-12-768x432.png 768w, https:\/\/losperiodistas.com.mx\/portal\/wp-content\/uploads\/2026\/01\/imagen-12-1536x864.png 1536w, https:\/\/losperiodistas.com.mx\/portal\/wp-content\/uploads\/2026\/01\/imagen-12.png 2000w\" sizes=\"(max-width: 1024px) 100vw, 1024px\" \/><\/figure>\n\n\n\n<p>Los sonidos del Popocat\u00e9petl, que parece jugar con el visitante debido al eco, se multiplican en el silencio de la noche. Uno gira hacia el horizonte al escuchar un \u2018pum\u2019 que bien podr\u00eda ser un cohete, pero al regresar la vista al cr\u00e1ter entiende el origen de la explosi\u00f3n: ah\u00ed est\u00e1 la fumarola.<\/p>\n\n\n\n<p>Suena tambi\u00e9n la vibraci\u00f3n del suelo si llega un peque\u00f1o sismo o el caer de la ceniza como si fuera lluvia los d\u00edas de exhalaciones fuertes, cuenta Karina Rodr\u00edguez, estudiante de maestr\u00eda de 26 a\u00f1os y parte del equipo cient\u00edfico, que disfruta tanto analizando ondas s\u00edsmicas como sintiendo el volc\u00e1n en cada ascenso.<\/p>\n\n\n\n<p>En noches oscuras, un resplandor naranja ilumina el cr\u00e1ter.<\/p>\n\n\n\n<h2 class=\"wp-block-heading\">Un laboratorio natural<\/h2>\n\n\n\n<p>Conocer de cerca el volc\u00e1n ofrece una percepci\u00f3n mucho m\u00e1s objetiva de los l\u00edmites que pueden tener los datos y del reto log\u00edstico de obtenerlos, asegura Cal\u00f2.<\/p>\n\n\n\n<p>\u201cAqu\u00ed tenemos un laboratorio natural&#8230; muy importante para poder entender y dar a la poblaci\u00f3n informaci\u00f3n detallada, confiable sobre lo que est\u00e1 pasando dentro del volc\u00e1n\u201d, agrega.<\/p>\n\n\n\n<p>A los 4.200 metros, las mochilas cargadas con computadoras, aparatos de an\u00e1lisis de gases, bater\u00edas y agua, parecen pesar m\u00e1s, aunque esta vez no llevan los 50kg que implica instalar una estaci\u00f3n nueva.<\/p>\n\n\n\n<p>El paso se ralentiza. La ceniza cada vez m\u00e1s oscura y caliente cubre ya pr\u00e1cticamente toda la ladera.<\/p>\n\n\n\n<figure class=\"wp-block-image size-large\"><img loading=\"lazy\" decoding=\"async\" width=\"1024\" height=\"429\" src=\"https:\/\/losperiodistas.com.mx\/portal\/wp-content\/uploads\/2026\/01\/imagen-13-1024x429.png\" alt=\"\" class=\"wp-image-114048\" srcset=\"https:\/\/losperiodistas.com.mx\/portal\/wp-content\/uploads\/2026\/01\/imagen-13-1024x429.png 1024w, https:\/\/losperiodistas.com.mx\/portal\/wp-content\/uploads\/2026\/01\/imagen-13-300x126.png 300w, https:\/\/losperiodistas.com.mx\/portal\/wp-content\/uploads\/2026\/01\/imagen-13-768x321.png 768w, https:\/\/losperiodistas.com.mx\/portal\/wp-content\/uploads\/2026\/01\/imagen-13.png 1467w\" sizes=\"(max-width: 1024px) 100vw, 1024px\" \/><\/figure>\n\n\n\n<p>Al llegar a cada estaci\u00f3n sismogr\u00e1fica, el equipo la desentierra, celebra si est\u00e1 encendida, confirma que el panel solar funcione, descarga los datos y la vuelve a enterrar, para evitar robos.<\/p>\n\n\n\n<p>Una \u201cbomba volc\u00e1nica\u201d, una roca de metro y medio de di\u00e1metro y varias toneladas expulsada del interior del volc\u00e1n, marca el camino y da una idea de lo que puede significar el inicio de una erupci\u00f3n. Por eso la zona est\u00e1 restringida aunque no faltan irresponsabilidades. En 2022 una persona muri\u00f3 por el impacto de una roca a 300 metros del cr\u00e1ter.<\/p>\n\n\n\n<p>Una botella de tequila cerca de una hondonada con una formaci\u00f3n rocosa en medio \u2014el \u201cOmbligo del Popo\u201d\u2014 es el rastro de una de diversas tradiciones en torno al volc\u00e1n, las peregrinaciones anuales al punto considerado una conexi\u00f3n con el inframundo.<\/p>\n\n\n\n<h2 class=\"wp-block-heading\">La ilusi\u00f3n que alimenta los proyectos<\/h2>\n\n\n\n<p>Al desenterrar una de las \u00faltimas estaciones, la cara de Cal\u00f2 cambia. Los \u00faltimos datos registrados son de hace mes. Fall\u00f3 la bater\u00eda pero la cambian con la que cargan en una de las mochilas. Otras veces los ratones se comen los cables. O el sism\u00f3grafo es alcanzado por una explosi\u00f3n y el da\u00f1o es mayor.<\/p>\n\n\n\n<p>El proyecto ha dado algunas certezas y si se repite en el tiempo permitir\u00e1 analizar cambios que ayudar\u00edan a las autoridades a tomar mejores decisiones ante posibles erupciones.<\/p>\n\n\n\n<p>Pero Cal\u00f2 asegura que, como ocurre siempre en ciencia, tambi\u00e9n ha generado nuevas preguntas que hay que intentar aclarar, por ejemplo, saber por qu\u00e9 los sismos son m\u00e1s abundantes en la zona sureste del cr\u00e1ter \u2014donde se acumula m\u00e1s magma\u2014 y las implicaciones que eso tiene.<\/p>\n\n\n\n<p>Esta es la \u00faltima expedici\u00f3n antes de que el trabajo de los \u00faltimos a\u00f1os quede publicado y ver la imagen del volc\u00e1n en 3D moverse en la computadora emociona al equipo y da sentido a todo el esfuerzo.<\/p>\n\n\n\n<p>Rodr\u00edguez, la estudiante de maestr\u00eda, lo resume en una frase: \u201cEs lo que te anima a empezar otro proyecto y seguir subiendo\u201d.<\/p>\n\n\n\n<p>Fuente: <a href=\"https:\/\/diario.mx\/nacional\/2025\/dec\/30\/como-es-el-volcan-popocatepetl-por-dentro-mexico-logra-imagenes-en-3d-de-su-interior-1099708.html\" target=\"_blank\" rel=\"noreferrer noopener\">El Diario Mx<\/a><\/p>\n","protected":false},"excerpt":{"rendered":"<p>Dentro de un volc\u00e1n activo, todo se mueve: las rocas, el magma, el gas, los acu\u00edferos que pueda haber. Y todo genera se\u00f1ales s\u00edsmicas<\/p>\n","protected":false},"author":1,"featured_media":114040,"comment_status":"open","ping_status":"open","sticky":false,"template":"","format":"standard","meta":{"site-sidebar-layout":"default","site-content-layout":"","ast-site-content-layout":"default","site-content-style":"default","site-sidebar-style":"default","ast-global-header-display":"","ast-banner-title-visibility":"","ast-main-header-display":"","ast-hfb-above-header-display":"","ast-hfb-below-header-display":"","ast-hfb-mobile-header-display":"","site-post-title":"","ast-breadcrumbs-content":"","ast-featured-img":"","footer-sml-layout":"","theme-transparent-header-meta":"","adv-header-id-meta":"","stick-header-meta":"","header-above-stick-meta":"","header-main-stick-meta":"","header-below-stick-meta":"","astra-migrate-meta-layouts":"default","ast-page-background-enabled":"default","ast-page-background-meta":{"desktop":{"background-color":"var(--ast-global-color-4)","background-image":"","background-repeat":"repeat","background-position":"center center","background-size":"auto","background-attachment":"scroll","background-type":"","background-media":"","overlay-type":"","overlay-color":"","overlay-opacity":"","overlay-gradient":""},"tablet":{"background-color":"","background-image":"","background-repeat":"repeat","background-position":"center center","background-size":"auto","background-attachment":"scroll","background-type":"","background-media":"","overlay-type":"","overlay-color":"","overlay-opacity":"","overlay-gradient":""},"mobile":{"background-color":"","background-image":"","background-repeat":"repeat","background-position":"center center","background-size":"auto","background-attachment":"scroll","background-type":"","background-media":"","overlay-type":"","overlay-color":"","overlay-opacity":"","overlay-gradient":""}},"ast-content-background-meta":{"desktop":{"background-color":"var(--ast-global-color-5)","background-image":"","background-repeat":"repeat","background-position":"center center","background-size":"auto","background-attachment":"scroll","background-type":"","background-media":"","overlay-type":"","overlay-color":"","overlay-opacity":"","overlay-gradient":""},"tablet":{"background-color":"var(--ast-global-color-5)","background-image":"","background-repeat":"repeat","background-position":"center center","background-size":"auto","background-attachment":"scroll","background-type":"","background-media":"","overlay-type":"","overlay-color":"","overlay-opacity":"","overlay-gradient":""},"mobile":{"background-color":"var(--ast-global-color-5)","background-image":"","background-repeat":"repeat","background-position":"center center","background-size":"auto","background-attachment":"scroll","background-type":"","background-media":"","overlay-type":"","overlay-color":"","overlay-opacity":"","overlay-gradient":""}},"footnotes":""},"categories":[8],"tags":[45066,2193,2672,14737],"class_list":["post-114039","post","type-post","status-publish","format-standard","has-post-thumbnail","hentry","category-noticias","tag-imagenes-3d","tag-mexico","tag-unam","tag-volcan-popocatepetl"],"_links":{"self":[{"href":"https:\/\/losperiodistas.com.mx\/portal\/wp-json\/wp\/v2\/posts\/114039","targetHints":{"allow":["GET"]}}],"collection":[{"href":"https:\/\/losperiodistas.com.mx\/portal\/wp-json\/wp\/v2\/posts"}],"about":[{"href":"https:\/\/losperiodistas.com.mx\/portal\/wp-json\/wp\/v2\/types\/post"}],"author":[{"embeddable":true,"href":"https:\/\/losperiodistas.com.mx\/portal\/wp-json\/wp\/v2\/users\/1"}],"replies":[{"embeddable":true,"href":"https:\/\/losperiodistas.com.mx\/portal\/wp-json\/wp\/v2\/comments?post=114039"}],"version-history":[{"count":1,"href":"https:\/\/losperiodistas.com.mx\/portal\/wp-json\/wp\/v2\/posts\/114039\/revisions"}],"predecessor-version":[{"id":114049,"href":"https:\/\/losperiodistas.com.mx\/portal\/wp-json\/wp\/v2\/posts\/114039\/revisions\/114049"}],"wp:featuredmedia":[{"embeddable":true,"href":"https:\/\/losperiodistas.com.mx\/portal\/wp-json\/wp\/v2\/media\/114040"}],"wp:attachment":[{"href":"https:\/\/losperiodistas.com.mx\/portal\/wp-json\/wp\/v2\/media?parent=114039"}],"wp:term":[{"taxonomy":"category","embeddable":true,"href":"https:\/\/losperiodistas.com.mx\/portal\/wp-json\/wp\/v2\/categories?post=114039"},{"taxonomy":"post_tag","embeddable":true,"href":"https:\/\/losperiodistas.com.mx\/portal\/wp-json\/wp\/v2\/tags?post=114039"}],"curies":[{"name":"wp","href":"https:\/\/api.w.org\/{rel}","templated":true}]}}