{"id":114034,"date":"2026-01-04T00:06:02","date_gmt":"2026-01-04T06:06:02","guid":{"rendered":"https:\/\/losperiodistas.com.mx\/portal\/?p=114034"},"modified":"2026-01-04T00:06:03","modified_gmt":"2026-01-04T06:06:03","slug":"trump-descarta-que-captura-de-maduro-sea-un-mensaje-a-mexico-pero-pide-accion-contra-carteles-animal-politico","status":"publish","type":"post","link":"https:\/\/losperiodistas.com.mx\/portal\/trump-descarta-que-captura-de-maduro-sea-un-mensaje-a-mexico-pero-pide-accion-contra-carteles-animal-politico\/","title":{"rendered":"Trump descarta que captura de Maduro sea un mensaje a M\u00e9xico, pero pide acci\u00f3n contra c\u00e1rteles | Animal Pol\u00edtico"},"content":{"rendered":"\n<p>El presidente Donald Trump dijo que Sheinbaum es una buena mujer, pero que los c\u00e1rteles controlan M\u00e9xico; \u00abella no controla M\u00e9xico\u00bb, se\u00f1al\u00f3.<\/p>\n\n\n\n<figure class=\"wp-block-image size-large\"><img fetchpriority=\"high\" decoding=\"async\" width=\"1024\" height=\"682\" src=\"https:\/\/losperiodistas.com.mx\/portal\/wp-content\/uploads\/2026\/01\/trump-captura-maduro-mensaje-mexico-carteles-1024x682.png\" alt=\"\" class=\"wp-image-114037\" srcset=\"https:\/\/losperiodistas.com.mx\/portal\/wp-content\/uploads\/2026\/01\/trump-captura-maduro-mensaje-mexico-carteles-1024x682.png 1024w, https:\/\/losperiodistas.com.mx\/portal\/wp-content\/uploads\/2026\/01\/trump-captura-maduro-mensaje-mexico-carteles-300x200.png 300w, https:\/\/losperiodistas.com.mx\/portal\/wp-content\/uploads\/2026\/01\/trump-captura-maduro-mensaje-mexico-carteles-768x512.png 768w, https:\/\/losperiodistas.com.mx\/portal\/wp-content\/uploads\/2026\/01\/trump-captura-maduro-mensaje-mexico-carteles.png 1193w\" sizes=\"(max-width: 1024px) 100vw, 1024px\" \/><figcaption class=\"wp-element-caption\">El presidente estadounidense, Donald Trump<\/figcaption><\/figure>\n\n\n\n<p class=\"has-vivid-red-color has-text-color has-link-color wp-elements-dd5bfddc533c35fe1b7849bcb5106678\">Redacci\u00f3n \/ Animal Pol\u00edtico<\/p>\n\n\n\n<p>El presidente estadounidense, Donald Trump, descart\u00f3 este s\u00e1bado que la captura del l\u00edder venezolano, Nicol\u00e1s Maduro, y su esposa sean un mensaje dirigido a M\u00e9xico, pero pidi\u00f3 \u201chacer algo\u201d contra los c\u00e1rteles en el pa\u00eds vecino.<\/p>\n\n\n\n<p>Trump anunci\u00f3 este s\u00e1bado la captura de Maduro y su esposa, Cilia Flores, por fuerzas especiales, tras una serie de ataques en Venezuela, y su presentaci\u00f3n ante la justicia en Nueva York, donde el mandatario venezolano enfrenta cargos de narcotr\u00e1fico, terrorismo y contrabando de armas desde 2020.<\/p>\n\n\n\n<p>Preguntado sobre si la operaci\u00f3n, que oficialmente se sald\u00f3 sin ning\u00fan estadounidense muerto, era un mensaje tambi\u00e9n a M\u00e9xico, por donde entra la mayor parte de las drogas a Estados Unidos, Trump contest\u00f3: \u201cNo era esa la intenci\u00f3n\u201d.<\/p>\n\n\n\n<p>\u201cSomos muy amigos de ella\u201d, a\u00f1adi\u00f3 la presidenta Claudia Sheinbaum.<\/p>\n\n\n\n<p>\u201cEs una buena mujer, pero los c\u00e1rteles controlan M\u00e9xico. Ella no controla M\u00e9xico\u201d.<\/p>\n\n\n\n<h2 class=\"wp-block-heading\">M\u00e9xico acusa a EU del flujo de drogas y armas<\/h2>\n\n\n\n<p>M\u00e9xico acusa a Estados Unidos de atraer ese<strong> flujo de drogas<\/strong> para ser el mayor mercado consumidor en el mundo, adem\u00e1s de permitir el <strong>paso ilegal de un gran n\u00famero de armas<\/strong> para el crimen organizado.<\/p>\n\n\n\n<p>\u201cLe he pedido muchas veces, \u00bfquiere que nos encarguemos de los c\u00e1rteles? y ella me dice, no, no, se\u00f1or presidente\u201d, explic\u00f3.<\/p>\n\n\n\n<p>\u201cAs\u00ed que tenemos que hacer algo, porque en mi opini\u00f3n el n\u00famero real de muertos [por consumo de drogas] es de 300.000 al a\u00f1o\u201d, asever\u00f3 Trump.<\/p>\n\n\n\n<p>Fuente: <a href=\"https:\/\/animalpolitico.com\/internacional\/trump-captura-maduro-mensaje-mexico-carteles-sheinbaum\" target=\"_blank\" rel=\"noreferrer noopener\">Animal Pol\u00edtico<\/a><\/p>\n","protected":false},"excerpt":{"rendered":"<p>El presidente Donald Trump dijo que Sheinbaum es una buena mujer, pero que los c\u00e1rteles controlan M\u00e9xico; \u00abella no controla M\u00e9xico\u00bb, se\u00f1al\u00f3. <\/p>\n","protected":false},"author":1,"featured_media":114037,"comment_status":"open","ping_status":"open","sticky":false,"template":"","format":"standard","meta":{"site-sidebar-layout":"default","site-content-layout":"","ast-site-content-layout":"default","site-content-style":"default","site-sidebar-style":"default","ast-global-header-display":"","ast-banner-title-visibility":"","ast-main-header-display":"","ast-hfb-above-header-display":"","ast-hfb-below-header-display":"","ast-hfb-mobile-header-display":"","site-post-title":"","ast-breadcrumbs-content":"","ast-featured-img":"","footer-sml-layout":"","theme-transparent-header-meta":"","adv-header-id-meta":"","stick-header-meta":"","header-above-stick-meta":"","header-main-stick-meta":"","header-below-stick-meta":"","astra-migrate-meta-layouts":"default","ast-page-background-enabled":"default","ast-page-background-meta":{"desktop":{"background-color":"var(--ast-global-color-4)","background-image":"","background-repeat":"repeat","background-position":"center center","background-size":"auto","background-attachment":"scroll","background-type":"","background-media":"","overlay-type":"","overlay-color":"","overlay-opacity":"","overlay-gradient":""},"tablet":{"background-color":"","background-image":"","background-repeat":"repeat","background-position":"center center","background-size":"auto","background-attachment":"scroll","background-type":"","background-media":"","overlay-type":"","overlay-color":"","overlay-opacity":"","overlay-gradient":""},"mobile":{"background-color":"","background-image":"","background-repeat":"repeat","background-position":"center center","background-size":"auto","background-attachment":"scroll","background-type":"","background-media":"","overlay-type":"","overlay-color":"","overlay-opacity":"","overlay-gradient":""}},"ast-content-background-meta":{"desktop":{"background-color":"var(--ast-global-color-5)","background-image":"","background-repeat":"repeat","background-position":"center center","background-size":"auto","background-attachment":"scroll","background-type":"","background-media":"","overlay-type":"","overlay-color":"","overlay-opacity":"","overlay-gradient":""},"tablet":{"background-color":"var(--ast-global-color-5)","background-image":"","background-repeat":"repeat","background-position":"center center","background-size":"auto","background-attachment":"scroll","background-type":"","background-media":"","overlay-type":"","overlay-color":"","overlay-opacity":"","overlay-gradient":""},"mobile":{"background-color":"var(--ast-global-color-5)","background-image":"","background-repeat":"repeat","background-position":"center center","background-size":"auto","background-attachment":"scroll","background-type":"","background-media":"","overlay-type":"","overlay-color":"","overlay-opacity":"","overlay-gradient":""}},"footnotes":""},"categories":[8],"tags":[31874,5257,45065,18706],"class_list":["post-114034","post","type-post","status-publish","format-standard","has-post-thumbnail","hentry","category-noticias","tag-carteles","tag-donald-trump","tag-mensaje-a-mexico","tag-sheibaum"],"_links":{"self":[{"href":"https:\/\/losperiodistas.com.mx\/portal\/wp-json\/wp\/v2\/posts\/114034","targetHints":{"allow":["GET"]}}],"collection":[{"href":"https:\/\/losperiodistas.com.mx\/portal\/wp-json\/wp\/v2\/posts"}],"about":[{"href":"https:\/\/losperiodistas.com.mx\/portal\/wp-json\/wp\/v2\/types\/post"}],"author":[{"embeddable":true,"href":"https:\/\/losperiodistas.com.mx\/portal\/wp-json\/wp\/v2\/users\/1"}],"replies":[{"embeddable":true,"href":"https:\/\/losperiodistas.com.mx\/portal\/wp-json\/wp\/v2\/comments?post=114034"}],"version-history":[{"count":2,"href":"https:\/\/losperiodistas.com.mx\/portal\/wp-json\/wp\/v2\/posts\/114034\/revisions"}],"predecessor-version":[{"id":114038,"href":"https:\/\/losperiodistas.com.mx\/portal\/wp-json\/wp\/v2\/posts\/114034\/revisions\/114038"}],"wp:featuredmedia":[{"embeddable":true,"href":"https:\/\/losperiodistas.com.mx\/portal\/wp-json\/wp\/v2\/media\/114037"}],"wp:attachment":[{"href":"https:\/\/losperiodistas.com.mx\/portal\/wp-json\/wp\/v2\/media?parent=114034"}],"wp:term":[{"taxonomy":"category","embeddable":true,"href":"https:\/\/losperiodistas.com.mx\/portal\/wp-json\/wp\/v2\/categories?post=114034"},{"taxonomy":"post_tag","embeddable":true,"href":"https:\/\/losperiodistas.com.mx\/portal\/wp-json\/wp\/v2\/tags?post=114034"}],"curies":[{"name":"wp","href":"https:\/\/api.w.org\/{rel}","templated":true}]}}