{"id":114031,"date":"2026-01-03T23:45:48","date_gmt":"2026-01-04T05:45:48","guid":{"rendered":"https:\/\/losperiodistas.com.mx\/portal\/?p=114031"},"modified":"2026-01-03T23:52:43","modified_gmt":"2026-01-04T05:52:43","slug":"delcy-rodriguez-la-numero-2-de-maduro-sera-presidenta-encargada-de-venezuela","status":"publish","type":"post","link":"https:\/\/losperiodistas.com.mx\/portal\/delcy-rodriguez-la-numero-2-de-maduro-sera-presidenta-encargada-de-venezuela\/","title":{"rendered":"Delcy Rodr\u00edguez, la n\u00famero 2 de Maduro ser\u00e1 \u2018presidenta encargada\u2019 de Venezuela \u00bfQui\u00e9n es ella? | EF"},"content":{"rendered":"\n<p>Tras la captura de Nicol\u00e1s Maduro, el Tribunal Supremo de Justicia de Venezuela determin\u00f3 que Delcy Rodr\u00edguez asuma, de forma interina, la Presidencia a partir de este s\u00e1bado.<\/p>\n\n\n\n<figure class=\"wp-block-image size-large\"><img fetchpriority=\"high\" decoding=\"async\" width=\"1024\" height=\"576\" src=\"https:\/\/losperiodistas.com.mx\/portal\/wp-content\/uploads\/2026\/01\/VicepresidentaVenezuela-1024x576.png\" alt=\"\" class=\"wp-image-114032\" srcset=\"https:\/\/losperiodistas.com.mx\/portal\/wp-content\/uploads\/2026\/01\/VicepresidentaVenezuela-1024x576.png 1024w, https:\/\/losperiodistas.com.mx\/portal\/wp-content\/uploads\/2026\/01\/VicepresidentaVenezuela-300x169.png 300w, https:\/\/losperiodistas.com.mx\/portal\/wp-content\/uploads\/2026\/01\/VicepresidentaVenezuela-768x432.png 768w, https:\/\/losperiodistas.com.mx\/portal\/wp-content\/uploads\/2026\/01\/VicepresidentaVenezuela.png 1358w\" sizes=\"(max-width: 1024px) 100vw, 1024px\" \/><figcaption class=\"wp-element-caption\">La vicepresidenta de Venezuela, Delcy Rodr\u00edguez, participa en conversaciones con el ministro de Relaciones Exteriores de Rusia. (Pavel Golovkin\/AP) <\/figcaption><\/figure>\n\n\n\n<p class=\"has-vivid-red-color has-text-color has-link-color wp-elements-ec1aec68ec65d673574e7f68ac157d9a\">Redacci\u00f3n \/ EF<\/p>\n\n\n\n<p>Tras la captura del presidente Nicol\u00e1s Maduro, que ya fue trasladado a Nueva York, en medio de un \u201cataque a gran escala\u201d en Caracas, queda un \u2018vac\u00edo de poder\u2019 que provoca que se haga la siguiente pregunta: \u00bfQui\u00e9n gobierna en Venezuela?<\/p>\n\n\n\n<p>La vicepresidenta <strong>Delcy Rodr\u00edguez<\/strong>, una figura prominente de la revoluci\u00f3n socialista venezolana y cercana colaboradora de <strong>Nicol\u00e1s Maduro<\/strong>, encabezar\u00e1, <strong>a partir de este s\u00e1bado y de forma temporal<\/strong>, la administraci\u00f3n como presidenta interina, de acuerdo con la Constituci\u00f3n de Venezuela.<\/p>\n\n\n\n<p>El <strong>Tribunal Supremo de Justicia de Venezuela<\/strong> resolvi\u00f3 que<strong> Rodr\u00edguez<\/strong> deber\u00e1 asumir y ejercer, en calidad de encargada, todas las atribuciones, deberes y facultades propias de la Presidencia, con el objetivo de <strong>asegurar la continuidad administrativa del Estado y la defensa integral de la naci\u00f3n<\/strong> tras los bombardeos en Caracas.<\/p>\n\n\n\n<h2 class=\"wp-block-heading\">\u00bfQu\u00e9 dice la Constituci\u00f3n de Venezuela sobre \u2018ausencia absoluta\u2019 del presidente?<\/h2>\n\n\n\n<p>La Carta Magna de Venezuela dice que si se da esa situaci\u00f3n y <strong>no han transcurrido los primeros cuatro a\u00f1os de su sexenio<\/strong>, el vicepresidente es quien debe encargarse de la Presidencia.<\/p>\n\n\n\n<p>Esta situaci\u00f3n se cumple con Nicol\u00e1s Maduro, capturado en el operativo \u2018Resoluci\u00f3n Absoluta\u2019, pues <strong>el sucesor de Hugo Ch\u00e1vez<\/strong> inici\u00f3 un nuevo periodo como presidente el 10 de enero de 2024 para un tercer sexenio.<\/p>\n\n\n\n<p>La Constituci\u00f3n de Venezuela tambi\u00e9n establece que se debe hacer<strong> una nueva elecci\u00f3n presidencial<\/strong> dentro de los treinta d\u00edas consecutivos siguientes a la falta absoluta del titular del Ejecutivo. En el caso de Venezuela, esto ser\u00eda en<strong> la primera semana de febrero<\/strong>.<\/p>\n\n\n\n<figure class=\"wp-block-embed is-type-video is-provider-youtube wp-block-embed-youtube wp-embed-aspect-16-9 wp-has-aspect-ratio\"><div class=\"wp-block-embed__wrapper\">\n<iframe title=\"\u201cNOS HAN ATACADO, PERO NO NOS DOBLEGAR\u00c1N\u201d: Ministro de Defensa de Venezuela\" width=\"500\" height=\"281\" src=\"https:\/\/www.youtube.com\/embed\/VV6WSY1URR4?feature=oembed\" frameborder=\"0\" allow=\"accelerometer; autoplay; clipboard-write; encrypted-media; gyroscope; picture-in-picture; web-share\" referrerpolicy=\"strict-origin-when-cross-origin\" allowfullscreen><\/iframe>\n<\/div><\/figure>\n\n\n\n<h2 class=\"wp-block-heading\">\u00bfPor qu\u00e9 el arresto de Nicol\u00e1s Maduro puede crear una crisis constitucional en Venezuela?<\/h2>\n\n\n\n<p>Sin embargo, la situaci\u00f3n legal en Venezuela tras la salida abrupta de Maduro, quien fue vendado y esposado por fuerzas de EU, deja dudas sobre c\u00f3mo se aplica la Constituci\u00f3n.<\/p>\n\n\n\n<p>La ausencia absoluta por arresto a manos de Fuerzas Armadas de otro pa\u00eds no figura expresamente en la Constituci\u00f3n, por lo que fue necesaria la intervenci\u00f3n del Tribunal Supremo de Justicia.<\/p>\n\n\n\n<p>El m\u00e1ximo tribunal de justicia de Venezuela est\u00e1 integrado por magistrados que en su mayor\u00eda son exfuncionarios oficialistas.<\/p>\n\n\n\n<p>Tampoco hay certeza de que la \u201cpresidenta encargada\u201d efectivamente dirija el gobierno. \u201cVamos a gobernar ese pa\u00eds (Venezuela) hasta que podamos tener <strong>una transici\u00f3n segura, apropiada y legal<\/strong>\u201d, afirm\u00f3 Trump cuando habl\u00f3 ante los medios en su residencia de Mar-a-Lago.<\/p>\n\n\n\n<p>Maduro fue extraditado de Venezuela luego de meses de creciente presi\u00f3n en su contra por parte de Washington, en una operaci\u00f3n que despert\u00f3 a residentes de Caracas durante la madrugada de este s\u00e1bado 3 de enero.<\/p>\n\n\n\n<p>Trump afirm\u00f3 que Delcy Rodr\u00edguez ya hab\u00eda sido juramentada como presidenta de Venezuela, seg\u00fan la transferencia de poder delineada en la constituci\u00f3n.<\/p>\n\n\n\n<p>En su discurso televisado, horas antes de su nombramiento, <strong>Delcy Rodr\u00edguez no se declar\u00f3 presidenta interina<\/strong> ni mencion\u00f3 una transici\u00f3n pol\u00edtica. Un r\u00f3tulo en la parte inferior de la pantalla la identificaba como la vicepresidenta. No dio se\u00f1ales de que cooperar\u00eda con Estados Unidos.<\/p>\n\n\n\n<p>El <strong>\u201c\u00fanico presidente de Venezuela, el presidente Nicol\u00e1s Maduro\u201d<\/strong>, declar\u00f3 Rodr\u00edguez rodeada de altos funcionarios civiles y jefes militares. \u201cLos extremistas que han promovido esta agresi\u00f3n armada contra nuestro pa\u00eds, la historia y la justicia se los har\u00e1 pagar. De eso no tenemos ninguna duda\u201d, a\u00f1adi\u00f3.<\/p>\n\n\n\n<h2 class=\"wp-block-heading\">Esta es la trayectoria de Delcy Rodr\u00edguez en el chavismo<\/h2>\n\n\n\n<p>La vicepresidenta es abogada y pol\u00edtica de trayectoria, ha ejercido numerosos cargos durante los mandatos de Maduro y de su predecesor y mentor,<strong> el fallecido presidente Hugo Ch\u00e1vez<\/strong>.<\/p>\n\n\n\n<p>Rodr\u00edguez, que ejerce como vicepresidenta desde el 14 de junio de 2018, tambi\u00e9n fue designada por Maduro como ministra de Hidrocarburos el 27 de agosto de 2024.<\/p>\n\n\n\n<p>Rodr\u00edguez en su momento presidi\u00f3 la Asamblea Nacional Constituyente, impulsada por Maduro en 2017 para neutralizar al Legislativo de mayor\u00eda opositora elegido en 2015.<\/p>\n\n\n\n<p>La Asamblea Constituyente se instal\u00f3 en agosto de 2017 luego de cuatro meses de protestas callejeras, entre abril y julio de ese a\u00f1o, que fueron reprimidas por las fuerzas de seguridad y militares y que dejaron <strong>m\u00e1s de un centenar de muertos, miles de heridos y varias decenas de detenidos en todo el pa\u00eds<\/strong>.<\/p>\n\n\n\n<p>Rodr\u00edguez \u2014hermana menor del actual presidente de la Asamblea Nacional, Jorge Rodr\u00edguez\u2014 es hija de <strong>Jorge Antonio Rodr\u00edguez<\/strong>, un l\u00edder pol\u00edtico marxista venezolano y fundador de la Liga Socialista, un partido donde Nicol\u00e1s Maduro milit\u00f3 en su juventud.<\/p>\n\n\n\n<p>Como consecuencia de su participaci\u00f3n en el secuestro en 1976 del <strong>estadounidense William Niehous<\/strong>, jefe de operaciones de Owens-Illinois en Venezuela \u2014uno de los mayores fabricantes de envases de vidrio del mundo\u2014 el padre de la vicepresidenta fue detenido y muri\u00f3 bajo custodia de la entonces polic\u00eda pol\u00edtica.<\/p>\n\n\n\n<p>Niehous, acusado por los guerrilleros venezolanos activos de entonces de ser un agente de la CIA, fue localizado por casualidad m\u00e1s de tres a\u00f1os despu\u00e9s por la polic\u00eda que buscaba a ladrones de ganado en una zona agr\u00edcola en el estado suroriental de Bol\u00edvar.<\/p>\n\n\n\n<p>Fuente: <a href=\"https:\/\/www.elfinanciero.com.mx\/mundo\/2026\/01\/03\/quien-es-delcy-rodriguez-vicepresidenta-de-venezuela-que-podria-negociar-transicion-con-trump\/\" target=\"_blank\" rel=\"noreferrer noopener\">El Financiero<\/a><\/p>\n","protected":false},"excerpt":{"rendered":"<p>Tras la captura de Nicol\u00e1s Maduro, el Tribunal Supremo de Justicia de Venezuela determin\u00f3 que Delcy Rodr\u00edguez asuma, de forma interina, la Presidencia a partir de este s\u00e1bado.<\/p>\n","protected":false},"author":1,"featured_media":114032,"comment_status":"open","ping_status":"open","sticky":false,"template":"","format":"standard","meta":{"site-sidebar-layout":"default","site-content-layout":"","ast-site-content-layout":"default","site-content-style":"default","site-sidebar-style":"default","ast-global-header-display":"","ast-banner-title-visibility":"","ast-main-header-display":"","ast-hfb-above-header-display":"","ast-hfb-below-header-display":"","ast-hfb-mobile-header-display":"","site-post-title":"","ast-breadcrumbs-content":"","ast-featured-img":"","footer-sml-layout":"","theme-transparent-header-meta":"","adv-header-id-meta":"","stick-header-meta":"","header-above-stick-meta":"","header-main-stick-meta":"","header-below-stick-meta":"","astra-migrate-meta-layouts":"default","ast-page-background-enabled":"default","ast-page-background-meta":{"desktop":{"background-color":"var(--ast-global-color-4)","background-image":"","background-repeat":"repeat","background-position":"center center","background-size":"auto","background-attachment":"scroll","background-type":"","background-media":"","overlay-type":"","overlay-color":"","overlay-opacity":"","overlay-gradient":""},"tablet":{"background-color":"","background-image":"","background-repeat":"repeat","background-position":"center center","background-size":"auto","background-attachment":"scroll","background-type":"","background-media":"","overlay-type":"","overlay-color":"","overlay-opacity":"","overlay-gradient":""},"mobile":{"background-color":"","background-image":"","background-repeat":"repeat","background-position":"center center","background-size":"auto","background-attachment":"scroll","background-type":"","background-media":"","overlay-type":"","overlay-color":"","overlay-opacity":"","overlay-gradient":""}},"ast-content-background-meta":{"desktop":{"background-color":"var(--ast-global-color-5)","background-image":"","background-repeat":"repeat","background-position":"center center","background-size":"auto","background-attachment":"scroll","background-type":"","background-media":"","overlay-type":"","overlay-color":"","overlay-opacity":"","overlay-gradient":""},"tablet":{"background-color":"var(--ast-global-color-5)","background-image":"","background-repeat":"repeat","background-position":"center center","background-size":"auto","background-attachment":"scroll","background-type":"","background-media":"","overlay-type":"","overlay-color":"","overlay-opacity":"","overlay-gradient":""},"mobile":{"background-color":"var(--ast-global-color-5)","background-image":"","background-repeat":"repeat","background-position":"center center","background-size":"auto","background-attachment":"scroll","background-type":"","background-media":"","overlay-type":"","overlay-color":"","overlay-opacity":"","overlay-gradient":""}},"footnotes":""},"categories":[8],"tags":[44855,2936,2935],"class_list":["post-114031","post","type-post","status-publish","format-standard","has-post-thumbnail","hentry","category-noticias","tag-delcy-rodriguez","tag-nicolas-maduro","tag-venezuela"],"_links":{"self":[{"href":"https:\/\/losperiodistas.com.mx\/portal\/wp-json\/wp\/v2\/posts\/114031","targetHints":{"allow":["GET"]}}],"collection":[{"href":"https:\/\/losperiodistas.com.mx\/portal\/wp-json\/wp\/v2\/posts"}],"about":[{"href":"https:\/\/losperiodistas.com.mx\/portal\/wp-json\/wp\/v2\/types\/post"}],"author":[{"embeddable":true,"href":"https:\/\/losperiodistas.com.mx\/portal\/wp-json\/wp\/v2\/users\/1"}],"replies":[{"embeddable":true,"href":"https:\/\/losperiodistas.com.mx\/portal\/wp-json\/wp\/v2\/comments?post=114031"}],"version-history":[{"count":2,"href":"https:\/\/losperiodistas.com.mx\/portal\/wp-json\/wp\/v2\/posts\/114031\/revisions"}],"predecessor-version":[{"id":114036,"href":"https:\/\/losperiodistas.com.mx\/portal\/wp-json\/wp\/v2\/posts\/114031\/revisions\/114036"}],"wp:featuredmedia":[{"embeddable":true,"href":"https:\/\/losperiodistas.com.mx\/portal\/wp-json\/wp\/v2\/media\/114032"}],"wp:attachment":[{"href":"https:\/\/losperiodistas.com.mx\/portal\/wp-json\/wp\/v2\/media?parent=114031"}],"wp:term":[{"taxonomy":"category","embeddable":true,"href":"https:\/\/losperiodistas.com.mx\/portal\/wp-json\/wp\/v2\/categories?post=114031"},{"taxonomy":"post_tag","embeddable":true,"href":"https:\/\/losperiodistas.com.mx\/portal\/wp-json\/wp\/v2\/tags?post=114031"}],"curies":[{"name":"wp","href":"https:\/\/api.w.org\/{rel}","templated":true}]}}