{"id":114015,"date":"2026-01-04T06:24:52","date_gmt":"2026-01-04T12:24:52","guid":{"rendered":"https:\/\/losperiodistas.com.mx\/portal\/?p=114015"},"modified":"2026-01-04T06:24:53","modified_gmt":"2026-01-04T12:24:53","slug":"trump-desata-tormenta-politica-en-washington-excelsior","status":"publish","type":"post","link":"https:\/\/losperiodistas.com.mx\/portal\/trump-desata-tormenta-politica-en-washington-excelsior\/","title":{"rendered":"Trump desata tormenta pol\u00edtica en Washington | Exc\u00e9lsior"},"content":{"rendered":"\n<h2 class=\"wp-block-heading\">Dem\u00f3cratas acusan una acci\u00f3n inconstitucional impulsada por intereses petroleros y cuestionan el costo de \u201cadministrar\u201d una naci\u00f3n extranjera en medio de crisis internas en EU<\/h2>\n\n\n\n<figure class=\"wp-block-image size-full\"><img fetchpriority=\"high\" decoding=\"async\" width=\"813\" height=\"542\" src=\"https:\/\/losperiodistas.com.mx\/portal\/wp-content\/uploads\/2026\/01\/695a3809d57c2.jpeg\" alt=\"\" class=\"wp-image-114050\" srcset=\"https:\/\/losperiodistas.com.mx\/portal\/wp-content\/uploads\/2026\/01\/695a3809d57c2.jpeg 813w, https:\/\/losperiodistas.com.mx\/portal\/wp-content\/uploads\/2026\/01\/695a3809d57c2-300x200.jpeg 300w, https:\/\/losperiodistas.com.mx\/portal\/wp-content\/uploads\/2026\/01\/695a3809d57c2-768x512.jpeg 768w\" sizes=\"(max-width: 813px) 100vw, 813px\" \/><\/figure>\n\n\n\n<p><\/p>\n\n\n\n<p class=\"has-vivid-red-color has-text-color has-link-color has-medium-font-size wp-elements-678670b325ff5ea18f720adc67b804f7\"><strong>Por:\u00a0<a href=\"https:\/\/www.excelsior.com.mx\/autor\/antonio-marin\" target=\"_blank\" rel=\"noreferrer noopener\">Antonio Mar\u00edn<\/a> \/ Exc\u00e9lsior<\/strong><\/p>\n\n\n\n<p>Mientras el republicano asegura que EU \u201cdirigir\u00e1\u201d Venezuela hasta una transici\u00f3n, la oposici\u00f3n en el Congreso advirti\u00f3 sobre las consecuencias legales, econ\u00f3micas y estrat\u00e9gicas de lo que calificaron como una \u201cguerra de elecci\u00f3n\u201d.<\/p>\n\n\n\n<p>La expresidenta de la C\u00e1mara de Representantes, Nancy Pelosi, se\u00f1al\u00f3 que, aunque el r\u00e9gimen de Maduro es ileg\u00edtimo, la administraci\u00f3n de Trump no present\u00f3 pruebas de \u201cuna amenaza urgente\u201d que justificara el uso de la fuerza militar sin autorizaci\u00f3n previa.<\/p>\n\n\n\n<h3 class=\"wp-block-heading\">\u201cSi el presidente (Trump) fundamenta sus acciones en cargos de narcotr\u00e1fico, es totalmente hip\u00f3crita a la luz de su reciente indulto al expresidente hondure\u00f1o Juan Orlando Hern\u00e1ndez, quien fue responsable de introducir m\u00e1s de 400 toneladas de coca\u00edna a EU para \u201cmeterles la droga por las narices a los gringos\u201d, asegur\u00f3.<\/h3>\n\n\n\n<p>Pelosi acus\u00f3 al mandatario de ignorar los poderes de guerra del Congreso establecidos en el Art\u00edculo Primero de la Constituci\u00f3n estadunidense, acto que calific\u00f3 como parte de su intenci\u00f3n de \u201cabolir efectivamente el Congreso\u201d.<\/p>\n\n\n\n<p>Chuck Schumer, l\u00edder de los dem\u00f3cratas en el Senado, dijo que en tres sesiones informativas clasificadas le dijeron que no persegu\u00edan un cambio de r\u00e9gimen ni planeaba emprender acciones.<\/p>\n\n\n\n<h3 class=\"wp-block-heading\">\u201cMe aseguraron que no estaban persiguiendo esas cosas\u201d, dijo Schumer. \u201cEst\u00e1 claro que no est\u00e1n siendo sinceros con el pueblo estadunidense. Han mantenido a todo el mundo en la m\u00e1s absoluta oscuridad\u201d.<\/h3>\n\n\n\n<p>Jack Reed, principal dem\u00f3crata en la Comisi\u00f3n de Servicios Armados del Senado, dijo que quieren m\u00e1s orientaci\u00f3n sobre los planes de Trump, despu\u00e9s de que se\u00f1al\u00f3 que pondr\u00e1 al pa\u00eds sudamericano bajo el control de Washington.<\/p>\n\n\n\n<p>\u201cNo se ha presentado ning\u00fan plan serio sobre c\u00f3mo funcionar\u00eda una empresa tan extraordinaria o lo que le costar\u00e1 al pueblo estadunidense\u201d, declar\u00f3.<\/p>\n\n\n\n<p>\u201cLa administraci\u00f3n enga\u00f1\u00f3 de forma sistem\u00e1tica al pueblo estadunidense y a sus representantes electos\u201d, dijo en un comunicado Jeanne Shaheen, la principal dem\u00f3crata en la Comisi\u00f3n de Relaciones Exteriores del Senado.<\/p>\n\n\n\n<p>Mientras tanto, la exvicepresidenta de EU, Kamala Harris, asegur\u00f3 que las acciones del republicano lo convierten en un dictador regional.<\/p>\n\n\n\n<h3 class=\"wp-block-heading\">\u201cLas acciones de Donald Trump en Venezuela no hacen que Estados Unidos sea un pa\u00eds m\u00e1s seguro, m\u00e1s fuerte o m\u00e1s asequible\u2026 No se trata de drogas ni de democracia. Se trata de petr\u00f3leo y del deseo de Trump de erigirse en el dictador regional\u201d, apunt\u00f3.<\/h3>\n\n\n\n<p>El senador por Vermont Bernie Sanders manifest\u00f3 que Trump no tiene el derecho unilateral de llevar al pa\u00eds a la guerra, ni siquiera contra un dictador corrupto.<\/p>\n\n\n\n<p>\u201c\u00c9sta es la horrible l\u00f3gica de fuerza que Putin utiliz\u00f3 para justificar su brutal ataque contra Ucrania\u2026 Trump est\u00e1 fracasando en su tarea de \u2018gobernar\u2019 Estados Unidos. No deber\u00eda estar intentando \u2018gobernar\u2019 Venezuela\u201d, sostuvo.<\/p>\n\n\n\n<p>Legisladores como la representante por Nueva york Alexandria Ocasio-Cortez calific\u00f3 la entrada militar como \u201centeramente hip\u00f3crita\u201d, ya que aseguraron que lo que busca EU son las fuentes naturales de Venezuela.<\/p>\n\n\n\n<h3 class=\"wp-block-heading\">\u201cNo se trata de drogas. Si eso fuera, Trump no hubiera perdonado a uno de los principales narcotraficantes en el mundo el mes pasado. Se trata de petr\u00f3leo y de un cambio de r\u00e9gimen\u201d, sentenci\u00f3.<\/h3>\n\n\n\n<p><em>Con informaci\u00f3n de Reuters<\/em><\/p>\n\n\n\n<p>Fuente: <a href=\"https:\/\/www.excelsior.com.mx\/internacional\/trump-desata-tormenta-politica-washington\">https:\/\/www.excelsior.com.mx\/internacional\/trump-desata-tormenta-politica-washington<\/a><\/p>\n","protected":false},"excerpt":{"rendered":"<p>Dem\u00f3cratas acusan una acci\u00f3n inconstitucional impulsada por intereses petroleros y cuestionan el costo de \u201cadministrar\u201d una naci\u00f3n extranjera en medio [&hellip;]<\/p>\n","protected":false},"author":1,"featured_media":114050,"comment_status":"open","ping_status":"open","sticky":false,"template":"","format":"standard","meta":{"site-sidebar-layout":"default","site-content-layout":"","ast-site-content-layout":"default","site-content-style":"default","site-sidebar-style":"default","ast-global-header-display":"","ast-banner-title-visibility":"","ast-main-header-display":"","ast-hfb-above-header-display":"","ast-hfb-below-header-display":"","ast-hfb-mobile-header-display":"","site-post-title":"","ast-breadcrumbs-content":"","ast-featured-img":"","footer-sml-layout":"","theme-transparent-header-meta":"","adv-header-id-meta":"","stick-header-meta":"","header-above-stick-meta":"","header-main-stick-meta":"","header-below-stick-meta":"","astra-migrate-meta-layouts":"default","ast-page-background-enabled":"default","ast-page-background-meta":{"desktop":{"background-color":"var(--ast-global-color-4)","background-image":"","background-repeat":"repeat","background-position":"center center","background-size":"auto","background-attachment":"scroll","background-type":"","background-media":"","overlay-type":"","overlay-color":"","overlay-opacity":"","overlay-gradient":""},"tablet":{"background-color":"","background-image":"","background-repeat":"repeat","background-position":"center center","background-size":"auto","background-attachment":"scroll","background-type":"","background-media":"","overlay-type":"","overlay-color":"","overlay-opacity":"","overlay-gradient":""},"mobile":{"background-color":"","background-image":"","background-repeat":"repeat","background-position":"center center","background-size":"auto","background-attachment":"scroll","background-type":"","background-media":"","overlay-type":"","overlay-color":"","overlay-opacity":"","overlay-gradient":""}},"ast-content-background-meta":{"desktop":{"background-color":"var(--ast-global-color-5)","background-image":"","background-repeat":"repeat","background-position":"center center","background-size":"auto","background-attachment":"scroll","background-type":"","background-media":"","overlay-type":"","overlay-color":"","overlay-opacity":"","overlay-gradient":""},"tablet":{"background-color":"var(--ast-global-color-5)","background-image":"","background-repeat":"repeat","background-position":"center center","background-size":"auto","background-attachment":"scroll","background-type":"","background-media":"","overlay-type":"","overlay-color":"","overlay-opacity":"","overlay-gradient":""},"mobile":{"background-color":"var(--ast-global-color-5)","background-image":"","background-repeat":"repeat","background-position":"center center","background-size":"auto","background-attachment":"scroll","background-type":"","background-media":"","overlay-type":"","overlay-color":"","overlay-opacity":"","overlay-gradient":""}},"footnotes":""},"categories":[8],"tags":[45067,2936,2032],"class_list":["post-114015","post","type-post","status-publish","format-standard","has-post-thumbnail","hentry","category-noticias","tag-accion-inconstitucional-de-trump","tag-nicolas-maduro","tag-petroleo-venezuela"],"_links":{"self":[{"href":"https:\/\/losperiodistas.com.mx\/portal\/wp-json\/wp\/v2\/posts\/114015","targetHints":{"allow":["GET"]}}],"collection":[{"href":"https:\/\/losperiodistas.com.mx\/portal\/wp-json\/wp\/v2\/posts"}],"about":[{"href":"https:\/\/losperiodistas.com.mx\/portal\/wp-json\/wp\/v2\/types\/post"}],"author":[{"embeddable":true,"href":"https:\/\/losperiodistas.com.mx\/portal\/wp-json\/wp\/v2\/users\/1"}],"replies":[{"embeddable":true,"href":"https:\/\/losperiodistas.com.mx\/portal\/wp-json\/wp\/v2\/comments?post=114015"}],"version-history":[{"count":1,"href":"https:\/\/losperiodistas.com.mx\/portal\/wp-json\/wp\/v2\/posts\/114015\/revisions"}],"predecessor-version":[{"id":114051,"href":"https:\/\/losperiodistas.com.mx\/portal\/wp-json\/wp\/v2\/posts\/114015\/revisions\/114051"}],"wp:featuredmedia":[{"embeddable":true,"href":"https:\/\/losperiodistas.com.mx\/portal\/wp-json\/wp\/v2\/media\/114050"}],"wp:attachment":[{"href":"https:\/\/losperiodistas.com.mx\/portal\/wp-json\/wp\/v2\/media?parent=114015"}],"wp:term":[{"taxonomy":"category","embeddable":true,"href":"https:\/\/losperiodistas.com.mx\/portal\/wp-json\/wp\/v2\/categories?post=114015"},{"taxonomy":"post_tag","embeddable":true,"href":"https:\/\/losperiodistas.com.mx\/portal\/wp-json\/wp\/v2\/tags?post=114015"}],"curies":[{"name":"wp","href":"https:\/\/api.w.org\/{rel}","templated":true}]}}