{"id":113873,"date":"2026-01-01T08:23:34","date_gmt":"2026-01-01T14:23:34","guid":{"rendered":"https:\/\/losperiodistas.com.mx\/portal\/?p=113873"},"modified":"2026-01-01T08:23:35","modified_gmt":"2026-01-01T14:23:35","slug":"nezet-seguin-firma-un-brillante-y-energetico-concierto-de-ano-nuevo-el-periodico","status":"publish","type":"post","link":"https:\/\/losperiodistas.com.mx\/portal\/nezet-seguin-firma-un-brillante-y-energetico-concierto-de-ano-nuevo-el-periodico\/","title":{"rendered":"N\u00e9zet-S\u00e9guin firma un brillante y energ\u00e9tico Concierto de A\u00f1o Nuevo | El Peri\u00f3dico"},"content":{"rendered":"\n<h2 class=\"wp-block-heading\">El director canadiense, que debutaba en la cita de la Filarm\u00f3nica de Viena, coron\u00f3 uno de los mejores conciertos de A\u00f1o Nuevo al imponer su carism\u00e1tica y eficaz batuta junto a apetitosas novedades<\/h2>\n\n\n\n<figure class=\"wp-block-image size-large\"><img fetchpriority=\"high\" decoding=\"async\" width=\"1024\" height=\"576\" src=\"https:\/\/losperiodistas.com.mx\/portal\/wp-content\/uploads\/2026\/01\/0f57f7ad-f3c0-4a9b-9700-78f925b03deb_16-9-discover-aspect-ratio_default_0-1024x576.webp\" alt=\"\" class=\"wp-image-113874\" srcset=\"https:\/\/losperiodistas.com.mx\/portal\/wp-content\/uploads\/2026\/01\/0f57f7ad-f3c0-4a9b-9700-78f925b03deb_16-9-discover-aspect-ratio_default_0-1024x576.webp 1024w, https:\/\/losperiodistas.com.mx\/portal\/wp-content\/uploads\/2026\/01\/0f57f7ad-f3c0-4a9b-9700-78f925b03deb_16-9-discover-aspect-ratio_default_0-300x169.webp 300w, https:\/\/losperiodistas.com.mx\/portal\/wp-content\/uploads\/2026\/01\/0f57f7ad-f3c0-4a9b-9700-78f925b03deb_16-9-discover-aspect-ratio_default_0-768x432.webp 768w, https:\/\/losperiodistas.com.mx\/portal\/wp-content\/uploads\/2026\/01\/0f57f7ad-f3c0-4a9b-9700-78f925b03deb_16-9-discover-aspect-ratio_default_0.webp 1200w\" sizes=\"(max-width: 1024px) 100vw, 1024px\" \/><figcaption class=\"wp-element-caption\">El maestro canadiense Yannick N\u00e9zet-S\u00e9guin, durante el Concierto de A\u00f1o Nuevo, este 1 de enero de 2026 en Viena.\u00a0<strong>\/ Dieter Nagl (Filarm\u00f3nica de Viena \/ EFE)<\/strong><\/figcaption><\/figure>\n\n\n\n<p class=\"has-vivid-red-color has-text-color has-link-color has-medium-font-size wp-elements-916d01e3bff7784bdf68d1185cac895f\"><strong><a href=\"https:\/\/www.elperiodico.com\/es\/autor\/pablo-melendez-haddad-78003\">Pablo Mel\u00e9ndez-Haddad<\/a> \/ El Peri\u00f3dico<\/strong><\/p>\n\n\n\n<p><strong>Aires nuevos<\/strong>&nbsp;que ennoblecen una&nbsp;<strong>tradici\u00f3n<\/strong>. Eso es lo que aport\u00f3&nbsp;<strong>el carisma, la personalidad y las ideas art\u00edsticas del maestro canadiense&nbsp;<\/strong><a href=\"https:\/\/www.elperiodico.com\/es\/ocio-y-cultura\/20251227\/nezet-seguin-aires-renovados-concierto-125177857\"><strong>Yannick N\u00e9zet-S\u00e9guin<\/strong><\/a>&nbsp;en su&nbsp;<strong>espectacular debut<\/strong>&nbsp;en el podio del&nbsp;<strong>86\u00ba Concierto de A\u00f1o Nuevo de la Filarm\u00f3nica de Viena<\/strong>. Su gesto&nbsp;<strong>entusiasta y elegante<\/strong>, que en entusiasm\u00f3 por su liderazgo preciso, l\u00edrico energ\u00e9tico y que hizo cantar a los m\u00fasicos, tambi\u00e9n convenci\u00f3 por su apuesta al incluir a&nbsp;<strong>dos compositoras, una de las novedades m\u00e1s destacada del programa que salud\u00f3 2026<\/strong>. Se anunci\u00f3 adem\u00e1s que&nbsp;<strong>el ruso Tugan Sokhiev lo dirigir\u00e1 el pr\u00f3ximo a\u00f1o<\/strong>.<\/p>\n\n\n\n<p>Y as\u00ed como Riccardo Muti en 2025 fue el primero en incluir una obra escrita por una mujer (Constanze Geiger), N\u00e9zet-S\u00e9guin opt\u00f3 por la violinista y primera directora de una orquesta femenina en Europa, la austr\u00edaca&nbsp;<strong>Josephine Weinlich<\/strong>&nbsp;(1848-1887) \u2013de quien se ofreci\u00f3&nbsp;<strong>la polka \u2018Sirenen Lieder\u2019 (\u2018Canto de sirenas\u2019)<\/strong>\u2013, junto a la estadounidense de ra\u00edces africanas&nbsp;<strong>Florence Price<\/strong>&nbsp;(1887-1953) que&nbsp;<strong>N\u00e9zet-S\u00e9guin<\/strong>&nbsp;se ha devuelto a la actualidad incorpor\u00e1ndola en esta medi\u00e1tica velada y al haber grabado dos de sus sinfon\u00edas con la Orquesta de Filadelfia. De esta compositora, pianista, organista y educadora musical se interpret\u00f3 su vals \u2018<strong>Reinbow<\/strong>\u2019, muy de gusto vien\u00e9s, por cierto.<\/p>\n\n\n\n<figure class=\"wp-block-image\"><img decoding=\"async\" src=\"https:\/\/estaticos-cdn.prensaiberica.es\/clip\/8ce6e817-f936-4e56-a58e-09346b4dfe2c_alta-libre-aspect-ratio_default_0.jpg\" alt=\"Un momento del Concierto de A\u00f1o Nuevo celebrado este 1 de enero de 2026 en Viena.\"\/><figcaption class=\"wp-element-caption\">Un momento del Concierto de A\u00f1o Nuevo celebrado este 1 de enero de 2026 en Viena.&nbsp;<strong>\/ Dieter Nagl (Filarm\u00f3nica de Viena \/ EFE)<\/strong><\/figcaption><\/figure>\n\n\n\n<p>El resto del suculento programa camin\u00f3 por los derroteros habituales, centr\u00e1ndose en&nbsp;<strong>la saga de la familia Strauss<\/strong>&nbsp;que arranc\u00f3 con la obertura de una&nbsp;<strong>opereta de Johann Strauss II<\/strong>, para despedirse, antes de las esperadas propinas (el imprescindible \u2018<strong>Danubio azul<\/strong>\u2019, de Johann II, y la \u2018<strong>Marcha Radetzky<\/strong>\u2019 de Johann I dirigida \u00a1desde el patio de butacas!) con el vals \u2018<strong>Salmos de paz<\/strong>\u2019 de Josef Strauss, otro gui\u00f1o del pacifismo que practica&nbsp;<strong>N\u00e9zet-S\u00e9guin<\/strong>. Se incluyeron adem\u00e1s obras de&nbsp;<strong>Ziehrer<\/strong>,&nbsp;<strong>Lanner<\/strong>&nbsp;(un galop espectacular),&nbsp;<strong>Von Supp\u00e8<\/strong>&nbsp;y&nbsp;<strong>Lumbye<\/strong>, ilustr\u00e1ndose para la TV dos piezas de Strauss II con&nbsp;<strong>coreograf\u00edas del m\u00edtico John Neumeier para el Ballet Estatal vien\u00e9s<\/strong>&nbsp;grabadas en el Museo Albertina el pasado verano.<\/p>\n\n\n\n<p class=\"has-ast-global-color-4-background-color has-background\">Noticias relacionadas y m\u00e1s<\/p>\n\n\n\n<ul class=\"wp-block-list\">\n<li><a href=\"https:\/\/www.elperiodico.com\/es\/ocio-y-cultura\/20251227\/nezet-seguin-aires-renovados-concierto-125177857\">El maestro Yannick N\u00e9zet-S\u00e9guin debuta con aires renovados en el Concierto de A\u00f1o Nuevo 2026<\/a><\/li>\n\n\n\n<li><a href=\"https:\/\/www.elperiodico.com\/es\/ocio-y-cultura\/20251226\/concert-sant-esteve-brilla-estreno-nadalenca-125166546\">El Concert de Sant Esteve brilla con el estreno de la cantata \u2018La Nadalenca\u2019<\/a><\/li>\n\n\n\n<li><a href=\"https:\/\/www.elperiodico.com\/es\/ocio-y-cultura\/libros\/20260101\/asistenta-freida-mcfadden-libros-alex-salmon-articulo-121938007\">El fen\u00f3meno viral por leer &#8216;La asistenta&#8217;, ahora llevada al cine<\/a><\/li>\n<\/ul>\n\n\n\n<p>Una vez m\u00e1s el despliegue de la televisi\u00f3n austr\u00edaca cumpli\u00f3 con creces; emitido por La 1 de TVE, por cadenas de otros 92 pa\u00edses y por \u2018streaming\u2019 la espectacular realizaci\u00f3n de Michael Beyer maravill\u00f3 con tomas tan coordinadas con la direcci\u00f3n musical que las&nbsp;<strong>14 c\u00e1maras desplegadas en la sala dorada de la Musikverein<\/strong>&nbsp;parec\u00edan formar parte de los ilustres filarm\u00f3nicos. El intermedio lo ilustr\u00f3 un documental sobre la colecci\u00f3n Albertina en su 250\u00ba aniversario y la narraci\u00f3n para Espa\u00f1a del periodista de RNE Mart\u00edn Llade volvi\u00f3 a ser amena, aunque autoreferente.<\/p>\n\n\n\n<p>Fuente: <a href=\"https:\/\/www.elperiodico.com\/es\/ocio-y-cultura\/20260101\/critica-concierto-ano-nuevo-2026-nezet-seguin-125295206\">https:\/\/www.elperiodico.com\/es\/ocio-y-cultura\/20260101\/critica-concierto-ano-nuevo-2026-nezet-seguin-125295206<\/a><\/p>\n","protected":false},"excerpt":{"rendered":"<p>El director canadiense, que debutaba en la cita de la Filarm\u00f3nica de Viena, coron\u00f3 uno de los mejores conciertos de [&hellip;]<\/p>\n","protected":false},"author":1,"featured_media":113874,"comment_status":"open","ping_status":"open","sticky":false,"template":"","format":"standard","meta":{"site-sidebar-layout":"default","site-content-layout":"","ast-site-content-layout":"default","site-content-style":"default","site-sidebar-style":"default","ast-global-header-display":"","ast-banner-title-visibility":"","ast-main-header-display":"","ast-hfb-above-header-display":"","ast-hfb-below-header-display":"","ast-hfb-mobile-header-display":"","site-post-title":"","ast-breadcrumbs-content":"","ast-featured-img":"","footer-sml-layout":"","theme-transparent-header-meta":"","adv-header-id-meta":"","stick-header-meta":"","header-above-stick-meta":"","header-main-stick-meta":"","header-below-stick-meta":"","astra-migrate-meta-layouts":"default","ast-page-background-enabled":"default","ast-page-background-meta":{"desktop":{"background-color":"var(--ast-global-color-4)","background-image":"","background-repeat":"repeat","background-position":"center center","background-size":"auto","background-attachment":"scroll","background-type":"","background-media":"","overlay-type":"","overlay-color":"","overlay-opacity":"","overlay-gradient":""},"tablet":{"background-color":"","background-image":"","background-repeat":"repeat","background-position":"center center","background-size":"auto","background-attachment":"scroll","background-type":"","background-media":"","overlay-type":"","overlay-color":"","overlay-opacity":"","overlay-gradient":""},"mobile":{"background-color":"","background-image":"","background-repeat":"repeat","background-position":"center center","background-size":"auto","background-attachment":"scroll","background-type":"","background-media":"","overlay-type":"","overlay-color":"","overlay-opacity":"","overlay-gradient":""}},"ast-content-background-meta":{"desktop":{"background-color":"var(--ast-global-color-5)","background-image":"","background-repeat":"repeat","background-position":"center center","background-size":"auto","background-attachment":"scroll","background-type":"","background-media":"","overlay-type":"","overlay-color":"","overlay-opacity":"","overlay-gradient":""},"tablet":{"background-color":"var(--ast-global-color-5)","background-image":"","background-repeat":"repeat","background-position":"center center","background-size":"auto","background-attachment":"scroll","background-type":"","background-media":"","overlay-type":"","overlay-color":"","overlay-opacity":"","overlay-gradient":""},"mobile":{"background-color":"var(--ast-global-color-5)","background-image":"","background-repeat":"repeat","background-position":"center center","background-size":"auto","background-attachment":"scroll","background-type":"","background-media":"","overlay-type":"","overlay-color":"","overlay-opacity":"","overlay-gradient":""}},"footnotes":""},"categories":[8],"tags":[44996,44985],"class_list":["post-113873","post","type-post","status-publish","format-standard","has-post-thumbnail","hentry","category-noticias","tag-86o-concierto-de-ano-nuevo-de-la-filarmonica-de-viena","tag-yannick-nezet-seguin"],"_links":{"self":[{"href":"https:\/\/losperiodistas.com.mx\/portal\/wp-json\/wp\/v2\/posts\/113873","targetHints":{"allow":["GET"]}}],"collection":[{"href":"https:\/\/losperiodistas.com.mx\/portal\/wp-json\/wp\/v2\/posts"}],"about":[{"href":"https:\/\/losperiodistas.com.mx\/portal\/wp-json\/wp\/v2\/types\/post"}],"author":[{"embeddable":true,"href":"https:\/\/losperiodistas.com.mx\/portal\/wp-json\/wp\/v2\/users\/1"}],"replies":[{"embeddable":true,"href":"https:\/\/losperiodistas.com.mx\/portal\/wp-json\/wp\/v2\/comments?post=113873"}],"version-history":[{"count":1,"href":"https:\/\/losperiodistas.com.mx\/portal\/wp-json\/wp\/v2\/posts\/113873\/revisions"}],"predecessor-version":[{"id":113875,"href":"https:\/\/losperiodistas.com.mx\/portal\/wp-json\/wp\/v2\/posts\/113873\/revisions\/113875"}],"wp:featuredmedia":[{"embeddable":true,"href":"https:\/\/losperiodistas.com.mx\/portal\/wp-json\/wp\/v2\/media\/113874"}],"wp:attachment":[{"href":"https:\/\/losperiodistas.com.mx\/portal\/wp-json\/wp\/v2\/media?parent=113873"}],"wp:term":[{"taxonomy":"category","embeddable":true,"href":"https:\/\/losperiodistas.com.mx\/portal\/wp-json\/wp\/v2\/categories?post=113873"},{"taxonomy":"post_tag","embeddable":true,"href":"https:\/\/losperiodistas.com.mx\/portal\/wp-json\/wp\/v2\/tags?post=113873"}],"curies":[{"name":"wp","href":"https:\/\/api.w.org\/{rel}","templated":true}]}}