{"id":113870,"date":"2026-01-01T08:17:58","date_gmt":"2026-01-01T14:17:58","guid":{"rendered":"https:\/\/losperiodistas.com.mx\/portal\/?p=113870"},"modified":"2026-01-01T08:17:59","modified_gmt":"2026-01-01T14:17:59","slug":"decenas-de-muertos-y-un-centenar-de-heridos-en-el-incendio-de-un-bar-en-una-estacion-de-esqui-suiza-efe","status":"publish","type":"post","link":"https:\/\/losperiodistas.com.mx\/portal\/decenas-de-muertos-y-un-centenar-de-heridos-en-el-incendio-de-un-bar-en-una-estacion-de-esqui-suiza-efe\/","title":{"rendered":"\u00abDecenas de muertos\u00bb y un centenar de heridos en el incendio de un bar en una estaci\u00f3n de esqu\u00ed suiza | EFE"},"content":{"rendered":"\n<figure class=\"wp-block-image size-full\"><img fetchpriority=\"high\" decoding=\"async\" width=\"900\" height=\"599\" src=\"https:\/\/losperiodistas.com.mx\/portal\/wp-content\/uploads\/2026\/01\/duiza.webp\" alt=\"\" class=\"wp-image-113871\" srcset=\"https:\/\/losperiodistas.com.mx\/portal\/wp-content\/uploads\/2026\/01\/duiza.webp 900w, https:\/\/losperiodistas.com.mx\/portal\/wp-content\/uploads\/2026\/01\/duiza-300x200.webp 300w, https:\/\/losperiodistas.com.mx\/portal\/wp-content\/uploads\/2026\/01\/duiza-768x511.webp 768w\" sizes=\"(max-width: 900px) 100vw, 900px\" \/><figcaption class=\"wp-element-caption\">Agentes de polic\u00eda cerca del lugar donde se produjo un incendio en el bar y sal\u00f3n Le Constellation. EFE\/EPA\/Alessandro Della Valle<\/figcaption><\/figure>\n\n\n\n<p class=\"has-vivid-red-color has-text-color has-link-color has-medium-font-size wp-elements-23db7e95974579b190d8bc7ea9a6cef6\"><strong>Agencia EFE<\/strong><\/p>\n\n\n\n<p>Redacci\u00f3n internacional, 1 ene (EFE).- Un incendio registrado en un frecuentado bar de la localidad de Crans Montana ha causado \u00abdecenas de muertos\u00bb y un centenar de heridos, la mayor\u00eda de estos muy graves, confirm\u00f3 este jueves la Polic\u00eda Cantonal de Valais.<\/p>\n\n\n\n<p>Las autoridades cantonales compartieron en una conferencia de prensa las primeras informaciones que han podido corroborarse en torno a esta tragedia, ocurrida en un local muy popular entre los j\u00f3venes en esta localidad, que est\u00e1 entre las estaciones de esqu\u00ed m\u00e1s apreciadas de Suiza.<\/p>\n\n\n\n<p>\u00abA la hora en que les hablo contabilizamos un centenar de personas heridas, muchas gravemente, as\u00ed como decenas de personas que presumiblemente han fallecido\u201d, dijo el comandante de la Polic\u00eda Cantonal de Valais, Frederic Gisler.<\/p>\n\n\n\n<p>\u00abLa prioridad es la medicina legal para ayudarnos a identificar a las personas fallecidas\u00bb, indic\u00f3 por su parte la procuradora general del cant\u00f3n de Valais, Beatrice Pilloud.<\/p>\n\n\n\n<figure class=\"wp-block-image\"><img decoding=\"async\" src=\"https:\/\/i0.wp.com\/efe.com\/wp-content\/uploads\/2026\/01\/incendio.webp?resize=900%2C600&amp;ssl=1\" alt=\"Agentes de polic\u00eda cerca del lugar donde se produjo un incendio en el bar y sal\u00f3n Le Constellation\" class=\"wp-image-2388582\"\/><figcaption class=\"wp-element-caption\">Agentes de polic\u00eda cerca del lugar donde se produjo un incendio en el bar y sal\u00f3n Le Constellation. EFE\/EPA\/Alessandro Della Valle<\/figcaption><\/figure>\n\n\n\n<h2 class=\"wp-block-heading\" id=\"h-los-indicios-excluyen-que-haya-sido-un-atentado\">Los indicios excluyen que haya sido un atentado<\/h2>\n\n\n\n<p>Todos los indicios recogidos han permitido a las autoridades excluir la hip\u00f3tesis de un atentado, ya que se ha determinado que la explosi\u00f3n que se escuch\u00f3 a alrededor de las 01.30 de esta madrugada (hora local) fue causada por el incendio.<\/p>\n\n\n\n<p>Las autoridades han indicado igualmente que es muy probable que entre las numerosas v\u00edctimas haya varios extranjeros, ya que Crans Montana es una estaci\u00f3n muy visitada por los esquiadores en el periodo de fin de a\u00f1o.<\/p>\n\n\n\n<p>\u00abEn vista de la magnitud de este drama se puede entender que apenas estamos al inicio de las investigaciones y no hemos podido identificar a todas las v\u00edctimas, pero es probable que en una estaci\u00f3n tan internacional como Crans habr\u00e1 que lamentar v\u00edctimas del extranjero\u00bb, dijo Gisler a EFE.<\/p>\n\n\n\n<p>Los heridos han sido trasladados a diversos hospitales y los m\u00e1s graves al Hospital de Sion, capital del cant\u00f3n de Valais, donde las salas de operaciones y la unidad de cuidados intensivos est\u00e1n repletas, indic\u00f3 el responsable cantonal de Sanidad, Mathias Reynard.<\/p>\n\n\n\n<figure class=\"wp-block-image\"><img decoding=\"async\" src=\"https:\/\/i0.wp.com\/efe.com\/wp-content\/uploads\/2026\/01\/incndio-esqui.webp?resize=900%2C600&amp;ssl=1\" alt=\" (L-R) Mathias Reynard, State Councillor and president of the Council of State of the Canton of Valais, Stephane Ganzer, State Councillor and head of the Department of Security, Institutions and Sport of the Canton of Valais, Frederic Gisler, Commander of the Valais Cantonal Police, Beatrice Pilloud, Attorney General of the Canton of Valais, and Nicole Bonvin-Clivaz, Vice-President of the Municipal Council of Crans-Montana, attend a press conference after a fire broke out during New Year's celebration in a Crans-Montana bar, in Lens, Switzerland, 01 January 2026. According to regional media, the incident caused several deaths and injuries, while the exact cause of the blaze was not immediately known, Swiss cantonal police said. (Suiza) EFE\/EPA\/ALESSANDRO DELLA VALLE\" class=\"wp-image-2388738\"\/><figcaption class=\"wp-element-caption\">Conferencia de prensa para informar del suceso. EFE\/EPA\/Alessandro Della Valle<\/figcaption><\/figure>\n\n\n\n<h2 class=\"wp-block-heading\" id=\"h-investigacion-del-incendio\">Investigaci\u00f3n del incendio<\/h2>\n\n\n\n<p>Asimismo se ha creado una c\u00e9lula de acogida para ofrecer apoyo psicol\u00f3gico a las familias y testigos del drama.<\/p>\n\n\n\n<p>Las autoridades se han negado a especular sobre las razones del incendio a la espera de tener informaci\u00f3n fidedigna y tampoco han respondido a preguntas acerca de si el local cumpl\u00eda con las medidas de seguridad legales.<\/p>\n\n\n\n<p>Seg\u00fan residentes entrevistados por EFE, el bar \u00abLe Constellation\u00bb se encontraba ubicado en una suerte de subsuelo y se acced\u00eda por una escalera, lo que puede haber hecho dif\u00edcil que las v\u00edctimas escaparan.<\/p>\n\n\n\n<p>Ante esta tragedia se movilizaron m\u00e1s de diez helic\u00f3pteros, cuarenta ambulancias y 150 personas entre bomberos, rescatistas y otras profesiones vitales.<\/p>\n\n\n\n<h2 class=\"wp-block-heading\" id=\"h-no-hay-constancia-de-victimas-espanolas\">No hay constancia de v\u00edctimas espa\u00f1olas<\/h2>\n\n\n\n<p>Por el momento no hay constancia de v\u00edctimas espa\u00f1olas en el incendio, seg\u00fan han indicado a EFE fuentes del Ministerio de Asuntos Exteriores.<\/p>\n\n\n\n<figure class=\"wp-block-image\"><img decoding=\"async\" src=\"https:\/\/i0.wp.com\/efe.com\/wp-content\/uploads\/2026\/01\/suiza.webp?resize=900%2C599&amp;ssl=1\" alt=\"Agentes de polic\u00eda cerca del lugar donde se produjo un incendio en el bar y sal\u00f3n Le Constellation\" class=\"wp-image-2388843\"\/><figcaption class=\"wp-element-caption\">Agentes de polic\u00eda cerca del lugar donde se produjo un incendio en el bar y sal\u00f3n Le Constellation. EFE\/EPA\/Alessandro Della Valle<\/figcaption><\/figure>\n\n\n\n<p>Seg\u00fan estas fuentes, el c\u00f3nsul general en Ginebra, quien ha estado desde primera hora en contacto con autoridades suizas, confirma que por el momento no hay constancia de v\u00edctimas espa\u00f1olas en el incendio.<\/p>\n\n\n\n<p>En todo caso, desde el Ministerio han se\u00f1alado que las autoridades suizas han difundido el tel\u00e9fono +41848112117 para informaci\u00f3n a familiares.<\/p>\n\n\n\n<h2 class=\"wp-block-heading\" id=\"h-italia-verifica-la-presencia-de-connacionales\">Italia verifica la presencia de connacionales<\/h2>\n\n\n\n<p>El Gobierno de Italia espera a saber si hay connacionales involucrados en el incendio y ha ofrecido su colaboraci\u00f3n y hospitales para atender a los heridos.<\/p>\n\n\n\n<p>La primera ministra italiana, Giorgia Meloni, ha expresado su \u00abm\u00e1s sentido p\u00e9same\u00bb en un comunicado por este incendio que ha arrasado este bar en la noche de A\u00f1o Nuevo y sigue \u00abcon atenci\u00f3n\u00bb la evoluci\u00f3n del caso y \u00abla posible implicaci\u00f3n\u00bb de italianos.<\/p>\n\n\n\n<h2 class=\"wp-block-heading\" id=\"h-los-fuegos-artificiales-habian-sido-prohibidos\">Los fuegos artificiales hab\u00edan sido prohibidos<\/h2>\n\n\n\n<p>Las autoridades hab\u00edan cancelado los fuegos artificiales previstos en la Nochevieja debido a una situaci\u00f3n de sequ\u00eda.<\/p>\n\n\n\n<p>La localidad usualmente se encuentra habitualmente cubierta por un manto de nieve en este periodo del a\u00f1o, pero en esta ocasi\u00f3n carece de nieve por la ausencia de precipitaciones y las altas temperaturas relativas para el invierno.<\/p>\n\n\n\n<p>Las autoridades hab\u00edan colocado por el pueblo carteles indicando la prohibici\u00f3n de fuegos artificiales para celebrar el paso de 2025 al 2026, seg\u00fan confirm\u00f3 EFE a trav\u00e9s de residentes de Crans Montana con los que se comunic\u00f3.<\/p>\n\n\n\n<p>Fuente: <a href=\"https:\/\/efe.com\/mundo\/2026-01-01\/incendio-estacion-suiza-de-esqui-crans-montana\/\">https:\/\/efe.com\/mundo\/2026-01-01\/incendio-estacion-suiza-de-esqui-crans-montana\/<\/a><a href=\"https:\/\/efe.com\/mundo\/\"><\/a><\/p>\n\n\n\n<p><\/p>\n","protected":false},"excerpt":{"rendered":"<p>Agencia EFE Redacci\u00f3n internacional, 1 ene (EFE).- Un incendio registrado en un frecuentado bar de la localidad de Crans Montana [&hellip;]<\/p>\n","protected":false},"author":1,"featured_media":113871,"comment_status":"open","ping_status":"open","sticky":false,"template":"","format":"standard","meta":{"site-sidebar-layout":"default","site-content-layout":"","ast-site-content-layout":"default","site-content-style":"default","site-sidebar-style":"default","ast-global-header-display":"","ast-banner-title-visibility":"","ast-main-header-display":"","ast-hfb-above-header-display":"","ast-hfb-below-header-display":"","ast-hfb-mobile-header-display":"","site-post-title":"","ast-breadcrumbs-content":"","ast-featured-img":"","footer-sml-layout":"","theme-transparent-header-meta":"","adv-header-id-meta":"","stick-header-meta":"","header-above-stick-meta":"","header-main-stick-meta":"","header-below-stick-meta":"","astra-migrate-meta-layouts":"default","ast-page-background-enabled":"default","ast-page-background-meta":{"desktop":{"background-color":"var(--ast-global-color-4)","background-image":"","background-repeat":"repeat","background-position":"center center","background-size":"auto","background-attachment":"scroll","background-type":"","background-media":"","overlay-type":"","overlay-color":"","overlay-opacity":"","overlay-gradient":""},"tablet":{"background-color":"","background-image":"","background-repeat":"repeat","background-position":"center center","background-size":"auto","background-attachment":"scroll","background-type":"","background-media":"","overlay-type":"","overlay-color":"","overlay-opacity":"","overlay-gradient":""},"mobile":{"background-color":"","background-image":"","background-repeat":"repeat","background-position":"center center","background-size":"auto","background-attachment":"scroll","background-type":"","background-media":"","overlay-type":"","overlay-color":"","overlay-opacity":"","overlay-gradient":""}},"ast-content-background-meta":{"desktop":{"background-color":"var(--ast-global-color-5)","background-image":"","background-repeat":"repeat","background-position":"center center","background-size":"auto","background-attachment":"scroll","background-type":"","background-media":"","overlay-type":"","overlay-color":"","overlay-opacity":"","overlay-gradient":""},"tablet":{"background-color":"var(--ast-global-color-5)","background-image":"","background-repeat":"repeat","background-position":"center center","background-size":"auto","background-attachment":"scroll","background-type":"","background-media":"","overlay-type":"","overlay-color":"","overlay-opacity":"","overlay-gradient":""},"mobile":{"background-color":"var(--ast-global-color-5)","background-image":"","background-repeat":"repeat","background-position":"center center","background-size":"auto","background-attachment":"scroll","background-type":"","background-media":"","overlay-type":"","overlay-color":"","overlay-opacity":"","overlay-gradient":""}},"footnotes":""},"categories":[8],"tags":[44994,44995],"class_list":["post-113870","post","type-post","status-publish","format-standard","has-post-thumbnail","hentry","category-noticias","tag-incendio-bar-en-crans-monbtana","tag-incendio-suiza-enero-1-2026"],"_links":{"self":[{"href":"https:\/\/losperiodistas.com.mx\/portal\/wp-json\/wp\/v2\/posts\/113870","targetHints":{"allow":["GET"]}}],"collection":[{"href":"https:\/\/losperiodistas.com.mx\/portal\/wp-json\/wp\/v2\/posts"}],"about":[{"href":"https:\/\/losperiodistas.com.mx\/portal\/wp-json\/wp\/v2\/types\/post"}],"author":[{"embeddable":true,"href":"https:\/\/losperiodistas.com.mx\/portal\/wp-json\/wp\/v2\/users\/1"}],"replies":[{"embeddable":true,"href":"https:\/\/losperiodistas.com.mx\/portal\/wp-json\/wp\/v2\/comments?post=113870"}],"version-history":[{"count":1,"href":"https:\/\/losperiodistas.com.mx\/portal\/wp-json\/wp\/v2\/posts\/113870\/revisions"}],"predecessor-version":[{"id":113872,"href":"https:\/\/losperiodistas.com.mx\/portal\/wp-json\/wp\/v2\/posts\/113870\/revisions\/113872"}],"wp:featuredmedia":[{"embeddable":true,"href":"https:\/\/losperiodistas.com.mx\/portal\/wp-json\/wp\/v2\/media\/113871"}],"wp:attachment":[{"href":"https:\/\/losperiodistas.com.mx\/portal\/wp-json\/wp\/v2\/media?parent=113870"}],"wp:term":[{"taxonomy":"category","embeddable":true,"href":"https:\/\/losperiodistas.com.mx\/portal\/wp-json\/wp\/v2\/categories?post=113870"},{"taxonomy":"post_tag","embeddable":true,"href":"https:\/\/losperiodistas.com.mx\/portal\/wp-json\/wp\/v2\/tags?post=113870"}],"curies":[{"name":"wp","href":"https:\/\/api.w.org\/{rel}","templated":true}]}}