{"id":113855,"date":"2025-12-31T20:33:43","date_gmt":"2026-01-01T02:33:43","guid":{"rendered":"https:\/\/losperiodistas.com.mx\/portal\/?p=113855"},"modified":"2025-12-31T20:33:45","modified_gmt":"2026-01-01T02:33:45","slug":"claudia-sheinbaum-comparte-mensaje-por-fin-de-ano-son-momentos-de-reflexion-y-de-buenos-deseos-para-2026-infobae","status":"publish","type":"post","link":"https:\/\/losperiodistas.com.mx\/portal\/claudia-sheinbaum-comparte-mensaje-por-fin-de-ano-son-momentos-de-reflexion-y-de-buenos-deseos-para-2026-infobae\/","title":{"rendered":"Claudia Sheinbaum comparte mensaje por fin de a\u00f1o: \u201cSon momentos de reflexi\u00f3n y de buenos deseos para 2026\u201d | Infobae"},"content":{"rendered":"\n<h2 class=\"wp-block-heading\">La mandataria mexicana emiti\u00f3 un mensaje a trav\u00e9s de sus redes sociales<\/h2>\n\n\n\n<figure class=\"wp-block-image size-full\"><img fetchpriority=\"high\" decoding=\"async\" width=\"992\" height=\"602\" src=\"https:\/\/losperiodistas.com.mx\/portal\/wp-content\/uploads\/2025\/12\/BSUBOOXIGFHE7BEE7CJKYEWRTA-copia.jpg\" alt=\"\" class=\"wp-image-113856\" srcset=\"https:\/\/losperiodistas.com.mx\/portal\/wp-content\/uploads\/2025\/12\/BSUBOOXIGFHE7BEE7CJKYEWRTA-copia.jpg 992w, https:\/\/losperiodistas.com.mx\/portal\/wp-content\/uploads\/2025\/12\/BSUBOOXIGFHE7BEE7CJKYEWRTA-copia-300x182.jpg 300w, https:\/\/losperiodistas.com.mx\/portal\/wp-content\/uploads\/2025\/12\/BSUBOOXIGFHE7BEE7CJKYEWRTA-copia-768x466.jpg 768w\" sizes=\"(max-width: 992px) 100vw, 992px\" \/><figcaption class=\"wp-element-caption\">GuardarClaudia Sheinbaum dese\u00f3 \u00absalud, bienestar y amor\u00bb para todas las familias mexicanas en 2026. Cr\u00e9dito: Presidencia | <a href=\"https:\/\/cdn.jwplayer.com\/previews\/s7ganCGw\">https:\/\/cdn.jwplayer.com\/previews\/s7ganCGw<\/a><\/figcaption><\/figure>\n\n\n\n<p>Por Jaqueline Viedma \/ Infobae<\/p>\n\n\n\n<p><\/p>\n\n\n\n<p>En el\u00a0<strong>\u00faltimo d\u00eda de este\u00a0<\/strong><a href=\"https:\/\/www.infobae.com\/mexico\/2025\/12\/31\/sat-2025-paso-a-paso-para-habilitar-el-buzon-tributario-y-evitar-una-multa-de-hasta-11-mil-pesos\/\" target=\"_blank\" rel=\"noreferrer noopener\"><strong>2025<\/strong><\/a>, la presidenta\u00a0<strong>Claudia Sheinbaum\u00a0<\/strong>emiti\u00f3 un mensaje a trav\u00e9s de sus redes sociales en donde asegur\u00f3 que previo al\u00a0<strong>termino del\u00a0<\/strong><a href=\"https:\/\/www.infobae.com\/mexico\/2025\/12\/31\/sinaloa-estado-de-mexico-chihuahua-y-cdmx-encabezan-registros-de-feminicidio-en-2025\/\" target=\"_blank\" rel=\"noreferrer noopener\"><strong>a\u00f1o<\/strong><\/a>, \u201cs<strong>iempre hacemos un recuento de lo que ocurri\u00f3<\/strong>\u201d, ya que son momentos de \u201creflexi\u00f3n y buenos deseos para el pr\u00f3ximo a\u00f1o\u201d.<a href=\"https:\/\/www.infobae.com\/mexico\/2025\/12\/31\/pension-del-bienestar-estos-son-los-adultos-mayores-que-ya-no-recibiran-su-apoyo-en-el-2026\/\" target=\"_blank\" rel=\"noreferrer noopener\"><\/a><\/p>\n\n\n\n<p>A trav\u00e9s de un video que dura poco m\u00e1s de un minuto, la mandataria dio a conocer sus deseos para todos los mexicanos:<\/p>\n\n\n\n<p>\u201cQuiero desearles salud, mucho bienestar y sobre todo mucho amor a sus familias, al pr\u00f3jimo y a nuestra patria, todo lo mejor de mi parte, el pr\u00f3ximo a\u00f1o me seguir\u00e9 dedicando en cuerpo y alma por el bien de todas y todos los mexicanos&#8230; \u00a1<strong>Feliz a\u00f1o<\/strong>!\u201d.<\/p>\n\n\n\n<p><a href=\"https:\/\/www.infobae.com\/mexico\/2025\/12\/31\/pension-bienestar-2026-calendario-oficial-de-pagos-mes-por-mes\/\" target=\"_blank\" rel=\"noreferrer noopener\"><\/a><\/p>\n\n\n\n<p><a href=\"https:\/\/www.infobae.com\/mexico\/2025\/12\/31\/pension-bienestar-2026-calendario-oficial-de-pagos-mes-por-mes\/\" target=\"_blank\" rel=\"noreferrer noopener\">Te puede interesar:<strong>Pensi\u00f3n Bienestar 2026: calendario de pagos mes por mes<\/strong><\/a><a href=\"https:\/\/www.infobae.com\/mexico\/2025\/12\/31\/pension-bienestar-2026-calendario-oficial-de-pagos-mes-por-mes\/\" target=\"_blank\" rel=\"noreferrer noopener\"><\/a><\/p>\n\n\n\n<h2 class=\"wp-block-heading\">Sheinbaum no sali\u00f3 de vacaciones por festejos de fin de a\u00f1o<\/h2>\n\n\n\n<p>Durante la rueda de prensa del martes 30 de diciembre,&nbsp;<strong>Claudia Sheinbaum&nbsp;<\/strong>declar\u00f3 que la celebraci\u00f3n de&nbsp;<strong>A\u00f1o Nuevo<\/strong>&nbsp;la realizar\u00e1 dedicada a sus&nbsp;<strong>labores oficiales<\/strong>. Al ser cuestionada sobre sus planes para estas fechas, la mandataria subray\u00f3:&nbsp;<strong>\u201cAqu\u00ed, aqu\u00ed, trabajando. Ya fue suficiente tres d\u00edas\u201d<\/strong>, refiri\u00e9ndose a los d\u00edas de descanso que tom\u00f3 entre el 25 y el 27 de diciembre en&nbsp;<strong>Acapulco, Guerrero<\/strong>.<\/p>\n\n\n\n<p>La presidenta enfatiz\u00f3 que considera esos&nbsp;<strong>tres d\u00edas como pausa suficiente&nbsp;<\/strong>antes de retomar sus responsabilidades, dejando claro que el periodo festivo no implicar\u00e1 mayores ausencias en su agenda.<\/p>\n\n\n\n<p><a href=\"https:\/\/www.infobae.com\/mexico\/2025\/12\/30\/quien-era-alberto-prieto-valencia-el-hombre-asesinado-en-zapopan-jalisco-junto-a-su-hija-y-un-escolta\/\" target=\"_blank\" rel=\"noreferrer noopener\"><\/a><\/p>\n\n\n\n<p><a href=\"https:\/\/www.infobae.com\/mexico\/2025\/12\/30\/quien-era-alberto-prieto-valencia-el-hombre-asesinado-en-zapopan-jalisco-junto-a-su-hija-y-un-escolta\/\" target=\"_blank\" rel=\"noreferrer noopener\">Te puede interesar:<strong>Qui\u00e9n era Alberto Prieto Valencia, el hombre asesinado en Zapopan, Jalisco junto a su hija y un escolta<\/strong><\/a><a href=\"https:\/\/www.infobae.com\/mexico\/2025\/12\/30\/quien-era-alberto-prieto-valencia-el-hombre-asesinado-en-zapopan-jalisco-junto-a-su-hija-y-un-escolta\/\" target=\"_blank\" rel=\"noreferrer noopener\"><\/a><\/p>\n\n\n\n<p>Adem\u00e1s, en respuesta a preguntas relacionadas con posibles viajes para 2026, Sheinbaum afirm\u00f3 que, hasta el momento,&nbsp;<strong>no contempla ninguna salida del pa\u00eds<\/strong>, precisando:&nbsp;<strong>\u201cBueno, por lo pronto no. No, no tenemos pensado\u201d<\/strong>.<img decoding=\"async\" alt=\"Claudia Sheinbaum envi\u00f3 mensaje a\" height=\"838\" src=\"https:\/\/www.infobae.com\/resizer\/v2\/BSUBOOXIGFHE7BEE7CJKYEWRTA.png?auth=eb6aa5fb21380978baa42941c4c932ee360874913095a72e1172d7e1bc8d8c89&amp;smart=true&amp;width=350&amp;height=212&amp;quality=85\" width=\"1381\">Claudia Sheinbaum envi\u00f3 mensaje a familias mexicanas por el fin de a\u00f1o 2025 y dese\u00f3 \u00absalud, bienestar y amor\u00bb para 2026.<\/p>\n\n\n\n<p>De este modo, la titular del ejecutivo federal estableci\u00f3 que tanto el cierre de a\u00f1o como el inicio del 2026 estar\u00e1n marcados por la continuidad de su trabajo en territorio nacional.<\/p>\n\n\n\n<h2 class=\"wp-block-heading\">La presidenta de M\u00e9xico pas\u00f3 Navidad en Acapulco<\/h2>\n\n\n\n<p>Durante la conferencia matutina del 22 de diciembre, la presidenta anunci\u00f3 p\u00fablicamente que aprovechar\u00eda algunos d\u00edas para descansar en Acapulco, motivo por el cual, a partir del jueves 25 de diciembre, se implement\u00f3 un&nbsp;<strong>operativo especial de seguridad<\/strong>&nbsp;coordinado por diversas corporaciones en la zona tur\u00edstica.<\/p>\n\n\n\n<p>La mandataria regres\u00f3 a la capital del pa\u00eds el domingo 28 de diciembre, desplaz\u00e1ndose por carretera junto con su comitiva de seguridad.<\/p>\n\n\n\n<p>Durante los tres d\u00edas que permaneci\u00f3 en el puerto, la presidenta utiliz\u00f3 sus redes oficiales para difundir un video en el que resalt\u00f3 el&nbsp;<strong>trabajo de remodelaci\u00f3n tur\u00edstica<\/strong>&nbsp;realizado por&nbsp;<strong>Fonatur<\/strong>&nbsp;en la avenida costera Miguel Alem\u00e1n.<\/p>\n\n\n\n<p>En la grabaci\u00f3n, difundida un d\u00eda despu\u00e9s de su arribo, Sheinbaum Pardo afirm\u00f3:&nbsp;<strong>\u201cAcapulco est\u00e1 de pie\u201d<\/strong>, al tiempo que extendi\u00f3 una invitaci\u00f3n a la poblaci\u00f3n para visitar este destino durante la temporada de vacaciones de invierno de 2025.<\/p>\n\n\n\n<h2 class=\"wp-block-heading\">Cinco datos relevantes sobre las fiestas decembrinas en 2025 de Claudia Sheinbaum<\/h2>\n\n\n\n<ul class=\"wp-block-list\">\n<li>La presidenta cancel\u00f3 las conferencias del 24 al 26 y del 31 de diciembre, as\u00ed como la del primero de enero de 2026.<\/li>\n\n\n\n<li>Claudia Sheinbaum pas\u00f3 Navidad en Acapulco, coment\u00f3 que comer\u00eda \u201cRomeritos\u201d por ser el platillo de su preferencia.<\/li>\n\n\n\n<li>La mandataria mexicana pasar\u00e1 las fiestas de fin de a\u00f1o en Ciudad de M\u00e9xico, no tom\u00f3 vacaciones.<\/li>\n\n\n\n<li>Previo a fin de a\u00f1o, viaj\u00f3 a Oaxaca para visitar a las personas afectadas por el accidente del Tren Interoce\u00e1nico.<\/li>\n<\/ul>\n\n\n\n<p>Fuente: <a href=\"https:\/\/www.infobae.com\/mexico\/2026\/01\/01\/claudia-sheinbaum-comparte-mensaje-por-fin-de-ano-son-momentos-de-reflexion-y-de-buenos-deseos-para-2026\/\">https:\/\/www.infobae.com\/mexico\/2026\/01\/01\/claudia-sheinbaum-comparte-mensaje-por-fin-de-ano-son-momentos-de-reflexion-y-de-buenos-deseos-para-2026\/<\/a><\/p>\n","protected":false},"excerpt":{"rendered":"<p>La mandataria mexicana emiti\u00f3 un mensaje a trav\u00e9s de sus redes sociales Por Jaqueline Viedma \/ Infobae En el\u00a0\u00faltimo d\u00eda [&hellip;]<\/p>\n","protected":false},"author":1,"featured_media":113856,"comment_status":"open","ping_status":"open","sticky":false,"template":"","format":"standard","meta":{"site-sidebar-layout":"default","site-content-layout":"","ast-site-content-layout":"default","site-content-style":"default","site-sidebar-style":"default","ast-global-header-display":"","ast-banner-title-visibility":"","ast-main-header-display":"","ast-hfb-above-header-display":"","ast-hfb-below-header-display":"","ast-hfb-mobile-header-display":"","site-post-title":"","ast-breadcrumbs-content":"","ast-featured-img":"","footer-sml-layout":"","theme-transparent-header-meta":"","adv-header-id-meta":"","stick-header-meta":"","header-above-stick-meta":"","header-main-stick-meta":"","header-below-stick-meta":"","astra-migrate-meta-layouts":"default","ast-page-background-enabled":"default","ast-page-background-meta":{"desktop":{"background-color":"var(--ast-global-color-4)","background-image":"","background-repeat":"repeat","background-position":"center center","background-size":"auto","background-attachment":"scroll","background-type":"","background-media":"","overlay-type":"","overlay-color":"","overlay-opacity":"","overlay-gradient":""},"tablet":{"background-color":"","background-image":"","background-repeat":"repeat","background-position":"center center","background-size":"auto","background-attachment":"scroll","background-type":"","background-media":"","overlay-type":"","overlay-color":"","overlay-opacity":"","overlay-gradient":""},"mobile":{"background-color":"","background-image":"","background-repeat":"repeat","background-position":"center center","background-size":"auto","background-attachment":"scroll","background-type":"","background-media":"","overlay-type":"","overlay-color":"","overlay-opacity":"","overlay-gradient":""}},"ast-content-background-meta":{"desktop":{"background-color":"var(--ast-global-color-5)","background-image":"","background-repeat":"repeat","background-position":"center center","background-size":"auto","background-attachment":"scroll","background-type":"","background-media":"","overlay-type":"","overlay-color":"","overlay-opacity":"","overlay-gradient":""},"tablet":{"background-color":"var(--ast-global-color-5)","background-image":"","background-repeat":"repeat","background-position":"center center","background-size":"auto","background-attachment":"scroll","background-type":"","background-media":"","overlay-type":"","overlay-color":"","overlay-opacity":"","overlay-gradient":""},"mobile":{"background-color":"var(--ast-global-color-5)","background-image":"","background-repeat":"repeat","background-position":"center center","background-size":"auto","background-attachment":"scroll","background-type":"","background-media":"","overlay-type":"","overlay-color":"","overlay-opacity":"","overlay-gradient":""}},"footnotes":""},"categories":[8],"tags":[44991],"class_list":["post-113855","post","type-post","status-publish","format-standard","has-post-thumbnail","hentry","category-noticias","tag-sheinbaum-mensaje-fin-de-ano-2025"],"_links":{"self":[{"href":"https:\/\/losperiodistas.com.mx\/portal\/wp-json\/wp\/v2\/posts\/113855","targetHints":{"allow":["GET"]}}],"collection":[{"href":"https:\/\/losperiodistas.com.mx\/portal\/wp-json\/wp\/v2\/posts"}],"about":[{"href":"https:\/\/losperiodistas.com.mx\/portal\/wp-json\/wp\/v2\/types\/post"}],"author":[{"embeddable":true,"href":"https:\/\/losperiodistas.com.mx\/portal\/wp-json\/wp\/v2\/users\/1"}],"replies":[{"embeddable":true,"href":"https:\/\/losperiodistas.com.mx\/portal\/wp-json\/wp\/v2\/comments?post=113855"}],"version-history":[{"count":1,"href":"https:\/\/losperiodistas.com.mx\/portal\/wp-json\/wp\/v2\/posts\/113855\/revisions"}],"predecessor-version":[{"id":113857,"href":"https:\/\/losperiodistas.com.mx\/portal\/wp-json\/wp\/v2\/posts\/113855\/revisions\/113857"}],"wp:featuredmedia":[{"embeddable":true,"href":"https:\/\/losperiodistas.com.mx\/portal\/wp-json\/wp\/v2\/media\/113856"}],"wp:attachment":[{"href":"https:\/\/losperiodistas.com.mx\/portal\/wp-json\/wp\/v2\/media?parent=113855"}],"wp:term":[{"taxonomy":"category","embeddable":true,"href":"https:\/\/losperiodistas.com.mx\/portal\/wp-json\/wp\/v2\/categories?post=113855"},{"taxonomy":"post_tag","embeddable":true,"href":"https:\/\/losperiodistas.com.mx\/portal\/wp-json\/wp\/v2\/tags?post=113855"}],"curies":[{"name":"wp","href":"https:\/\/api.w.org\/{rel}","templated":true}]}}