{"id":113852,"date":"2025-12-31T20:26:35","date_gmt":"2026-01-01T02:26:35","guid":{"rendered":"https:\/\/losperiodistas.com.mx\/portal\/?p=113852"},"modified":"2025-12-31T20:26:36","modified_gmt":"2026-01-01T02:26:36","slug":"leon-xiv-en-el-te-deum-dios-ama-esperar-con-el-corazon-de-los-pequenos-vatican-news","status":"publish","type":"post","link":"https:\/\/losperiodistas.com.mx\/portal\/leon-xiv-en-el-te-deum-dios-ama-esperar-con-el-corazon-de-los-pequenos-vatican-news\/","title":{"rendered":"Le\u00f3n XIV en el Te Deum: \u201cDios ama esperar con el coraz\u00f3n de los peque\u00f1os\u201d | Vatican News"},"content":{"rendered":"\n<p class=\"has-luminous-vivid-amber-background-color has-background has-medium-font-size\">En las primeras v\u00edsperas de la solemnidad de Santa Mar\u00eda Madre de Dios, este mi\u00e9rcoles 31 de diciembre de 2025, el Santo Padre presidi\u00f3 el canto del Te Deum en acci\u00f3n de gracias por el a\u00f1o transcurrido y por el Jubileo, invitando a leer la historia desde el designio misericordioso de Dios y a oponer la esperanza evang\u00e9lica a las l\u00f3gicas de poder del mundo.<\/p>\n\n\n\n<figure class=\"wp-block-embed is-type-video is-provider-youtube wp-block-embed-youtube wp-embed-aspect-16-9 wp-has-aspect-ratio\"><div class=\"wp-block-embed__wrapper\">\n<iframe title=\"V\u00edsperas y Te Deum                     31 de diciembre de 2025 -     Papa Le\u00f3n XIV\" width=\"500\" height=\"281\" src=\"https:\/\/www.youtube.com\/embed\/qPWB8DzbsEg?feature=oembed\" frameborder=\"0\" allow=\"accelerometer; autoplay; clipboard-write; encrypted-media; gyroscope; picture-in-picture; web-share\" referrerpolicy=\"strict-origin-when-cross-origin\" allowfullscreen><\/iframe>\n<\/div><\/figure>\n\n\n\n<p><\/p>\n\n\n\n<p class=\"has-vivid-red-color has-text-color has-link-color has-medium-font-size wp-elements-6cc72f4b7ab688ba4122d9aa81499234\"><strong>Sebasti\u00e1n Sans\u00f3n Ferrari \/ Vatican News <\/strong><\/p>\n\n\n\n<p>Ciudad del Vaticano<\/p>\n\n\n\n<p>\u201cLa liturgia de las primeras v\u00edsperas de la Madre de Dios tiene una riqueza singular\u201d, afirm\u00f3 el Santo Padre al inicio de su homil\u00eda, pronunciada en la bas\u00edlica de San Pedro durante la celebraci\u00f3n, este mi\u00e9rcoles 31 de diciembre de 2025, que culmin\u00f3 con el canto del Te Deum en acci\u00f3n de gracias por el a\u00f1o civil que concluye. Una riqueza que, explic\u00f3, brota tanto del misterio celebrado \u2014la maternidad divina de Mar\u00eda\u2014 como de su ubicaci\u00f3n \u201cjusto al final del a\u00f1o solar\u201d, cuando la Iglesia contempla el paso del tiempo bajo la bendici\u00f3n de Dios.<\/p>\n\n\n\n<p>Le\u00f3n XIV enfatiz\u00f3 que esta solemnidad, que cierra la Octava de Navidad, \u201ccubre el paso de un a\u00f1o a otro y extiende sobre \u00e9l la bendici\u00f3n de Aquel \u2018que era, que es y que viene\u2019\u201d. En ese horizonte situ\u00f3 tambi\u00e9n el Jubileo recientemente concluido, celebrado \u201cen el coraz\u00f3n de Roma, junto a la tumba de Pedro\u201d, afirmando que el Te Deum \u201cquiere expandirse para dar voz a todos los corazones y rostros que han pasado bajo estas b\u00f3vedas y por las calles de esta ciudad\u201d.<\/p>\n\n\n\n<h2 class=\"wp-block-heading\"><strong>La plenitud de los tiempos y el designio de Dios<\/strong><\/h2>\n\n\n\n<p>Deteni\u00e9ndose en la carta a los G\u00e1latas, Le\u00f3n XIV record\u00f3 las palabras de san Pablo: \u201cCuando se cumpli\u00f3 el tiempo, Dios envi\u00f3 a su Hijo, nacido de mujer\u201d, para se\u00f1alar que el misterio de Cristo se inscribe en un \u201cgran designio sobre la historia humana\u201d. Un designio \u201cmisterioso, pero con un centro claro\u201d, que el Papa describi\u00f3 como \u201cuna alta monta\u00f1a iluminada por el sol en medio de un espeso bosque\u201d: la \u201cplenitud de los tiempos\u201d.<\/p>\n\n\n\n<p>Ese mismo t\u00e9rmino \u2014\u201cdesignio\u201d\u2014, acot\u00f3, resuena en el himno de la carta a los Efesios, donde se habla del proyecto de Dios de \u201crecapitular en Cristo todas las cosas\u201d. Frente a las incertidumbres del presente, el Obispo de Roma expres\u00f3 la necesidad de \u201cun designio sabio, ben\u00e9volo y misericordioso\u201d, \u201clibre y liberador, pac\u00edfico y fiel\u201d, como el que Mar\u00eda proclama en el Magn\u00edficat: \u201cDe generaci\u00f3n en generaci\u00f3n, su misericordia se extiende sobre los que le temen\u201d.<\/p>\n\n\n\n<p><a href=\"https:\/\/www.vaticannews.va\/es\/papa\/news\/2025-12\/video-de-resumen-de-papa-francisco-a-leon-xiv-jubileo-2025.html\"><\/a><\/p>\n\n\n\n<figure class=\"wp-block-image\"><a href=\"https:\/\/www.vaticannews.va\/es\/papa\/news\/2025-12\/video-de-resumen-de-papa-francisco-a-leon-xiv-jubileo-2025.html\"><img decoding=\"async\" src=\"https:\/\/www.vaticannews.va\/content\/dam\/vaticannews\/agenzie\/images\/ansa\/2025\/08\/02\/21\/1754162255737.jpg\/_jcr_content\/renditions\/cq5dam.thumbnail.cropped.500.281.jpeg\" alt=\"Jubileo 2025: Un camino de fe, encuentro y esperanza\"\/><\/a><\/figure>\n\n\n\n<p>31\/12\/2025<\/p>\n\n\n\n<h2 class=\"wp-block-heading\"><a href=\"https:\/\/www.vaticannews.va\/es\/papa\/news\/2025-12\/video-de-resumen-de-papa-francisco-a-leon-xiv-jubileo-2025.html\">Jubileo 2025: Un camino de fe, encuentro y esperanza<\/a><\/h2>\n\n\n\n<p>El v\u00eddeo recorre los momentos m\u00e1s significativos del A\u00f1o Santo 2025. El Papa Francisco abre la Puerta Santa de la Bas\u00edlica de San Pedro en la Nochebuena de 2024, marcando el inicio &#8230;<\/p>\n\n\n\n<h2 class=\"wp-block-heading\"><strong>Entre los planes del mundo y la mirada de Mar\u00eda<\/strong><\/h2>\n\n\n\n<p>No obstante, advirti\u00f3, \u201cotros planes, hoy como ayer, envuelven al mundo\u201d: estrategias orientadas a \u201cconquistar mercados, territorios y zonas de influencia\u201d, frecuentemente \u201carmadas\u201d y \u201cenvueltas en discursos hip\u00f3critas, proclamas ideol\u00f3gicas y falsos motivos religiosos\u201d. Ante estas l\u00f3gicas, la Santa Madre de Dios \u2014\u201cla m\u00e1s peque\u00f1a y la m\u00e1s elevada entre las criaturas\u201d\u2014 mira la realidad con la mirada de Dios, que \u201cdispersa las tramas de los soberbios, derriba a los poderosos de sus tronos y eleva a los humildes\u201d.<\/p>\n\n\n\n<p>Mar\u00eda, continu\u00f3 el Pont\u00edfice, es la mujer con la que Dios escribi\u00f3 su Palabra \u201cno imponi\u00e9ndola, sino proponi\u00e9ndola a su coraz\u00f3n\u201d, y tras su \u201cs\u00ed\u201d, \u201cla escribi\u00f3 con amor inefable en su carne\u201d. En ella, dijo, \u201cla esperanza de Dios se entrelaz\u00f3 con la esperanza de Mar\u00eda\u201d, descendiente de Abraham \u201cseg\u00fan la carne y, sobre todo, seg\u00fan la fe\u201d.<\/p>\n\n\n\n<h2 class=\"wp-block-heading\"><strong>La esperanza de los peque\u00f1os que hace avanzar el mundo<\/strong><\/h2>\n\n\n\n<p>Asimismo, el Sucesor de Pedro subray\u00f3 que \u201cDios ama esperar con el coraz\u00f3n de los peque\u00f1os\u201d, y que lo hace \u201cinvolucr\u00e1ndolos en su plan de salvaci\u00f3n\u201d. \u201cCuanto m\u00e1s hermoso es el plan, mayor es la esperanza\u201d, afirm\u00f3 Le\u00f3n XIV, a\u00f1adiendo que \u201cel mundo sigue adelante as\u00ed, impulsado por la esperanza de tantas personas sencillas, desconocidas pero no para Dios\u201d, que creen en el ma\u00f1ana porque saben que \u201cel futuro est\u00e1 en manos de Aquel que ofrece la mayor esperanza\u201d.<\/p>\n\n\n\n<p>Entre esos peque\u00f1os, el Papa record\u00f3 a Sim\u00f3n Pedro, el pescador de Galilea, sobre cuya fe el Se\u00f1or edific\u00f3 su Iglesia. \u201cSeguimos aqu\u00ed hoy rezando junto a su tumba\u201d, dijo, constatando c\u00f3mo durante el A\u00f1o Santo peregrinos de todo el mundo han renovado su fe en Jesucristo.<\/p>\n\n\n\n<p><a href=\"https:\/\/www.vaticannews.va\/es\/papa\/news\/2025-12\/papas-anno-nuevo-agradecimiento-esperanza-2025-2026.html\"><\/a><\/p>\n\n\n\n<figure class=\"wp-block-image\"><a href=\"https:\/\/www.vaticannews.va\/es\/papa\/news\/2025-12\/papas-anno-nuevo-agradecimiento-esperanza-2025-2026.html\"><img decoding=\"async\" src=\"https:\/\/www.vaticannews.va\/content\/dam\/vaticannews\/multimedia\/2025\/dicembre\/30\/alba.jpg\/_jcr_content\/renditions\/cq5dam.thumbnail.cropped.500.281.jpeg\" alt=\"Los Papas y el a\u00f1o nuevo, tiempo de acci\u00f3n de gracias y de esperanza \"\/><\/a><\/figure>\n\n\n\n<p>31\/12\/2025<\/p>\n\n\n\n<h2 class=\"wp-block-heading\"><a href=\"https:\/\/www.vaticannews.va\/es\/papa\/news\/2025-12\/papas-anno-nuevo-agradecimiento-esperanza-2025-2026.html\">Los Papas y el a\u00f1o nuevo, tiempo de acci\u00f3n de gracias y de esperanza<\/a><\/h2>\n\n\n\n<p>Con la llegada del 2026, presentamos algunas reflexiones de los Pont\u00edfices para este per\u00edodo de transici\u00f3n entre finales de 2025 y el inicio del nuevo a\u00f1o. Son una invitaci\u00f3n a &#8230;<\/p>\n\n\n\n<h2 class=\"wp-block-heading\"><strong>El Jubileo y la vocaci\u00f3n de Roma<\/strong><\/h2>\n\n\n\n<p>El Jubileo, afirm\u00f3 el Romano Pont\u00edfice, es \u201cun gran signo de un mundo nuevo, renovado y reconciliado seg\u00fan el designio de Dios\u201d, y Roma ocupa un lugar especial en este proyecto no por su poder, sino porque aqu\u00ed \u201cPedro y Pablo y tantos otros m\u00e1rtires derramaron su sangre por Cristo\u201d. Por eso, dese\u00f3 que la ciudad \u201cest\u00e9 a la altura de sus m\u00e1s peque\u00f1os\u201d: ni\u00f1os, ancianos solos, familias en dificultad y quienes llegan de lejos \u201ccon la esperanza de una vida digna\u201d.<\/p>\n\n\n\n<h2 class=\"wp-block-heading\"><strong>Acci\u00f3n de gracias y mirada al futuro<\/strong><\/h2>\n\n\n\n<p>Al concluir, el Papa dio gracias \u201cpor el don del Jubileo\u201d y por todos los que a lo largo de 2025 han servido a los peregrinos y han trabajado para hacer Roma m\u00e1s acogedora. Retomando un deseo del Papa Francisco, pidi\u00f3 que la ciudad, \u201canimada por la esperanza cristiana\u201d, permanezca al servicio del designio de amor de Dios sobre la familia humana, confi\u00e1ndolo todo a la intercesi\u00f3n de la Santa Madre de Dios,&nbsp;<em>Salus Populi Romani<\/em>.<\/p>\n\n\n\n<p>Fuente: <a href=\"https:\/\/www.vaticannews.va\/es\/papa\/news\/2025-12\/papa-te-deum-visperas-accion-gracias-31-dic-2025-anno-nuovo.html\">https:\/\/www.vaticannews.va\/es\/papa\/news\/2025-12\/papa-te-deum-visperas-accion-gracias-31-dic-2025-anno-nuovo.html<\/a><\/p>\n","protected":false},"excerpt":{"rendered":"<p>En las primeras v\u00edsperas de la solemnidad de Santa Mar\u00eda Madre de Dios, este mi\u00e9rcoles 31 de diciembre de 2025, [&hellip;]<\/p>\n","protected":false},"author":1,"featured_media":113853,"comment_status":"open","ping_status":"open","sticky":false,"template":"","format":"standard","meta":{"site-sidebar-layout":"default","site-content-layout":"","ast-site-content-layout":"default","site-content-style":"default","site-sidebar-style":"default","ast-global-header-display":"","ast-banner-title-visibility":"","ast-main-header-display":"","ast-hfb-above-header-display":"","ast-hfb-below-header-display":"","ast-hfb-mobile-header-display":"","site-post-title":"","ast-breadcrumbs-content":"","ast-featured-img":"","footer-sml-layout":"","theme-transparent-header-meta":"","adv-header-id-meta":"","stick-header-meta":"","header-above-stick-meta":"","header-main-stick-meta":"","header-below-stick-meta":"","astra-migrate-meta-layouts":"default","ast-page-background-enabled":"default","ast-page-background-meta":{"desktop":{"background-color":"var(--ast-global-color-4)","background-image":"","background-repeat":"repeat","background-position":"center center","background-size":"auto","background-attachment":"scroll","background-type":"","background-media":"","overlay-type":"","overlay-color":"","overlay-opacity":"","overlay-gradient":""},"tablet":{"background-color":"","background-image":"","background-repeat":"repeat","background-position":"center center","background-size":"auto","background-attachment":"scroll","background-type":"","background-media":"","overlay-type":"","overlay-color":"","overlay-opacity":"","overlay-gradient":""},"mobile":{"background-color":"","background-image":"","background-repeat":"repeat","background-position":"center center","background-size":"auto","background-attachment":"scroll","background-type":"","background-media":"","overlay-type":"","overlay-color":"","overlay-opacity":"","overlay-gradient":""}},"ast-content-background-meta":{"desktop":{"background-color":"var(--ast-global-color-5)","background-image":"","background-repeat":"repeat","background-position":"center center","background-size":"auto","background-attachment":"scroll","background-type":"","background-media":"","overlay-type":"","overlay-color":"","overlay-opacity":"","overlay-gradient":""},"tablet":{"background-color":"var(--ast-global-color-5)","background-image":"","background-repeat":"repeat","background-position":"center center","background-size":"auto","background-attachment":"scroll","background-type":"","background-media":"","overlay-type":"","overlay-color":"","overlay-opacity":"","overlay-gradient":""},"mobile":{"background-color":"var(--ast-global-color-5)","background-image":"","background-repeat":"repeat","background-position":"center center","background-size":"auto","background-attachment":"scroll","background-type":"","background-media":"","overlay-type":"","overlay-color":"","overlay-opacity":"","overlay-gradient":""}},"footnotes":""},"categories":[8],"tags":[44989],"class_list":["post-113852","post","type-post","status-publish","format-standard","has-post-thumbnail","hentry","category-noticias","tag-te-deum-leon-xiv"],"_links":{"self":[{"href":"https:\/\/losperiodistas.com.mx\/portal\/wp-json\/wp\/v2\/posts\/113852","targetHints":{"allow":["GET"]}}],"collection":[{"href":"https:\/\/losperiodistas.com.mx\/portal\/wp-json\/wp\/v2\/posts"}],"about":[{"href":"https:\/\/losperiodistas.com.mx\/portal\/wp-json\/wp\/v2\/types\/post"}],"author":[{"embeddable":true,"href":"https:\/\/losperiodistas.com.mx\/portal\/wp-json\/wp\/v2\/users\/1"}],"replies":[{"embeddable":true,"href":"https:\/\/losperiodistas.com.mx\/portal\/wp-json\/wp\/v2\/comments?post=113852"}],"version-history":[{"count":1,"href":"https:\/\/losperiodistas.com.mx\/portal\/wp-json\/wp\/v2\/posts\/113852\/revisions"}],"predecessor-version":[{"id":113854,"href":"https:\/\/losperiodistas.com.mx\/portal\/wp-json\/wp\/v2\/posts\/113852\/revisions\/113854"}],"wp:featuredmedia":[{"embeddable":true,"href":"https:\/\/losperiodistas.com.mx\/portal\/wp-json\/wp\/v2\/media\/113853"}],"wp:attachment":[{"href":"https:\/\/losperiodistas.com.mx\/portal\/wp-json\/wp\/v2\/media?parent=113852"}],"wp:term":[{"taxonomy":"category","embeddable":true,"href":"https:\/\/losperiodistas.com.mx\/portal\/wp-json\/wp\/v2\/categories?post=113852"},{"taxonomy":"post_tag","embeddable":true,"href":"https:\/\/losperiodistas.com.mx\/portal\/wp-json\/wp\/v2\/tags?post=113852"}],"curies":[{"name":"wp","href":"https:\/\/api.w.org\/{rel}","templated":true}]}}