{"id":113710,"date":"2025-12-30T06:25:10","date_gmt":"2025-12-30T12:25:10","guid":{"rendered":"https:\/\/losperiodistas.com.mx\/portal\/?p=113710"},"modified":"2025-12-30T06:25:20","modified_gmt":"2025-12-30T12:25:20","slug":"muere-a-los-94-anos-cecilia-gimenez-autora-de-la-restauracion-del-ecce-homo-de-borja-rtve","status":"publish","type":"post","link":"https:\/\/losperiodistas.com.mx\/portal\/muere-a-los-94-anos-cecilia-gimenez-autora-de-la-restauracion-del-ecce-homo-de-borja-rtve\/","title":{"rendered":"Muere a los 94 a\u00f1os Cecilia Gim\u00e9nez, autora de la restauraci\u00f3n del Ecce Homo de Borja | Rtve"},"content":{"rendered":"\n<p class=\"has-luminous-vivid-orange-background-color has-background has-medium-font-size\">Padec\u00eda demencia senil y vivi\u00f3 sus \u00faltimos tiempos en una residencia de ancianos de Zaragoza. Salt\u00f3 a la fama en 2012 tras la pol\u00e9mica restauraci\u00f3n del Ecce Homo del Santuario de la Misericordia<\/p>\n\n\n\n<figure class=\"wp-block-image size-large\"><img fetchpriority=\"high\" decoding=\"async\" width=\"1024\" height=\"571\" src=\"https:\/\/losperiodistas.com.mx\/portal\/wp-content\/uploads\/2025\/12\/Captura-de-pantalla-2025-12-30-a-las-6.20.41-1024x571.png\" alt=\"\" class=\"wp-image-113711\" srcset=\"https:\/\/losperiodistas.com.mx\/portal\/wp-content\/uploads\/2025\/12\/Captura-de-pantalla-2025-12-30-a-las-6.20.41-1024x571.png 1024w, https:\/\/losperiodistas.com.mx\/portal\/wp-content\/uploads\/2025\/12\/Captura-de-pantalla-2025-12-30-a-las-6.20.41-300x167.png 300w, https:\/\/losperiodistas.com.mx\/portal\/wp-content\/uploads\/2025\/12\/Captura-de-pantalla-2025-12-30-a-las-6.20.41-768x428.png 768w, https:\/\/losperiodistas.com.mx\/portal\/wp-content\/uploads\/2025\/12\/Captura-de-pantalla-2025-12-30-a-las-6.20.41-1536x857.png 1536w, https:\/\/losperiodistas.com.mx\/portal\/wp-content\/uploads\/2025\/12\/Captura-de-pantalla-2025-12-30-a-las-6.20.41-2048x1142.png 2048w\" sizes=\"(max-width: 1024px) 100vw, 1024px\" \/><figcaption class=\"wp-element-caption\">La pintora Cecilia Gim\u00e9nez, durante la presentaci\u00f3n del proyecto de creaci\u00f3n de un Centro de Interpretaci\u00f3n\u00a0<em>EFE \/TONI GAL\u00c1N<\/em><\/figcaption><\/figure>\n\n\n\n<p class=\"has-vivid-red-color has-text-color has-link-color has-medium-font-size wp-elements-cab898f72c4d3fa696cb41fac2e41786\"><strong>RTVE<\/strong><\/p>\n\n\n\n<p><strong>Cecilia Gim\u00e9nez<\/strong>, la aragonesa que salt\u00f3 a la fama por su pintoresca restauraci\u00f3n del&nbsp;<strong>Ecce Homo de Borja en 2012<\/strong>, ha fallecido este lunes a los&nbsp;<strong>94 a\u00f1os de edad<\/strong>&nbsp;en la residencia de ancianos de Zaragoza, donde viv\u00eda tras varios a\u00f1os de problemas de salud.<\/p>\n\n\n\n<p>Gim\u00e9nez era una pintora aficionada que dio la vuelta al mundo en verano de 2012, cuando cre\u00f3 un fen\u00f3meno viral por su restauraci\u00f3n del Ecce Homo de Borja. Salt\u00f3 a la&nbsp;<strong>fama sin desearlo al conocerse el pol\u00e9mico resultado<\/strong>&nbsp;de este trabajo que le encarg\u00f3 el Santuario de la Misericordia de Borja. Ella siempre defendi\u00f3 que la restauraci\u00f3n no estaba terminada.<\/p>\n\n\n\n<p>Tras los primeros d\u00edas de burlas por el resultado de la restauraci\u00f3n, en los que Cecilia lo pas\u00f3 francamente mal,&nbsp;<strong>las mofas se convirtieron en cari\u00f1o<\/strong>. Tanto los vecinos de la localidad de Zaragoza como el resto del pa\u00eds, mostraron su simpat\u00eda hacia la pintora.<\/p>\n\n\n\n<figure class=\"wp-block-embed is-type-rich is-provider-twitter wp-block-embed-twitter\"><div class=\"wp-block-embed__wrapper\">\n<blockquote class=\"twitter-tweet\" data-width=\"500\" data-dnt=\"true\"><p lang=\"es\" dir=\"ltr\">\ud83d\udd34 Fallece a los 94 a\u00f1os Cecilia Gim\u00e9nez, la mujer cuya restauraci\u00f3n del &quot;Ecce Homo&quot; de Borja (Zaragoza) la lanz\u00f3 a la fama mundial<br><br>\u25aa\ufe0f El trabajo de la restauradora fue objeto de bromas y memes, pero potenci\u00f3 el turismo internacional en la localidad zaragozana <a href=\"https:\/\/t.co\/DuP25AX6nT\">pic.twitter.com\/DuP25AX6nT<\/a><\/p>&mdash; Radio 5 (@radio5_rne) <a href=\"https:\/\/twitter.com\/radio5_rne\/status\/2005674136430161982?ref_src=twsrc%5Etfw\">December 29, 2025<\/a><\/blockquote><script async src=\"https:\/\/platform.twitter.com\/widgets.js\" charset=\"utf-8\"><\/script>\n<\/div><\/figure>\n\n\n\n<h2 class=\"wp-block-heading\">De las burlas por la restauraci\u00f3n al cari\u00f1o de su pueblo<\/h2>\n\n\n\n<p>El punto de inflexi\u00f3n para Gim\u00e9nez lleg\u00f3 unos d\u00edas m\u00e1s tarde, cuando en agosto de 2012 miles de personas se trasladaron al santuario con motivo de la Romer\u00eda de San Bartolom\u00e9 y Cecilia&nbsp;<strong>\u00absale al patio de su casa\u00bb y ve a \u00abtodo el mundo aplaudi\u00e9ndole\u00bb,<\/strong>&nbsp;seg\u00fan ha recordado el alcalde de Borja, Eduardo Arilla.<\/p>\n\n\n\n<p>De hecho, decenas de miles de personas han visitado desde 2012 el santuario para ver en persona la peculiar restauraci\u00f3n. Adem\u00e1s, el dinero recaudado con las entradas se destina \u00edntegramente a la&nbsp;<strong>Fundaci\u00f3n Hospital Sancti Spiritus y Santuario de la Misericordia<\/strong>, para mejorar sus instalaciones y ayudar a las personas mayores con menos recursos de la residencia, donde estuvo interna&nbsp;<strong>Cecilia junto a su hijo, que tiene par\u00e1lisis cerebral.&nbsp;<\/strong>Finalmente, fue trasladada a otro centro cuando comenz\u00f3 a sufrir demencia senil.<\/p>\n\n\n\n<p>En concreto, se espera superar en&nbsp;<strong>2026 los 300.000 visitantes<\/strong>, lo que ha supuesto unos ingresos de m\u00e1s de 600.000 euros y la creaci\u00f3n de dos empleos en el Santuario, ha asegurado Arilla.<\/p>\n\n\n\n<p><a href=\"https:\/\/www.rtve.es\/noticias\/20220819\/10-anos-ecce-homo-error-alcanzo-fama-mundial\/2396878.shtml\"><\/a><\/p>\n\n\n\n<figure class=\"wp-block-image\"><a href=\"https:\/\/www.rtve.es\/noticias\/20220819\/10-anos-ecce-homo-error-alcanzo-fama-mundial\/2396878.shtml\"><img decoding=\"async\" src=\"https:\/\/img.rtve.es\/n\/10-anos-ecce-homo-error-alcanzo-fama-mundial_2396878.jpg\" alt=\"El 'Ecce Homo' cumple 10 a\u00f1os: el error de restauraci\u00f3n que alcanz\u00f3 la fama mundial\"\/><\/a><\/figure>\n\n\n\n<p><a href=\"https:\/\/www.rtve.es\/noticias\/20220819\/10-anos-ecce-homo-error-alcanzo-fama-mundial\/2396878.shtml\"><\/a><a href=\"https:\/\/www.rtve.es\/noticias\/20220819\/10-anos-ecce-homo-error-alcanzo-fama-mundial\/2396878.shtml\"><strong>El &#8216;Ecce Homo&#8217; cumple 10 a\u00f1os: el error de restauraci\u00f3n que alcanz\u00f3 la fama mundial<\/strong><\/a><\/p>\n\n\n\n<h2 class=\"wp-block-heading\">Cecilia tuvo una vida \u00abmuy dura\u00bb dedicada a su hijo<\/h2>\n\n\n\n<p>En declaraciones del alcalde que ha recogido Europa Press, este ha indicado que la ilustre vecina llevaba \u00ab<strong>unos tiempos complicados<\/strong>\u00ab, pero ha destacado que logr\u00f3 lo que siempre quiso: pasar sus \u00faltimos a\u00f1os en paz, tranquila y con su hijo.<\/p>\n\n\n\n<p>Adem\u00e1s, Arilla ha subrayado que&nbsp;<strong>Cecilia tuvo una vida \u00abmuy dura\u00bb<\/strong>&nbsp;debido a que qued\u00f3 viuda a una edad muy temprana,&nbsp;<strong>uno de sus dos hijos muere de distrofia muscular<\/strong>&nbsp;degenerativa y queda a cargo del otro, con una discapacidad, que es a quien iba a atender cuando dej\u00f3 incompleto el repintado del fresco.<\/p>\n\n\n\n<p>\u00ab<strong>Para una calle, una plaza siempre hay tiempo<\/strong>\u00ab, ha remarcado Arilla, quien ha insistido en el agradecimiento generalizado de los borjanos a Cecilia, pese a la tristeza por su fallecimiento.<\/p>\n\n\n\n<p>Fuente: <a href=\"https:\/\/www.rtve.es\/noticias\/20251229\/muere-cecilia-gimenez-autora-restauracion-ecce-homo-borja\/16877352.shtml\">https:\/\/www.rtve.es\/noticias\/20251229\/muere-cecilia-gimenez-autora-restauracion-ecce-homo-borja\/16877352.shtml<\/a><\/p>\n","protected":false},"excerpt":{"rendered":"<p>Padec\u00eda demencia senil y vivi\u00f3 sus \u00faltimos tiempos en una residencia de ancianos de Zaragoza. Salt\u00f3 a la fama en [&hellip;]<\/p>\n","protected":false},"author":1,"featured_media":113711,"comment_status":"open","ping_status":"open","sticky":false,"template":"","format":"standard","meta":{"site-sidebar-layout":"default","site-content-layout":"","ast-site-content-layout":"default","site-content-style":"default","site-sidebar-style":"default","ast-global-header-display":"","ast-banner-title-visibility":"","ast-main-header-display":"","ast-hfb-above-header-display":"","ast-hfb-below-header-display":"","ast-hfb-mobile-header-display":"","site-post-title":"","ast-breadcrumbs-content":"","ast-featured-img":"","footer-sml-layout":"","theme-transparent-header-meta":"","adv-header-id-meta":"","stick-header-meta":"","header-above-stick-meta":"","header-main-stick-meta":"","header-below-stick-meta":"","astra-migrate-meta-layouts":"default","ast-page-background-enabled":"default","ast-page-background-meta":{"desktop":{"background-color":"var(--ast-global-color-4)","background-image":"","background-repeat":"repeat","background-position":"center center","background-size":"auto","background-attachment":"scroll","background-type":"","background-media":"","overlay-type":"","overlay-color":"","overlay-opacity":"","overlay-gradient":""},"tablet":{"background-color":"","background-image":"","background-repeat":"repeat","background-position":"center center","background-size":"auto","background-attachment":"scroll","background-type":"","background-media":"","overlay-type":"","overlay-color":"","overlay-opacity":"","overlay-gradient":""},"mobile":{"background-color":"","background-image":"","background-repeat":"repeat","background-position":"center center","background-size":"auto","background-attachment":"scroll","background-type":"","background-media":"","overlay-type":"","overlay-color":"","overlay-opacity":"","overlay-gradient":""}},"ast-content-background-meta":{"desktop":{"background-color":"var(--ast-global-color-5)","background-image":"","background-repeat":"repeat","background-position":"center center","background-size":"auto","background-attachment":"scroll","background-type":"","background-media":"","overlay-type":"","overlay-color":"","overlay-opacity":"","overlay-gradient":""},"tablet":{"background-color":"var(--ast-global-color-5)","background-image":"","background-repeat":"repeat","background-position":"center center","background-size":"auto","background-attachment":"scroll","background-type":"","background-media":"","overlay-type":"","overlay-color":"","overlay-opacity":"","overlay-gradient":""},"mobile":{"background-color":"var(--ast-global-color-5)","background-image":"","background-repeat":"repeat","background-position":"center center","background-size":"auto","background-attachment":"scroll","background-type":"","background-media":"","overlay-type":"","overlay-color":"","overlay-opacity":"","overlay-gradient":""}},"footnotes":""},"categories":[8],"tags":[44916,44915],"class_list":["post-113710","post","type-post","status-publish","format-standard","has-post-thumbnail","hentry","category-noticias","tag-ecce-homo-de-borja","tag-pintora-cecilia-gimenbez"],"_links":{"self":[{"href":"https:\/\/losperiodistas.com.mx\/portal\/wp-json\/wp\/v2\/posts\/113710","targetHints":{"allow":["GET"]}}],"collection":[{"href":"https:\/\/losperiodistas.com.mx\/portal\/wp-json\/wp\/v2\/posts"}],"about":[{"href":"https:\/\/losperiodistas.com.mx\/portal\/wp-json\/wp\/v2\/types\/post"}],"author":[{"embeddable":true,"href":"https:\/\/losperiodistas.com.mx\/portal\/wp-json\/wp\/v2\/users\/1"}],"replies":[{"embeddable":true,"href":"https:\/\/losperiodistas.com.mx\/portal\/wp-json\/wp\/v2\/comments?post=113710"}],"version-history":[{"count":1,"href":"https:\/\/losperiodistas.com.mx\/portal\/wp-json\/wp\/v2\/posts\/113710\/revisions"}],"predecessor-version":[{"id":113712,"href":"https:\/\/losperiodistas.com.mx\/portal\/wp-json\/wp\/v2\/posts\/113710\/revisions\/113712"}],"wp:featuredmedia":[{"embeddable":true,"href":"https:\/\/losperiodistas.com.mx\/portal\/wp-json\/wp\/v2\/media\/113711"}],"wp:attachment":[{"href":"https:\/\/losperiodistas.com.mx\/portal\/wp-json\/wp\/v2\/media?parent=113710"}],"wp:term":[{"taxonomy":"category","embeddable":true,"href":"https:\/\/losperiodistas.com.mx\/portal\/wp-json\/wp\/v2\/categories?post=113710"},{"taxonomy":"post_tag","embeddable":true,"href":"https:\/\/losperiodistas.com.mx\/portal\/wp-json\/wp\/v2\/tags?post=113710"}],"curies":[{"name":"wp","href":"https:\/\/api.w.org\/{rel}","templated":true}]}}