{"id":113707,"date":"2025-12-30T06:17:18","date_gmt":"2025-12-30T12:17:18","guid":{"rendered":"https:\/\/losperiodistas.com.mx\/portal\/?p=113707"},"modified":"2025-12-30T06:17:19","modified_gmt":"2025-12-30T12:17:19","slug":"ee-uu-ataco-con-drones-de-la-cia-un-puerto-en-venezuela-segun-el-new-york-times-efe","status":"publish","type":"post","link":"https:\/\/losperiodistas.com.mx\/portal\/ee-uu-ataco-con-drones-de-la-cia-un-puerto-en-venezuela-segun-el-new-york-times-efe\/","title":{"rendered":"EE.UU. atac\u00f3 con drones de la CIA un puerto en Venezuela, seg\u00fan el New York Times | EFE"},"content":{"rendered":"\n<figure class=\"wp-block-image size-full\"><img fetchpriority=\"high\" decoding=\"async\" width=\"900\" height=\"506\" src=\"https:\/\/losperiodistas.com.mx\/portal\/wp-content\/uploads\/2025\/12\/EE.UU-Venezuela-1.webp\" alt=\"\" class=\"wp-image-113708\" srcset=\"https:\/\/losperiodistas.com.mx\/portal\/wp-content\/uploads\/2025\/12\/EE.UU-Venezuela-1.webp 900w, https:\/\/losperiodistas.com.mx\/portal\/wp-content\/uploads\/2025\/12\/EE.UU-Venezuela-1-300x169.webp 300w, https:\/\/losperiodistas.com.mx\/portal\/wp-content\/uploads\/2025\/12\/EE.UU-Venezuela-1-768x432.webp 768w\" sizes=\"(max-width: 900px) 100vw, 900px\" \/><figcaption class=\"wp-element-caption\">Fotograf\u00eda de archivo de un buque transportando combustibles en el Lago de Maracaibo, Venezuela. EFE\/ Henry Chirinos<\/figcaption><\/figure>\n\n\n\n<p class=\"has-vivid-red-color has-text-color has-link-color has-medium-font-size wp-elements-23db7e95974579b190d8bc7ea9a6cef6\"><strong>Agencia EFE<\/strong><\/p>\n\n\n\n<p>Washington (EFE).- La Agencia Central de Inteligencia (CIA) de Estados Unidos llev\u00f3 a cabo la semana pasada un ataque con drones contra una instalaci\u00f3n portuaria en Venezuela, en lo que constituye la primera operaci\u00f3n estadounidense conocida dentro del pa\u00eds, inform\u00f3 este lunes el New York Times.&nbsp;<\/p>\n\n\n\n<p>Seg\u00fan el diario, el ataque tuvo como objetivo un muelle que funcionarios estadounidenses creen era utilizado por el Tren de Aragua para almacenar narc\u00f3ticos y preparar su traslado en embarcaciones.<\/p>\n\n\n\n<p>Las fuentes bajo anonimato indicaron que no hab\u00eda personas en el lugar en el momento del impacto y que no se registraron v\u00edctimas mortales.<\/p>\n\n\n\n<p>El presidente, Donald Trump, confirm\u00f3 el lunes que Estados Unidos fue responsable del ataque, aunque se neg\u00f3 a detallar c\u00f3mo se ejecut\u00f3 o qui\u00e9n lo llev\u00f3 a cabo.<\/p>\n\n\n\n<figure class=\"wp-block-image\"><img decoding=\"async\" src=\"https:\/\/i0.wp.com\/efe.com\/wp-content\/uploads\/2025\/12\/Trump-China-Taiwan-1.webp?resize=900%2C600&amp;ssl=1\" alt=\"Trump China Taiw\u00e1n\" class=\"wp-image-2384761\"\/><figcaption class=\"wp-element-caption\">El presidente de EE.UU., Donald Trump, en una fotograf\u00eda del 19 de diciembre de 2025. EFE\/ Will Oliver<\/figcaption><\/figure>\n\n\n\n<p>\u00abHubo una gran explosi\u00f3n en la zona del muelle donde cargan las drogas en los barcos\u00bb, dijo el republicano a periodistas en su recinto privado de Florida, Mar-a-Lago.<\/p>\n\n\n\n<h2 class=\"wp-block-heading\" id=\"h-las-tensiones-entre-washington-y-caracas\">Las tensiones entre Washington y Caracas<\/h2>\n\n\n\n<p>El Gobierno venezolano no coment\u00f3 directamente la operaci\u00f3n, mientras que el ministro del Interior, Diosdado Cabello, denunci\u00f3 una serie de acciones de \u00abacoso, amenazas y ataques\u00bb.<\/p>\n\n\n\n<p>De acuerdo con el New York Times, la operaci\u00f3n marca una intensificaci\u00f3n de la campa\u00f1a de presi\u00f3n de la&nbsp;<a href=\"https:\/\/efe.com\/mundo\/2025-12-29\/trump-maduro-llamada-eeuu-venezuela\/\" target=\"_blank\" rel=\"noreferrer noopener\">Administraci\u00f3n Trump contra el Gobierno de Nicol\u00e1s Maduro<\/a>, que hasta ahora se hab\u00eda limitado a acciones en aguas internacionales contra embarcaciones sospechosas de narcotr\u00e1fico.<\/p>\n\n\n\n<p>El Pent\u00e1gono ha desplegado drones MQ-9 Reaper en la regi\u00f3n como parte de esa estrategia, a\u00f1adi\u00f3 el diario.<\/p>\n\n\n\n<p>Desde hace varias semanas, Trump lleva advirtiendo que en el marco de su campa\u00f1a de presi\u00f3n contra la Administraci\u00f3n de Nicol\u00e1s Maduro, que ha implicado la destrucci\u00f3n de una treintena de lanchas que supuestamente cargan drogas y la muerte de m\u00e1s de 100 de sus ocupantes, Washington iba a comenzar a atacar objetivos en tierra.<\/p>\n\n\n\n<figure class=\"wp-block-embed is-type-wp-embed is-provider-efe-noticias wp-block-embed-efe-noticias\"><div class=\"wp-block-embed__wrapper\">\n<blockquote class=\"wp-embedded-content\" data-secret=\"a00YmomVWC\"><a href=\"https:\/\/efe.com\/mundo\/2025-12-29\/ee-uu-destruye-instalacion-vinculada-narcotrafico-venezuela\/\">Trump dice que EE.UU. destruy\u00f3 una \u00abgran instalaci\u00f3n\u00bb dentro de su campa\u00f1a contra Venezuela<\/a><\/blockquote><iframe class=\"wp-embedded-content\" sandbox=\"allow-scripts\" security=\"restricted\" style=\"position: absolute; visibility: hidden;\" title=\"\u00abTrump dice que EE.UU. destruy\u00f3 una \u00abgran instalaci\u00f3n\u00bb dentro de su campa\u00f1a contra Venezuela\u00bb \u2014 EFE Noticias\" src=\"https:\/\/efe.com\/mundo\/2025-12-29\/ee-uu-destruye-instalacion-vinculada-narcotrafico-venezuela\/embed\/#?secret=lHRIBzPWsP#?secret=a00YmomVWC\" data-secret=\"a00YmomVWC\" width=\"500\" height=\"282\" frameborder=\"0\" marginwidth=\"0\" marginheight=\"0\" scrolling=\"no\"><\/iframe>\n<\/div><\/figure>\n\n\n\n<p>EE.UU mantiene desde mitad de a\u00f1o un amplio despliegue aeronaval en el Caribe, cerca de aguas venezolanas, que, seg\u00fan afirma, tiene como objetivo combatir el narcotr\u00e1fico, pero que Caracas interpreta como \u00abamenazas\u00bb y un intento de propiciar un cambio de r\u00e9gimen.<\/p>\n\n\n\n<p>Las tensiones escalaron tras el anuncio por parte de Trump de un bloqueo a los buques petroleros sancionados que se trasladen desde y hacia el pa\u00eds suramericano, y la confiscaci\u00f3n de dos buques que transportaban crudo venezolano en las \u00faltimas semanas.<\/p>\n\n\n\n<p>Fuente: <a href=\"https:\/\/efe.com\/mundo\/2025-12-30\/eeuu-ataque-drones-cia-puerto-venezuela\/\">https:\/\/efe.com\/mundo\/2025-12-30\/eeuu-ataque-drones-cia-puerto-venezuela\/<\/a><\/p>\n","protected":false},"excerpt":{"rendered":"<p>Agencia EFE Washington (EFE).- La Agencia Central de Inteligencia (CIA) de Estados Unidos llev\u00f3 a cabo la semana pasada un [&hellip;]<\/p>\n","protected":false},"author":1,"featured_media":113708,"comment_status":"open","ping_status":"open","sticky":false,"template":"","format":"standard","meta":{"site-sidebar-layout":"default","site-content-layout":"","ast-site-content-layout":"default","site-content-style":"default","site-sidebar-style":"default","ast-global-header-display":"","ast-banner-title-visibility":"","ast-main-header-display":"","ast-hfb-above-header-display":"","ast-hfb-below-header-display":"","ast-hfb-mobile-header-display":"","site-post-title":"","ast-breadcrumbs-content":"","ast-featured-img":"","footer-sml-layout":"","theme-transparent-header-meta":"","adv-header-id-meta":"","stick-header-meta":"","header-above-stick-meta":"","header-main-stick-meta":"","header-below-stick-meta":"","astra-migrate-meta-layouts":"default","ast-page-background-enabled":"default","ast-page-background-meta":{"desktop":{"background-color":"var(--ast-global-color-4)","background-image":"","background-repeat":"repeat","background-position":"center center","background-size":"auto","background-attachment":"scroll","background-type":"","background-media":"","overlay-type":"","overlay-color":"","overlay-opacity":"","overlay-gradient":""},"tablet":{"background-color":"","background-image":"","background-repeat":"repeat","background-position":"center center","background-size":"auto","background-attachment":"scroll","background-type":"","background-media":"","overlay-type":"","overlay-color":"","overlay-opacity":"","overlay-gradient":""},"mobile":{"background-color":"","background-image":"","background-repeat":"repeat","background-position":"center center","background-size":"auto","background-attachment":"scroll","background-type":"","background-media":"","overlay-type":"","overlay-color":"","overlay-opacity":"","overlay-gradient":""}},"ast-content-background-meta":{"desktop":{"background-color":"var(--ast-global-color-5)","background-image":"","background-repeat":"repeat","background-position":"center center","background-size":"auto","background-attachment":"scroll","background-type":"","background-media":"","overlay-type":"","overlay-color":"","overlay-opacity":"","overlay-gradient":""},"tablet":{"background-color":"var(--ast-global-color-5)","background-image":"","background-repeat":"repeat","background-position":"center center","background-size":"auto","background-attachment":"scroll","background-type":"","background-media":"","overlay-type":"","overlay-color":"","overlay-opacity":"","overlay-gradient":""},"mobile":{"background-color":"var(--ast-global-color-5)","background-image":"","background-repeat":"repeat","background-position":"center center","background-size":"auto","background-attachment":"scroll","background-type":"","background-media":"","overlay-type":"","overlay-color":"","overlay-opacity":"","overlay-gradient":""}},"footnotes":""},"categories":[8],"tags":[12165,44914,44913,2935],"class_list":["post-113707","post","type-post","status-publish","format-standard","has-post-thumbnail","hentry","category-noticias","tag-cia","tag-ee-uu-ataca-puerto-en-venezuela","tag-tren-de-araguam","tag-venezuela"],"_links":{"self":[{"href":"https:\/\/losperiodistas.com.mx\/portal\/wp-json\/wp\/v2\/posts\/113707","targetHints":{"allow":["GET"]}}],"collection":[{"href":"https:\/\/losperiodistas.com.mx\/portal\/wp-json\/wp\/v2\/posts"}],"about":[{"href":"https:\/\/losperiodistas.com.mx\/portal\/wp-json\/wp\/v2\/types\/post"}],"author":[{"embeddable":true,"href":"https:\/\/losperiodistas.com.mx\/portal\/wp-json\/wp\/v2\/users\/1"}],"replies":[{"embeddable":true,"href":"https:\/\/losperiodistas.com.mx\/portal\/wp-json\/wp\/v2\/comments?post=113707"}],"version-history":[{"count":1,"href":"https:\/\/losperiodistas.com.mx\/portal\/wp-json\/wp\/v2\/posts\/113707\/revisions"}],"predecessor-version":[{"id":113709,"href":"https:\/\/losperiodistas.com.mx\/portal\/wp-json\/wp\/v2\/posts\/113707\/revisions\/113709"}],"wp:featuredmedia":[{"embeddable":true,"href":"https:\/\/losperiodistas.com.mx\/portal\/wp-json\/wp\/v2\/media\/113708"}],"wp:attachment":[{"href":"https:\/\/losperiodistas.com.mx\/portal\/wp-json\/wp\/v2\/media?parent=113707"}],"wp:term":[{"taxonomy":"category","embeddable":true,"href":"https:\/\/losperiodistas.com.mx\/portal\/wp-json\/wp\/v2\/categories?post=113707"},{"taxonomy":"post_tag","embeddable":true,"href":"https:\/\/losperiodistas.com.mx\/portal\/wp-json\/wp\/v2\/tags?post=113707"}],"curies":[{"name":"wp","href":"https:\/\/api.w.org\/{rel}","templated":true}]}}