{"id":113493,"date":"2025-12-27T20:17:08","date_gmt":"2025-12-28T02:17:08","guid":{"rendered":"https:\/\/losperiodistas.com.mx\/portal\/?p=113493"},"modified":"2025-12-27T20:17:09","modified_gmt":"2025-12-28T02:17:09","slug":"mexico-el-inesperado-ganador-en-la-guerra-arancelaria-de-trump-the-wall-street-journal-proceso","status":"publish","type":"post","link":"https:\/\/losperiodistas.com.mx\/portal\/mexico-el-inesperado-ganador-en-la-guerra-arancelaria-de-trump-the-wall-street-journal-proceso\/","title":{"rendered":"M\u00e9xico, el inesperado ganador en la guerra arancelaria de Trump: The Wall Street Journal | Proceso"},"content":{"rendered":"\n<p><strong>Casi el 85% de las exportaciones totales de M\u00e9xico permanecen libres de tarifas bajo el T-MEC, mientras Sheinbaum ha mantenido di\u00e1logos con Trump para gestionar el uso del comercio como forma de presi\u00f3n en asuntos no econ\u00f3micos, destaca el diario estadunidense<\/strong><\/p>\n\n\n\n<figure class=\"wp-block-image size-large\"><img fetchpriority=\"high\" decoding=\"async\" width=\"1024\" height=\"576\" src=\"https:\/\/losperiodistas.com.mx\/portal\/wp-content\/uploads\/2025\/12\/TrumpYSehinbaum-1024x576.png\" alt=\"\" class=\"wp-image-113494\" srcset=\"https:\/\/losperiodistas.com.mx\/portal\/wp-content\/uploads\/2025\/12\/TrumpYSehinbaum-1024x576.png 1024w, https:\/\/losperiodistas.com.mx\/portal\/wp-content\/uploads\/2025\/12\/TrumpYSehinbaum-300x169.png 300w, https:\/\/losperiodistas.com.mx\/portal\/wp-content\/uploads\/2025\/12\/TrumpYSehinbaum-768x432.png 768w, https:\/\/losperiodistas.com.mx\/portal\/wp-content\/uploads\/2025\/12\/TrumpYSehinbaum.png 1449w\" sizes=\"(max-width: 1024px) 100vw, 1024px\" \/><figcaption class=\"wp-element-caption\">Donald Trump y Claudia Sheinbaum se vieron por primera vez el d\u00eda del sorteo del Mundial, el pasado 5 de diciembre. Foto: Presidencia<\/figcaption><\/figure>\n\n\n\n<p class=\"has-vivid-red-color has-text-color has-link-color wp-elements-b673fdfac38f1430cbb6249ac91accad\">Redacci\u00f3n \/ Proceso<\/p>\n\n\n\n<p>En el incremento de los aranceles emitido a inicios de este a\u00f1o por el presidente de Estados Unidos, Donald Trump, M\u00e9xico result\u00f3 ganador, contrario a lo que afirmaban funcionarios de gobierno y economistas.<\/p>\n\n\n\n<p>As\u00ed lo indic\u00f3 el diario The Wall Street Journal, que entrevist\u00f3 a especialistas ante el incremento de las exportaciones mexicanas a EU pese a las medidas arancelarias de Trump.<\/p>\n\n\n\n<p>El medio de comunicaci\u00f3n explic\u00f3 que el arancel final de M\u00e9xico es menor que el de la mayor\u00eda de los pa\u00edses, lo que ha ayudado a las exportaciones mexicanas a compensar parcialmente la brecha provocada por los productos chinos sujetos a mayores grav\u00e1menes.<\/p>\n\n\n\n<p>As\u00ed, los productores que quieren establecerse en EU afirman que M\u00e9xico a\u00fan conserva todas las ventajas que ten\u00eda antes de los aranceles: proximidad con el pa\u00eds del norte, una industria manufacturera de bajo costo y el tratado de libre comercio que, aunque est\u00e1 deteriorado, qued\u00f3 intacto.<\/p>\n\n\n\n<h2 class=\"wp-block-heading\"><strong>Comercio r\u00e9cord<\/strong><\/h2>\n\n\n\n<p>El diario estadunidense cita datos del gobierno mexicano que indican que pese a los elevados aranceles sobre autom\u00f3viles, acero y aluminio que se exportan a EU, estas operaciones aumentaron casi en un 9% de enero a noviembre, en comparaci\u00f3n con los primeros 11 meses de 2024.<\/p>\n\n\n\n<p>Mientras las exportaciones de la industria automotriz a EU cayeron cerca de un 6% durante el mismo periodo, las de otros productos manufacturados en M\u00e9xico aumentaron un 17%.<\/p>\n\n\n\n<p>\u201cEl comercio de bienes entre Estados Unidos y M\u00e9xico se encamina a alcanzar un r\u00e9cord de casi 900 mil millones de d\u00f3lares este a\u00f1o\u201d, afirma el medio de comunicaci\u00f3n.<\/p>\n\n\n\n<p>\u201cEl banco central proyecta que la econom\u00eda mexicana se expandir\u00e1 un 0.3% en 2025, una cifra an\u00e9mica, pero lejos de la contracci\u00f3n del 1% que se esperaba hasta ahora, seg\u00fan Kathryn Exum, codirectora de investigaci\u00f3n soberana de Gramercy Funds Management, que gestiona alrededor de 7 mil millones de d\u00f3lares en activos de mercados emergentes\u201d.<\/p>\n\n\n\n<h2 class=\"wp-block-heading\"><strong>El \u201cD\u00eda de la Liberaci\u00f3n\u201d<\/strong><\/h2>\n\n\n\n<p>Por ello, el diario asegur\u00f3 que M\u00e9xico esquiv\u00f3 una bala en la guerra comercial de Trump y para ello, utiliz\u00f3 el caso de la empresa Nearshore Co., que ayuda a fabricantes extranjeros a producir bienes destinados a EU en M\u00e9xico a trav\u00e9s de su red de 18 plantas industriales ubicadas principalmente a lo largo de la frontera.<\/p>\n\n\n\n<p>El codirector ejecutivo de la compa\u00f1\u00eda, Jorge Gonz\u00e1lez Henrichsen, charl\u00f3 con el medio de comunicaci\u00f3n y record\u00f3 que a principios de este a\u00f1o, muchos planes de inversi\u00f3n en manufactura se hab\u00edan congelado mientras las empresas tuvieron m\u00e1s claridad sobre los niveles arancelarios para M\u00e9xico y otros pa\u00edses.<\/p>\n\n\n\n<p>Pero para el 2 de abril de 2025, D\u00eda de la Liberaci\u00f3n, como lo llama Trump, los carteles anunciaban las nuevas tasas arancelarias para casi todos los pa\u00edses, excepto para M\u00e9xico.<\/p>\n\n\n\n<p>El empresario indic\u00f3 que r\u00e1pidamente recibi\u00f3 varias llamadas de personas interesadas en reiniciar proyectos de manufactura en M\u00e9xico, que hab\u00edan sido suspendidos por la entrada de los nuevos aranceles.<\/p>\n\n\n\n<p>Los clientes de Nearshore Co., concluyeron que M\u00e9xico estaba en mejor situaci\u00f3n que muchos otros socios comerciales de EU, incluyendo a los fabricantes de Asia.<\/p>\n\n\n\n<p>\u201cDe hecho, fue el D\u00eda de la Liberaci\u00f3n pero para nosotros\u201d, dijo Gonz\u00e1lez Henrichsen al peri\u00f3dico.<\/p>\n\n\n\n<h2 class=\"wp-block-heading\"><strong>Desactivando amenazas<\/strong><\/h2>\n\n\n\n<p>Actualmente casi el 85% de las exportaciones totales de M\u00e9xico permanecen libres de aranceles bajo el T-MEC, mientras que la presidenta Claudia Sheinbaum ha mantenido di\u00e1logos con Trump para gestionar su uso del comercio como forma de presi\u00f3n en asuntos no econ\u00f3micos.<\/p>\n\n\n\n<p>\u201cHa reforzado la lucha contra las drogas en la frontera, ha expulsado a jefes de c\u00e1rteles encarcelados y buscados por Estados Unidos e impuesto aranceles del 50% a veh\u00edculos y otros productos fabricados en China, desactivando as\u00ed las amenazas estadunidenses de aranceles m\u00e1s severos\u201d, indica el diario.<\/p>\n\n\n\n<p>Sin embargo, M\u00e9xico a\u00fan enfrenta los aranceles m\u00e1s altos en una generaci\u00f3n: 25% sobre contenido no estadunidense en autom\u00f3viles; hasta 50% sobre aluminio y acero y 25% sobre exportaciones que no cumplen con el T-MEC pues EU insiste en que el gobierno mexicano no ha hecho lo suficiente para frenar los flujos de drogas.<\/p>\n\n\n\n<p>La tasa arancelaria efectiva de M\u00e9xico es del 4.7%, en comparaci\u00f3n con el 37.1% de China y la tasa efectiva global a nivel mundial es de alrededor del 10%.<\/p>\n\n\n\n<p>\u201cM\u00e9xico super\u00f3 a China como el principal proveedor de bienes extranjeros a Estados Unidos en 2023 y se ha convertido en su mayor comprador, gracias a la profunda integraci\u00f3n manufacturera regional y a una amplia mano de obra joven y econ\u00f3mica\u201d, indica la publicaci\u00f3n.<\/p>\n\n\n\n<p>La proximidad a los mercados estadunidenses tambi\u00e9n reduce los costos de transporte de bienes como los autom\u00f3viles y los env\u00edos mexicanos de equipos de procesamiento de datos aumentaron m\u00e1s del doble este a\u00f1o.<\/p>\n\n\n\n<p>Fuente: <a href=\"https:\/\/www.proceso.com.mx\/economia\/2025\/12\/27\/mexico-el-inesperado-ganador-en-la-guerra-arancelaria-de-trump-the-wall-street-journal-365444.html\" target=\"_blank\" rel=\"noreferrer noopener\">Proceso<\/a><\/p>\n","protected":false},"excerpt":{"rendered":"<p>Casi el 85% de las exportaciones totales de M\u00e9xico permanecen libres de tarifas bajo el T-MEC, mientras Sheinbaum ha mantenido di\u00e1logos con Trump para gestionar el uso del comercio como forma de presi\u00f3n en asuntos no econ\u00f3micos, destaca el diario estadunidense<\/p>\n","protected":false},"author":1,"featured_media":113494,"comment_status":"open","ping_status":"open","sticky":false,"template":"","format":"standard","meta":{"site-sidebar-layout":"default","site-content-layout":"","ast-site-content-layout":"default","site-content-style":"default","site-sidebar-style":"default","ast-global-header-display":"","ast-banner-title-visibility":"","ast-main-header-display":"","ast-hfb-above-header-display":"","ast-hfb-below-header-display":"","ast-hfb-mobile-header-display":"","site-post-title":"","ast-breadcrumbs-content":"","ast-featured-img":"","footer-sml-layout":"","theme-transparent-header-meta":"","adv-header-id-meta":"","stick-header-meta":"","header-above-stick-meta":"","header-main-stick-meta":"","header-below-stick-meta":"","astra-migrate-meta-layouts":"default","ast-page-background-enabled":"default","ast-page-background-meta":{"desktop":{"background-color":"var(--ast-global-color-4)","background-image":"","background-repeat":"repeat","background-position":"center center","background-size":"auto","background-attachment":"scroll","background-type":"","background-media":"","overlay-type":"","overlay-color":"","overlay-opacity":"","overlay-gradient":""},"tablet":{"background-color":"","background-image":"","background-repeat":"repeat","background-position":"center center","background-size":"auto","background-attachment":"scroll","background-type":"","background-media":"","overlay-type":"","overlay-color":"","overlay-opacity":"","overlay-gradient":""},"mobile":{"background-color":"","background-image":"","background-repeat":"repeat","background-position":"center center","background-size":"auto","background-attachment":"scroll","background-type":"","background-media":"","overlay-type":"","overlay-color":"","overlay-opacity":"","overlay-gradient":""}},"ast-content-background-meta":{"desktop":{"background-color":"var(--ast-global-color-5)","background-image":"","background-repeat":"repeat","background-position":"center center","background-size":"auto","background-attachment":"scroll","background-type":"","background-media":"","overlay-type":"","overlay-color":"","overlay-opacity":"","overlay-gradient":""},"tablet":{"background-color":"var(--ast-global-color-5)","background-image":"","background-repeat":"repeat","background-position":"center center","background-size":"auto","background-attachment":"scroll","background-type":"","background-media":"","overlay-type":"","overlay-color":"","overlay-opacity":"","overlay-gradient":""},"mobile":{"background-color":"var(--ast-global-color-5)","background-image":"","background-repeat":"repeat","background-position":"center center","background-size":"auto","background-attachment":"scroll","background-type":"","background-media":"","overlay-type":"","overlay-color":"","overlay-opacity":"","overlay-gradient":""}},"footnotes":""},"categories":[8],"tags":[37148,2193,2799,25240,10989],"class_list":["post-113493","post","type-post","status-publish","format-standard","has-post-thumbnail","hentry","category-noticias","tag-guerra-arancelaria","tag-mexico","tag-t-mec","tag-the-wall-street-journal","tag-trump"],"_links":{"self":[{"href":"https:\/\/losperiodistas.com.mx\/portal\/wp-json\/wp\/v2\/posts\/113493","targetHints":{"allow":["GET"]}}],"collection":[{"href":"https:\/\/losperiodistas.com.mx\/portal\/wp-json\/wp\/v2\/posts"}],"about":[{"href":"https:\/\/losperiodistas.com.mx\/portal\/wp-json\/wp\/v2\/types\/post"}],"author":[{"embeddable":true,"href":"https:\/\/losperiodistas.com.mx\/portal\/wp-json\/wp\/v2\/users\/1"}],"replies":[{"embeddable":true,"href":"https:\/\/losperiodistas.com.mx\/portal\/wp-json\/wp\/v2\/comments?post=113493"}],"version-history":[{"count":1,"href":"https:\/\/losperiodistas.com.mx\/portal\/wp-json\/wp\/v2\/posts\/113493\/revisions"}],"predecessor-version":[{"id":113495,"href":"https:\/\/losperiodistas.com.mx\/portal\/wp-json\/wp\/v2\/posts\/113493\/revisions\/113495"}],"wp:featuredmedia":[{"embeddable":true,"href":"https:\/\/losperiodistas.com.mx\/portal\/wp-json\/wp\/v2\/media\/113494"}],"wp:attachment":[{"href":"https:\/\/losperiodistas.com.mx\/portal\/wp-json\/wp\/v2\/media?parent=113493"}],"wp:term":[{"taxonomy":"category","embeddable":true,"href":"https:\/\/losperiodistas.com.mx\/portal\/wp-json\/wp\/v2\/categories?post=113493"},{"taxonomy":"post_tag","embeddable":true,"href":"https:\/\/losperiodistas.com.mx\/portal\/wp-json\/wp\/v2\/tags?post=113493"}],"curies":[{"name":"wp","href":"https:\/\/api.w.org\/{rel}","templated":true}]}}