{"id":113413,"date":"2025-12-26T17:43:24","date_gmt":"2025-12-26T23:43:24","guid":{"rendered":"https:\/\/losperiodistas.com.mx\/portal\/?p=113413"},"modified":"2025-12-26T17:43:26","modified_gmt":"2025-12-26T23:43:26","slug":"mexico-cierra-2025-como-el-segundo-pais-con-menor-desocupacion-en-el-mundo-la-jornada","status":"publish","type":"post","link":"https:\/\/losperiodistas.com.mx\/portal\/mexico-cierra-2025-como-el-segundo-pais-con-menor-desocupacion-en-el-mundo-la-jornada\/","title":{"rendered":"M\u00e9xico cierra 2025 como el segundo pa\u00eds con menor desocupaci\u00f3n en el mundo | La Jornada"},"content":{"rendered":"\n<p>Seg\u00fan datos del Gobierno de M\u00e9xico, nuestro pa\u00eds supera los niveles de empleo de Alemania que tiene una tasa de desocupaci\u00f3n de 3.6 por ciento y de Estados Unidos que reporta 4.6 por ciento de desempleo.<\/p>\n\n\n\n<figure class=\"wp-block-image size-large\"><img fetchpriority=\"high\" decoding=\"async\" width=\"1024\" height=\"632\" src=\"https:\/\/losperiodistas.com.mx\/portal\/wp-content\/uploads\/2025\/12\/sheinbaum-desocupacion-1024x632.png\" alt=\"\" class=\"wp-image-113414\" srcset=\"https:\/\/losperiodistas.com.mx\/portal\/wp-content\/uploads\/2025\/12\/sheinbaum-desocupacion-1024x632.png 1024w, https:\/\/losperiodistas.com.mx\/portal\/wp-content\/uploads\/2025\/12\/sheinbaum-desocupacion-300x185.png 300w, https:\/\/losperiodistas.com.mx\/portal\/wp-content\/uploads\/2025\/12\/sheinbaum-desocupacion-768x474.png 768w, https:\/\/losperiodistas.com.mx\/portal\/wp-content\/uploads\/2025\/12\/sheinbaum-desocupacion.png 1358w\" sizes=\"(max-width: 1024px) 100vw, 1024px\" \/><figcaption class=\"wp-element-caption\">Foto: Germ\u00e1n Canseco\/@ClaudiaShein<\/figcaption><\/figure>\n\n\n\n<p class=\"has-vivid-red-color has-text-color has-link-color wp-elements-d8ace0577df33144c006bfd7901140d9\">Redacci\u00f3n \/ La Jornada<\/p>\n\n\n\n<p>A trav\u00e9s de sus redes sociales, la presidenta Claudia Sheinbaum destac\u00f3 que M\u00e9xico ocupa el segundo lugar a nivel mundial en tasa de desempleo, solo por debajo de Jap\u00f3n. Seg\u00fan los datos difundidos por la mandataria, los nipones tienen una tasa de 2.6 por ciento, apenas una d\u00e9cima porcentual por arriba de nuestro pa\u00eds que tiene un 2.7 por ciento.<\/p>\n\n\n\n<p>Mediante una tabla que incluy\u00f3 en su mensaje, M\u00e9xico supera los niveles de empleo de Alemania que tiene una tasa de desocupaci\u00f3n de 3.6 por ciento y de Estados Unidos que reporta 4.6 por ciento de desempleo.<\/p>\n\n\n\n<figure class=\"wp-block-embed is-type-rich is-provider-twitter wp-block-embed-twitter\"><div class=\"wp-block-embed__wrapper\">\n<blockquote class=\"twitter-tweet\" data-width=\"500\" data-dnt=\"true\"><p lang=\"es\" dir=\"ltr\">Cerramos este 2025 como el segundo pa\u00eds con menos desocupaci\u00f3n en el mundo. La transformaci\u00f3n da resultados. <a href=\"https:\/\/t.co\/PHOMIowJdt\">pic.twitter.com\/PHOMIowJdt<\/a><\/p>&mdash; Claudia Sheinbaum Pardo (@Claudiashein) <a href=\"https:\/\/twitter.com\/Claudiashein\/status\/2004600999412146381?ref_src=twsrc%5Etfw\">December 26, 2025<\/a><\/blockquote><script async src=\"https:\/\/platform.twitter.com\/widgets.js\" charset=\"utf-8\"><\/script>\n<\/div><\/figure>\n\n\n\n<p>De acuerdo con la comparaci\u00f3n internacional, pa\u00edses como Estados Unidos, Australia, Alemania y Francia presentan tasas de desocupaci\u00f3n m\u00e1s elevadas que M\u00e9xico, mientras que Espa\u00f1a (10.5) y Finlandia (10.3) se ubican entre los niveles m\u00e1s altos del listado.<\/p>\n\n\n\n<p>La gr\u00e1fica se\u00f1ala que los datos corresponden a mediciones actualizadas hasta <strong>octubre y noviembre de 2025<\/strong>, y fueron elaborados con base en informaci\u00f3n internacional comparada.<\/p>\n\n\n\n<p>Fuente: <a href=\"https:\/\/www.jornada.com.mx\/noticia\/2025\/12\/26\/politica\/destaca-sheinbaum-el-segundo-lugar-de-mexico-con-menor-desempleo-a-nivel-mundial\" target=\"_blank\" rel=\"noreferrer noopener\">La Jornada<\/a><\/p>\n","protected":false},"excerpt":{"rendered":"<p>Seg\u00fan datos del Gobierno de M\u00e9xico, nuestro pa\u00eds supera los niveles de empleo de Alemania que tiene una tasa de desocupaci\u00f3n de 3.6 por ciento y de Estados Unidos que reporta 4.6 por ciento de desempleo.<\/p>\n","protected":false},"author":1,"featured_media":113414,"comment_status":"open","ping_status":"open","sticky":false,"template":"","format":"standard","meta":{"site-sidebar-layout":"default","site-content-layout":"","ast-site-content-layout":"default","site-content-style":"default","site-sidebar-style":"default","ast-global-header-display":"","ast-banner-title-visibility":"","ast-main-header-display":"","ast-hfb-above-header-display":"","ast-hfb-below-header-display":"","ast-hfb-mobile-header-display":"","site-post-title":"","ast-breadcrumbs-content":"","ast-featured-img":"","footer-sml-layout":"","theme-transparent-header-meta":"","adv-header-id-meta":"","stick-header-meta":"","header-above-stick-meta":"","header-main-stick-meta":"","header-below-stick-meta":"","astra-migrate-meta-layouts":"default","ast-page-background-enabled":"default","ast-page-background-meta":{"desktop":{"background-color":"var(--ast-global-color-4)","background-image":"","background-repeat":"repeat","background-position":"center center","background-size":"auto","background-attachment":"scroll","background-type":"","background-media":"","overlay-type":"","overlay-color":"","overlay-opacity":"","overlay-gradient":""},"tablet":{"background-color":"","background-image":"","background-repeat":"repeat","background-position":"center center","background-size":"auto","background-attachment":"scroll","background-type":"","background-media":"","overlay-type":"","overlay-color":"","overlay-opacity":"","overlay-gradient":""},"mobile":{"background-color":"","background-image":"","background-repeat":"repeat","background-position":"center center","background-size":"auto","background-attachment":"scroll","background-type":"","background-media":"","overlay-type":"","overlay-color":"","overlay-opacity":"","overlay-gradient":""}},"ast-content-background-meta":{"desktop":{"background-color":"var(--ast-global-color-5)","background-image":"","background-repeat":"repeat","background-position":"center center","background-size":"auto","background-attachment":"scroll","background-type":"","background-media":"","overlay-type":"","overlay-color":"","overlay-opacity":"","overlay-gradient":""},"tablet":{"background-color":"var(--ast-global-color-5)","background-image":"","background-repeat":"repeat","background-position":"center center","background-size":"auto","background-attachment":"scroll","background-type":"","background-media":"","overlay-type":"","overlay-color":"","overlay-opacity":"","overlay-gradient":""},"mobile":{"background-color":"var(--ast-global-color-5)","background-image":"","background-repeat":"repeat","background-position":"center center","background-size":"auto","background-attachment":"scroll","background-type":"","background-media":"","overlay-type":"","overlay-color":"","overlay-opacity":"","overlay-gradient":""}},"footnotes":""},"categories":[8],"tags":[3463,44760,9128,2193,16903],"class_list":["post-113413","post","type-post","status-publish","format-standard","has-post-thumbnail","hentry","category-noticias","tag-desempleo","tag-desocupacion","tag-japon","tag-mexico","tag-sheinbaum"],"_links":{"self":[{"href":"https:\/\/losperiodistas.com.mx\/portal\/wp-json\/wp\/v2\/posts\/113413","targetHints":{"allow":["GET"]}}],"collection":[{"href":"https:\/\/losperiodistas.com.mx\/portal\/wp-json\/wp\/v2\/posts"}],"about":[{"href":"https:\/\/losperiodistas.com.mx\/portal\/wp-json\/wp\/v2\/types\/post"}],"author":[{"embeddable":true,"href":"https:\/\/losperiodistas.com.mx\/portal\/wp-json\/wp\/v2\/users\/1"}],"replies":[{"embeddable":true,"href":"https:\/\/losperiodistas.com.mx\/portal\/wp-json\/wp\/v2\/comments?post=113413"}],"version-history":[{"count":1,"href":"https:\/\/losperiodistas.com.mx\/portal\/wp-json\/wp\/v2\/posts\/113413\/revisions"}],"predecessor-version":[{"id":113415,"href":"https:\/\/losperiodistas.com.mx\/portal\/wp-json\/wp\/v2\/posts\/113413\/revisions\/113415"}],"wp:featuredmedia":[{"embeddable":true,"href":"https:\/\/losperiodistas.com.mx\/portal\/wp-json\/wp\/v2\/media\/113414"}],"wp:attachment":[{"href":"https:\/\/losperiodistas.com.mx\/portal\/wp-json\/wp\/v2\/media?parent=113413"}],"wp:term":[{"taxonomy":"category","embeddable":true,"href":"https:\/\/losperiodistas.com.mx\/portal\/wp-json\/wp\/v2\/categories?post=113413"},{"taxonomy":"post_tag","embeddable":true,"href":"https:\/\/losperiodistas.com.mx\/portal\/wp-json\/wp\/v2\/tags?post=113413"}],"curies":[{"name":"wp","href":"https:\/\/api.w.org\/{rel}","templated":true}]}}