{"id":113408,"date":"2025-12-26T08:57:12","date_gmt":"2025-12-26T14:57:12","guid":{"rendered":"https:\/\/losperiodistas.com.mx\/portal\/?p=113408"},"modified":"2025-12-26T08:57:14","modified_gmt":"2025-12-26T14:57:14","slug":"antonio-damasio-neurocientifico-la-ia-atrofia-el-desarrollo-de-los-jovenes-y-los-aleja-de-la-consciencia-el-mundo","status":"publish","type":"post","link":"https:\/\/losperiodistas.com.mx\/portal\/antonio-damasio-neurocientifico-la-ia-atrofia-el-desarrollo-de-los-jovenes-y-los-aleja-de-la-consciencia-el-mundo\/","title":{"rendered":"Antonio Damasio, neurocient\u00edfico: \u00abLa IA atrofia el desarrollo de los j\u00f3venes y los aleja de la consciencia\u00bb | El Mundo"},"content":{"rendered":"\n<p class=\"has-blush-light-purple-gradient-background has-background has-medium-font-size\">El premio Princesa de Asturias disecciona en su nueva obra, &#8216;Inteligencia natural y la l\u00f3gica de la consciencia&#8217;, la brecha entre procesar datos y sentir la vida. Para \u00e9l, la homeostasis supone el muro biol\u00f3gico infranqueable que impide a las m\u00e1quinas alcanzar la consciencia humana<\/p>\n\n\n\n<figure class=\"wp-block-image size-large\"><img fetchpriority=\"high\" decoding=\"async\" width=\"1024\" height=\"682\" src=\"https:\/\/losperiodistas.com.mx\/portal\/wp-content\/uploads\/2025\/12\/17662409250671-1024x682.webp\" alt=\"\" class=\"wp-image-113409\" srcset=\"https:\/\/losperiodistas.com.mx\/portal\/wp-content\/uploads\/2025\/12\/17662409250671-1024x682.webp 1024w, https:\/\/losperiodistas.com.mx\/portal\/wp-content\/uploads\/2025\/12\/17662409250671-300x200.webp 300w, https:\/\/losperiodistas.com.mx\/portal\/wp-content\/uploads\/2025\/12\/17662409250671-768x512.webp 768w, https:\/\/losperiodistas.com.mx\/portal\/wp-content\/uploads\/2025\/12\/17662409250671.webp 1220w\" sizes=\"(max-width: 1024px) 100vw, 1024px\" \/><figcaption class=\"wp-element-caption\">Antonio Damasio, neurocient\u00edfico, posa en su vista a Madrid hace unas semanas en el Hotel Mandarin Oriental Ritz. Sergio Enr\u00edquez-Nistal<\/figcaption><\/figure>\n\n\n\n<p class=\"has-vivid-red-color has-text-color has-link-color has-medium-font-size wp-elements-0273011bd7661af94529c3a87292688a\"><strong><a href=\"https:\/\/www.elmundo.es\/autor\/pilar-perez.html\">Pilar P\u00e9rez<\/a> \/ El Mundo<\/strong><\/p>\n\n\n\n<p>La consciencia es fruto del trabajo conjunto de nuestro cerebro, nuestra mente y nuestro cuerpo.&nbsp;<a href=\"https:\/\/www.elmundo.es\/papel\/el-mundo-que-viene\/2020\/02\/13\/5e453f00fc6c83f3098b46ae.html\" target=\"_blank\" rel=\"noreferrer noopener\">Antonio Damasio<\/a>&nbsp;(Lisboa, 1944) apunta que el desarrollo de esta capacidad atribuida a los seres vivos \u00abes la que nos permite sentir y vivir en sociedad\u00bb. En su \u00faltima obra,&nbsp;<em>Inteligencia natural y la l\u00f3gica de la consciencia<\/em>&nbsp;(Destino) aborda este concepto en plena expansi\u00f3n de la IA en todas las esferas de nuestra vida, menos una: \u00abla consciencia\u00bb.<\/p>\n\n\n\n<p>El neur\u00f3logo que recibi\u00f3, hace ya 20 a\u00f1os el Pr\u00edncipe de Asturias de Investigaci\u00f3n, no demoniza la IA, sino que nos anima a integrarla sin que nos genere una dependencia que nos anule las capacidades que nos han permitido desarrollarla, como la creatividad y el pensamiento cr\u00edtico.<\/p>\n\n\n\n<p><strong>PREGUNTA: La cuesti\u00f3n inevitable: \u00bftendr\u00e1 la inteligencia artificial consciencia?<\/strong><\/p>\n\n\n\n<p><strong>RESPUESTA:<\/strong> La realidad es que los dispositivos artificiales no tienen vida. Y es poco probable que la desarrollen. No tienen una sociedad; podremos fabricarles una, pero la verdad es que ellos no viven en ella. Y estos dos aspectos son fundamentales.<\/p>\n\n\n\n<p><strong>P: \u00bfPor qu\u00e9?<\/strong><\/p>\n\n\n\n<p><strong>R: <\/strong>Porque la consciencia, tal y como la tenemos, est\u00e1 relacionada con la vida; con proteger nuestra vida de las enfermedades y la muerte. Esta es la hip\u00f3tesis m\u00e1s importante del nuevo libro. La consciencia a trav\u00e9s de sentimientos como el hambre, la sed o el dolor, nos da una se\u00f1al de que algo no va bien en nuestro organismo y debemos corregirlo.<\/p>\n\n\n\n<p><strong>P: \u00bfC\u00f3mo act\u00faa?<\/strong><\/p>\n\n\n\n<p><strong>R: <\/strong>Por ejemplo, si tienes dolor, eso es una se\u00f1al de alerta que te indica que necesitas averiguar por qu\u00e9 para poder hacer algo al respecto. Al contrario, cuando tienes bienestar, recibes tambi\u00e9n una se\u00f1al importante que te permite salir al mundo a explorar a tu favor y lograr la continuidad de tu vida. Los dispositivos artificiales no tienen nada de eso, no tienen vida. No tiene sentido que tengan consciencia.<\/p>\n\n\n\n<p><strong>P: Pero, seguro que hay quien quiera crear una conciencia artificial de la misma forma que se ha desarrollado la inteligencia artificial&#8230;<\/strong><\/p>\n\n\n\n<p><strong>R: <\/strong>Puede que la busquen imitando los mecanismos que nos permiten ser conscientes. Pero eso es otra cosa. Podemos decir que los dispositivos artificiales podr\u00edan desarrollar conciencia, pero no la consciencia humana.<\/p>\n\n\n\n<p><strong>P: \u00bfSer\u00eda artificial?<\/strong><\/p>\n\n\n\n<p><strong>R: <\/strong>S\u00ed, nunca humana. Hay que recalcar que la consciencia como tal solo es propia y tal de los organismos vivos. Todos los animales que nos rodean tienen un sistema nervioso que da lugar a la percepci\u00f3n de la realidad que les rodea. Nuestra consciencia nos permite tener una mente muy profunda, gran capacidad creativa y un lenguaje. Porque, otra cosa que resalto en el libro, es que una cosa es tener mente y otra ser consciente. La consciencia es lo que permite que la mente sea conocida por nosotros, la que desarrolla los sentimientos. Y estos son los que permiten saber que nuestra mente pertenece a nuestro cuerpo.<\/p>\n\n\n\n<p class=\"has-text-align-center has-pale-cyan-blue-background-color has-background has-medium-font-size\"><strong><em>\u00abUna cosa es la mente y otra la consciencia. La segunda nos permite conocer los sentimientos\u00bb<\/em><\/strong><\/p>\n\n\n\n<p><strong>P: Un sistema tan complejo, \u00bfser\u00eda reproducible?<\/strong><\/p>\n\n\n\n<p><strong>R: <\/strong>Creo que tenemos que ver a la IA como una herramienta \u00fatil para avanzar en el conocimiento. Es \u00fatil en la creaci\u00f3n de modelos. La investigaci\u00f3n de la consciencia requiere que indaguemos m\u00e1s sobre nuestra biolog\u00eda, en los mecanismos que nos permiten ser conscientes.<\/p>\n\n\n\n<p><strong>P: Aqu\u00ed, es donde aparece el concepto de homeostasis.<\/strong><\/p>\n\n\n\n<p><strong>R: &nbsp;<\/strong>Hay que partir del hecho de que la consciencia est\u00e9 tan ligada a la homeostasis y a los sentimientos homeost\u00e1ticos, y que sean estos los que nos dan la consciencia. En el libro describo cu\u00e1les son las partes del organismo, las del cerebro, que son esenciales para crear consciencia.<\/p>\n\n\n\n<p><strong>P: Insisto en esta cuesti\u00f3n: \u00bfse puede crear una consciencia artificial asociada a una IA, desenmara\u00f1ando este sistema?<\/strong><\/p>\n\n\n\n<p><strong>R: &nbsp;<\/strong>Lo siento, repito, la consciencia artificial no existe. La nuestra existe porque el hecho de que t\u00fa y yo estemos aqu\u00ed hablando ahora es lo que le da significado a la consciencia de ambos. Recordemos que la inteligencia artificial no es m\u00e1s que una creaci\u00f3n de nuestra inteligencia natural. Y lo hemos hecho a trav\u00e9s de dos maneras: nuestra riqueza mental ha podido desarrollar dispositivos artificiales, o sea, son un producto nuestro, humano; y, en cierto modo, la naturaleza ha inventado la IA porque algunos de nuestros sistemas operativos, como por ejemplo nuestra corteza cerebral, se les parecen bastante.<\/p>\n\n\n\n<p><strong>P: La sociedad actual se encuentra en un momento de riesgo ante la invasi\u00f3n de la IA en sus vidas: se subarriendan tareas cerebrales y se le conf\u00eda el dise\u00f1o de hojas de rutas vitales. \u00bfQu\u00e9 nos jugamos?<\/strong><\/p>\n\n\n\n<p><strong>R: &nbsp;<\/strong>Desde un punto de vista de nuestra cultura, nos debe preocupar que, sobre todo, los m\u00e1s j\u00f3venes dependan demasiado de los dispositivos con IA. Hay que subrayar dos problemas clave: primero, literalmente atrofian la posibilidad de sus propios desarrollos; y segundo, si se centran en las m\u00e1quinas no se est\u00e1n centrando en otros humanos. Y los necesitamos en nuestra sociedad, que est\u00e9n atentos a otros seres y a sus problemas.<\/p>\n\n\n\n<p class=\"has-text-align-center has-pale-cyan-blue-background-color has-background has-medium-font-size\"><strong><em>\u00abDeber\u00edamos resolver los asuntos mediante la interacci\u00f3n con las personas y no las con m\u00e1quinas\u00bb<\/em><\/strong><\/p>\n\n\n\n<p><strong>P: La dependencia de que una m\u00e1quina nos resuelva los problemas, \u00bfnos aleja de los rasgos de la humanidad, como la consciencia?<\/strong><\/p>\n\n\n\n<p><strong>R: &nbsp;<\/strong>Deber\u00edamos intentar resolver los asuntos mediante la interacci\u00f3n con personas, centrarnos en ellas y en la sociedad en lugar de hacerlo con m\u00e1quinas que no tienen vida y que, si te dan una soluci\u00f3n, son soluciones artificiales. Se pierde la capacidad de la consciencia, de ser m\u00e1s cr\u00edticos y del pensamiento introspectivo.<\/p>\n\n\n\n<p><strong>P: Esa consciencia es la que nos permite sobrevivir aprendiendo del pasado, estando en el presente y mirar al futuro, \u00bfcierto?<\/strong><\/p>\n\n\n\n<p><strong>R: <\/strong>Nos permite ser ahora y ver que el tiempo pasa. Nos ayuda a tener un sentido del pasado y del futuro. Es fundamental para navegar en el mundo y enfrentar los problemas y desaf\u00edos que plantea a diario.<\/p>\n\n\n\n<p>Fuente: <a href=\"https:\/\/www.elmundo.es\/ciencia-y-salud\/salud\/2025\/12\/26\/6946b56f21efa0165b8b45a6.html\">https:\/\/www.elmundo.es\/ciencia-y-salud\/salud\/2025\/12\/26\/6946b56f21efa0165b8b45a6.html<\/a><\/p>\n","protected":false},"excerpt":{"rendered":"<p>El premio Princesa de Asturias disecciona en su nueva obra, &#8216;Inteligencia natural y la l\u00f3gica de la consciencia&#8217;, la brecha [&hellip;]<\/p>\n","protected":false},"author":1,"featured_media":113409,"comment_status":"open","ping_status":"open","sticky":false,"template":"","format":"standard","meta":{"site-sidebar-layout":"default","site-content-layout":"","ast-site-content-layout":"default","site-content-style":"default","site-sidebar-style":"default","ast-global-header-display":"","ast-banner-title-visibility":"","ast-main-header-display":"","ast-hfb-above-header-display":"","ast-hfb-below-header-display":"","ast-hfb-mobile-header-display":"","site-post-title":"","ast-breadcrumbs-content":"","ast-featured-img":"","footer-sml-layout":"","theme-transparent-header-meta":"","adv-header-id-meta":"","stick-header-meta":"","header-above-stick-meta":"","header-main-stick-meta":"","header-below-stick-meta":"","astra-migrate-meta-layouts":"default","ast-page-background-enabled":"default","ast-page-background-meta":{"desktop":{"background-color":"var(--ast-global-color-4)","background-image":"","background-repeat":"repeat","background-position":"center center","background-size":"auto","background-attachment":"scroll","background-type":"","background-media":"","overlay-type":"","overlay-color":"","overlay-opacity":"","overlay-gradient":""},"tablet":{"background-color":"","background-image":"","background-repeat":"repeat","background-position":"center center","background-size":"auto","background-attachment":"scroll","background-type":"","background-media":"","overlay-type":"","overlay-color":"","overlay-opacity":"","overlay-gradient":""},"mobile":{"background-color":"","background-image":"","background-repeat":"repeat","background-position":"center center","background-size":"auto","background-attachment":"scroll","background-type":"","background-media":"","overlay-type":"","overlay-color":"","overlay-opacity":"","overlay-gradient":""}},"ast-content-background-meta":{"desktop":{"background-color":"var(--ast-global-color-5)","background-image":"","background-repeat":"repeat","background-position":"center center","background-size":"auto","background-attachment":"scroll","background-type":"","background-media":"","overlay-type":"","overlay-color":"","overlay-opacity":"","overlay-gradient":""},"tablet":{"background-color":"var(--ast-global-color-5)","background-image":"","background-repeat":"repeat","background-position":"center center","background-size":"auto","background-attachment":"scroll","background-type":"","background-media":"","overlay-type":"","overlay-color":"","overlay-opacity":"","overlay-gradient":""},"mobile":{"background-color":"var(--ast-global-color-5)","background-image":"","background-repeat":"repeat","background-position":"center center","background-size":"auto","background-attachment":"scroll","background-type":"","background-media":"","overlay-type":"","overlay-color":"","overlay-opacity":"","overlay-gradient":""}},"footnotes":""},"categories":[8],"tags":[44759,44757,44756,44758],"class_list":["post-113408","post","type-post","status-publish","format-standard","has-post-thumbnail","hentry","category-noticias","tag-la-ia-atrofia-el-desarrollo-de-los-jovenes","tag-libro-nteligencia-natural-y-la-logica-de-la-consciencia","tag-neurocientifico-antonio-damasio","tag-tendra-la-inteligencia-artificial-consciencia"],"_links":{"self":[{"href":"https:\/\/losperiodistas.com.mx\/portal\/wp-json\/wp\/v2\/posts\/113408","targetHints":{"allow":["GET"]}}],"collection":[{"href":"https:\/\/losperiodistas.com.mx\/portal\/wp-json\/wp\/v2\/posts"}],"about":[{"href":"https:\/\/losperiodistas.com.mx\/portal\/wp-json\/wp\/v2\/types\/post"}],"author":[{"embeddable":true,"href":"https:\/\/losperiodistas.com.mx\/portal\/wp-json\/wp\/v2\/users\/1"}],"replies":[{"embeddable":true,"href":"https:\/\/losperiodistas.com.mx\/portal\/wp-json\/wp\/v2\/comments?post=113408"}],"version-history":[{"count":1,"href":"https:\/\/losperiodistas.com.mx\/portal\/wp-json\/wp\/v2\/posts\/113408\/revisions"}],"predecessor-version":[{"id":113410,"href":"https:\/\/losperiodistas.com.mx\/portal\/wp-json\/wp\/v2\/posts\/113408\/revisions\/113410"}],"wp:featuredmedia":[{"embeddable":true,"href":"https:\/\/losperiodistas.com.mx\/portal\/wp-json\/wp\/v2\/media\/113409"}],"wp:attachment":[{"href":"https:\/\/losperiodistas.com.mx\/portal\/wp-json\/wp\/v2\/media?parent=113408"}],"wp:term":[{"taxonomy":"category","embeddable":true,"href":"https:\/\/losperiodistas.com.mx\/portal\/wp-json\/wp\/v2\/categories?post=113408"},{"taxonomy":"post_tag","embeddable":true,"href":"https:\/\/losperiodistas.com.mx\/portal\/wp-json\/wp\/v2\/tags?post=113408"}],"curies":[{"name":"wp","href":"https:\/\/api.w.org\/{rel}","templated":true}]}}