{"id":113399,"date":"2025-12-26T08:07:08","date_gmt":"2025-12-26T14:07:08","guid":{"rendered":"https:\/\/losperiodistas.com.mx\/portal\/?p=113399"},"modified":"2025-12-26T08:07:10","modified_gmt":"2025-12-26T14:07:10","slug":"el-antiguo-comercio-de-alfombras-persas-en-peligro-por-las-sanciones-occidentales-financial-times","status":"publish","type":"post","link":"https:\/\/losperiodistas.com.mx\/portal\/el-antiguo-comercio-de-alfombras-persas-en-peligro-por-las-sanciones-occidentales-financial-times\/","title":{"rendered":"El antiguo comercio de alfombras persas, en peligro por las sanciones occidentales | Financial Times"},"content":{"rendered":"\n<p class=\"has-medium-font-size\">Las exportaciones alcanzan los niveles m\u00e1s bajos registrados, poniendo en riesgo la artesan\u00eda de tejer alfombras finas<\/p>\n\n\n\n<figure class=\"wp-block-image size-large\"><img fetchpriority=\"high\" decoding=\"async\" width=\"1024\" height=\"576\" src=\"https:\/\/losperiodistas.com.mx\/portal\/wp-content\/uploads\/2025\/12\/ftcms_bff56d4f-3849-436e-9db3-332be252de6a-copia-1024x576.jpg\" alt=\"\" class=\"wp-image-113400\" srcset=\"https:\/\/losperiodistas.com.mx\/portal\/wp-content\/uploads\/2025\/12\/ftcms_bff56d4f-3849-436e-9db3-332be252de6a-copia-1024x576.jpg 1024w, https:\/\/losperiodistas.com.mx\/portal\/wp-content\/uploads\/2025\/12\/ftcms_bff56d4f-3849-436e-9db3-332be252de6a-copia-300x169.jpg 300w, https:\/\/losperiodistas.com.mx\/portal\/wp-content\/uploads\/2025\/12\/ftcms_bff56d4f-3849-436e-9db3-332be252de6a-copia-768x432.jpg 768w, https:\/\/losperiodistas.com.mx\/portal\/wp-content\/uploads\/2025\/12\/ftcms_bff56d4f-3849-436e-9db3-332be252de6a-copia.jpg 1440w\" sizes=\"(max-width: 1024px) 100vw, 1024px\" \/><figcaption class=\"wp-element-caption\">\u00a9 Morteza Aminoroayayi\/Im\u00e1genes de Oriente Medio\/AFP\/Getty Images<\/figcaption><\/figure>\n\n\n\n<p><\/p>\n\n\n\n<p class=\"has-vivid-red-color has-text-color has-link-color has-medium-font-size wp-elements-7fd36aa61cee69146fc9eb379152d3c7\"><strong>Bita Ghaffari \/ The Financial Times<\/strong><\/p>\n\n\n\n<p>Teher\u00e1n <\/p>\n\n\n\n<p>La industria de alfombras tejidas a mano de Ir\u00e1n est\u00e1 sufriendo un declive sin precedentes, con las exportaciones cayendo a sus niveles m\u00e1s bajos registrados debido a las sanciones estadounidenses y las regulaciones internas sobre divisas. <\/p>\n\n\n\n<p>Los iran\u00edes que se dedican al comercio de alfombras persas, reconocidas por su arte y artesan\u00eda, afirmaron que la inestabilidad en la regi\u00f3n tambi\u00e9n contribuy\u00f3 al colapso. La producci\u00f3n de alfombras, cuya historia se remonta a milenios, se ha reducido a una fracci\u00f3n de los niveles de d\u00e9cadas pasadas a medida que Ir\u00e1n pierde su dominio en el mercado global. <\/p>\n\n\n\n<p>Esto ha perjudicado gravemente a los negocios locales. \u00abLos costos de fabricaci\u00f3n de una alfombra son altos y las ganancias bajas\u00bb, dijo Akram Fakhri, de 45 a\u00f1os, tejedor de Kashan, una ciudad conocida por su fina artesan\u00eda. <\/p>\n\n\n\n<p>Dijo que necesitaba invertir $250 para comprar la lana y la seda para una alfombra, y luego pasar un a\u00f1o entero teji\u00e9ndola. Si le queda perfecta, puede esperar venderla por m\u00e1s de $600, dijo. <\/p>\n\n\n\n<p>Fakhri dijo que se estaba agotando por la falta de protecci\u00f3n social o apoyo gubernamental. \u00abTrabajo con dolor constante de espalda y piernas. Pero contratar a un ayudante de tejedor est\u00e1 fuera de mis posibilidades\u00bb. <\/p>\n\n\n\n<p>Se prev\u00e9 que las exportaciones de alfombras caigan por debajo de los 40 millones de d\u00f3lares en el a\u00f1o hasta marzo de 2026, frente a los 41,7 millones de d\u00f3lares del a\u00f1o anterior, seg\u00fan la Comisi\u00f3n de Alfombras y Artesan\u00edas de la C\u00e1mara de Comercio de Ir\u00e1n. <\/p>\n\n\n\n<p>Morteza Haji Aghamiri, presidente de la comisi\u00f3n, dijo que las cifras de exportaci\u00f3n hab\u00edan estado por debajo de los 100 millones de d\u00f3lares \u2014\u00bbtan escasas que podemos decir que son pr\u00e1cticamente cero\u00bb\u2014 durante seis a\u00f1os consecutivos, por debajo de un pico de m\u00e1s de 2.000 millones de d\u00f3lares hace tres d\u00e9cadas.<\/p>\n\n\n\n<figure class=\"wp-block-image size-large\"><img decoding=\"async\" width=\"1024\" height=\"682\" src=\"https:\/\/losperiodistas.com.mx\/portal\/wp-content\/uploads\/2025\/12\/ftcms_71472e55-cd70-4381-b7c9-e4fd8e6da415-1024x682.avif\" alt=\"\" class=\"wp-image-113401\" srcset=\"https:\/\/losperiodistas.com.mx\/portal\/wp-content\/uploads\/2025\/12\/ftcms_71472e55-cd70-4381-b7c9-e4fd8e6da415-1024x682.avif 1024w, https:\/\/losperiodistas.com.mx\/portal\/wp-content\/uploads\/2025\/12\/ftcms_71472e55-cd70-4381-b7c9-e4fd8e6da415-300x200.avif 300w, https:\/\/losperiodistas.com.mx\/portal\/wp-content\/uploads\/2025\/12\/ftcms_71472e55-cd70-4381-b7c9-e4fd8e6da415-768x512.avif 768w, https:\/\/losperiodistas.com.mx\/portal\/wp-content\/uploads\/2025\/12\/ftcms_71472e55-cd70-4381-b7c9-e4fd8e6da415.avif 1400w\" sizes=\"(max-width: 1024px) 100vw, 1024px\" \/><figcaption class=\"wp-element-caption\">Alfombras persas tejidas a mano con seda en la ciudad sagrada de Qom<\/figcaption><\/figure>\n\n\n\n<p>Con elaborados dise\u00f1os florales y medallones, las alfombras persas tienen fuertes v\u00ednculos regionales; cuanto m\u00e1s intrincadas son, m\u00e1s tiempo tardan en tejerse. Las alfombras elaboradas en la ciudad sagrada de Qom son muy apreciadas, mientras que dominar los refinados dise\u00f1os de la ciudad noroccidental de Tabriz requiere a\u00f1os de pr\u00e1ctica, seg\u00fan los expertos. Las alfombras tribales de los grupos n\u00f3madas Qashqai y Bakhtiari presentan distintivos motivos geom\u00e9tricos y llamativos dise\u00f1os florales. <\/p>\n\n\n\n<p>Un dise\u00f1o Qom de seis metros cuadrados hecho \u00edntegramente en seda, uno de los m\u00e1s valiosos, lleva al menos un a\u00f1o y medio para tejerse y se vende entre 10.000 y 30.000 d\u00f3lares, dijo Mohsen Shojaei, un empresario de alfombras de Mashhad. <\/p>\n\n\n\n<p>La industria sufri\u00f3 un duro golpe en 2018, cuando Donald Trump \u2014en su primer mandato como presidente\u2014 retir\u00f3 a Estados Unidos de un pacto que limitaba el programa nuclear iran\u00ed a cambio de sanciones m\u00e1s laxas y comenz\u00f3 una campa\u00f1a de \u201cm\u00e1xima presi\u00f3n\u201d con nuevas medidas punitivas.<\/p>\n\n\n\n<figure class=\"wp-block-image size-large\"><img decoding=\"async\" width=\"576\" height=\"1024\" src=\"https:\/\/losperiodistas.com.mx\/portal\/wp-content\/uploads\/2025\/12\/ftcms_c47afe34-4173-44ff-ac49-c97095b57acb-576x1024.avif\" alt=\"\" class=\"wp-image-113402\" srcset=\"https:\/\/losperiodistas.com.mx\/portal\/wp-content\/uploads\/2025\/12\/ftcms_c47afe34-4173-44ff-ac49-c97095b57acb-576x1024.avif 576w, https:\/\/losperiodistas.com.mx\/portal\/wp-content\/uploads\/2025\/12\/ftcms_c47afe34-4173-44ff-ac49-c97095b57acb-169x300.avif 169w, https:\/\/losperiodistas.com.mx\/portal\/wp-content\/uploads\/2025\/12\/ftcms_c47afe34-4173-44ff-ac49-c97095b57acb-768x1365.avif 768w, https:\/\/losperiodistas.com.mx\/portal\/wp-content\/uploads\/2025\/12\/ftcms_c47afe34-4173-44ff-ac49-c97095b57acb-864x1536.avif 864w, https:\/\/losperiodistas.com.mx\/portal\/wp-content\/uploads\/2025\/12\/ftcms_c47afe34-4173-44ff-ac49-c97095b57acb-1152x2048.avif 1152w, https:\/\/losperiodistas.com.mx\/portal\/wp-content\/uploads\/2025\/12\/ftcms_c47afe34-4173-44ff-ac49-c97095b57acb.avif 1400w\" sizes=\"(max-width: 576px) 100vw, 576px\" \/><figcaption class=\"wp-element-caption\">El comerciante de alfombras Mohsen Shojaei: \u00abIncluso la exposici\u00f3n de alfombras de Teher\u00e1n, que se celebraba cada septiembre y que nos permit\u00eda mantener un contacto m\u00ednimo con los compradores extranjeros, se cancel\u00f3 este a\u00f1o\u00bb \u00a9 Mohsen Shojaei<\/figcaption><\/figure>\n\n\n\n<p>Como las sanciones provocaron una escasez de reservas extranjeras, desde 2018 el gobierno de Ir\u00e1n ha obligado a los exportadores a vender parte de sus ingresos en moneda extranjera al banco central al tipo de cambio oficial, en lugar de los tipos m\u00e1s favorables disponibles en el mercado abierto. <\/p>\n\n\n\n<p>Los grupos empresariales dijeron que esto hab\u00eda provocado una fuerte disminuci\u00f3n en el n\u00famero de exportadores de alfombras. <\/p>\n\n\n\n<p>Abdollah Bahrami, presidente de la Uni\u00f3n Nacional de Cooperativas de Alfombras Tejidas a Mano, afirm\u00f3 que la regulaci\u00f3n \u00abparaliz\u00f3 por completo el sector. Ninguna de ellas tiene motivaci\u00f3n para mantenerse activa en los mercados globales\u00bb. <\/p>\n\n\n\n<p>Las alfombras iran\u00edes se exportaban anteriormente a unos 80 pa\u00edses, pero hoy en d\u00eda sus mercados de destino se limitan a los Emiratos \u00c1rabes Unidos, Alemania, Jap\u00f3n, el Reino Unido y Pakist\u00e1n. A medida que Ir\u00e1n perdi\u00f3 muchos de sus mercados tradicionales, competidores de Turqu\u00eda, India, China y Afganist\u00e1n ocuparon su lugar.<\/p>\n\n\n\n<figure class=\"wp-block-image size-large\"><img loading=\"lazy\" decoding=\"async\" width=\"1024\" height=\"682\" src=\"https:\/\/losperiodistas.com.mx\/portal\/wp-content\/uploads\/2025\/12\/ftcms_925a6557-b2e3-4f25-840f-377155197d5f-1024x682.avif\" alt=\"\" class=\"wp-image-113403\" srcset=\"https:\/\/losperiodistas.com.mx\/portal\/wp-content\/uploads\/2025\/12\/ftcms_925a6557-b2e3-4f25-840f-377155197d5f-1024x682.avif 1024w, https:\/\/losperiodistas.com.mx\/portal\/wp-content\/uploads\/2025\/12\/ftcms_925a6557-b2e3-4f25-840f-377155197d5f-300x200.avif 300w, https:\/\/losperiodistas.com.mx\/portal\/wp-content\/uploads\/2025\/12\/ftcms_925a6557-b2e3-4f25-840f-377155197d5f-768x512.avif 768w, https:\/\/losperiodistas.com.mx\/portal\/wp-content\/uploads\/2025\/12\/ftcms_925a6557-b2e3-4f25-840f-377155197d5f.avif 1400w\" sizes=\"(max-width: 1024px) 100vw, 1024px\" \/><\/figure>\n\n\n\n<p>Un mercado de alfombras en el tradicional Gran Bazar de Teher\u00e1n\u00a0\u00a9 Morteza Nikoubazl\/NurPhoto\/Getty Images<\/p>\n\n\n\n<p>Please use the sharing tools found via the share button at the top or side of articles. Copying articles to share with others is a breach of <a href=\"https:\/\/www.ft.com\">FT.com<\/a><a href=\"https:\/\/help.ft.com\/help\/legal-privacy\/terms-conditions\/\">T&amp;Cs<\/a> and <a href=\"https:\/\/help.ft.com\/help\/legal-privacy\/copyright\/copyright-policy\/\">Copyright Policy<\/a>. Email <a href=\"mailto:licensing@ft.com\">licensing@ft.com<\/a> to buy additional rights. Subscribers may share up to 10 or 20 articles per month using the gift article service. More information can be <a href=\"https:\/\/www.ft.com\/tour\">found here<\/a>.<br><a href=\"https:\/\/www.ft.com\/content\/824a6139-37a2-4558-b9c5-5e8bf3a8c1ee\">https:\/\/www.ft.com\/content\/824a6139-37a2-4558-b9c5-5e8bf3a8c1ee<\/a><\/p>\n\n\n\n<p>\u201cDespu\u00e9s del cierre del mercado estadounidense, algunos comerciantes comenzaron a desviar alfombras persas a Estados Unidos a trav\u00e9s de terceros pa\u00edses bajo el nombre de alfombras chinas, nepalesas o egipcias, mejorando la clasificaci\u00f3n de esos pa\u00edses y perjudicando la artesan\u00eda iran\u00ed al ocultar su identidad\u201d, dijo Shojaei. <\/p>\n\n\n\n<p>Dentro de Ir\u00e1n, los visitantes occidentales eran los mayores compradores de alfombras persas de alto valor antes de las \u00faltimas oleadas de sanciones, pero las tensiones pol\u00edticas con Occidente han reducido el turismo extranjero, afectando el mercado minorista. <\/p>\n\n\n\n<p>Aghamiri dijo que la incertidumbre que sigui\u00f3 a la guerra de 12 d\u00edas en junio de este a\u00f1o, desencadenada por el ataque de Israel a Ir\u00e1n, tambi\u00e9n hab\u00eda da\u00f1ado a la industria. <\/p>\n\n\n\n<p>\u201cLa interrupci\u00f3n del espacio a\u00e9reo regional despu\u00e9s de la guerra con Israel, junto con otras tensiones pol\u00edticas, hizo que los comerciantes extranjeros perdieran la confianza\u201d, dijo Shojaei. <\/p>\n\n\n\n<p>\u201cIncluso la exposici\u00f3n de alfombras de Teher\u00e1n, que se celebraba cada septiembre y que nos permit\u00eda mantener un contacto m\u00ednimo con los compradores extranjeros, fue cancelada este a\u00f1o, aparentemente debido a cortes de electricidad\u201d, dijo. <\/p>\n\n\n\n<p>La capacidad de producci\u00f3n del pa\u00eds se ha reducido, mientras que muchos maestros dise\u00f1adores han emigrado, seg\u00fan los expertos. El tejido manual de alfombras, que requiere un alto nivel de capital, se ha vuelto financieramente insostenible. <\/p>\n\n\n\n<p>La ruptura de las relaciones comerciales debido a las sanciones le cost\u00f3 a Ir\u00e1n la oportunidad de adaptarse a los cambiantes gustos del mercado y a la moda de la decoraci\u00f3n minimalista, que a menudo choca con los dise\u00f1os tradicionales de las alfombras persas. <\/p>\n\n\n\n<p>\u201cSi bien nuestras alfombras rurales y tribales con dise\u00f1os minimalistas modernos permanecen invisibles para los dise\u00f1adores de interiores extranjeros, no podemos adaptarnos adecuadamente a las demandas del mercado porque se cortaron los canales de comunicaci\u00f3n\u201d, afirm\u00f3 Haji Aghamiri. <\/p>\n\n\n\n<p>Con la inflaci\u00f3n erosionando el poder adquisitivo de los hogares, la demanda interna tambi\u00e9n se ha debilitado: las alfombras persas pr\u00e1cticamente han desaparecido de los hogares de muchas familias. Hoy en d\u00eda, menos del 3% de las alfombras producidas se utilizan en el pa\u00eds, seg\u00fan expertos del sector. <\/p>\n\n\n\n<p>\u201cLa disminuci\u00f3n de bodas, el estancamiento del mercado inmobiliario y el cambio en las preferencias de los consumidores hacia la decoraci\u00f3n minimalista y moderna han reducido la compra de alfombras tradicionales\u201d, afirm\u00f3 Shojaei. \u201cA medida que la clase media se reduce y la presi\u00f3n econ\u00f3mica aumenta, las alfombras se consideran prescindibles\u201d. <\/p>\n\n\n\n<p>Bahrami dijo que las alfombras sint\u00e9ticas producidas en masa y hechas a m\u00e1quina est\u00e1n siendo ampliamente publicitadas, impulsando al p\u00fablico a comprar estos productos m\u00e1s baratos a plazos.<\/p>\n\n\n\n<p>Bahrami afirm\u00f3 que el gobierno no hab\u00eda proporcionado \u00abninguna instalaci\u00f3n ni apoyo para exposiciones o marketing\u00bb. En la d\u00e9cada de 1990, el sector contaba con unos 6 millones de empleados y produc\u00eda 6 millones de metros cuadrados de alfombras al a\u00f1o, afirm\u00f3. Actualmente, estima que hay menos de 700.000 tejedores que producen menos de 2 millones de metros cuadrados. <\/p>\n\n\n\n<p>Hamid Ghanbari, viceministro de Asuntos Exteriores para la diplomacia econ\u00f3mica, dijo en diciembre que el ministerio formar\u00eda un grupo de trabajo para apoyar la exportaci\u00f3n de alfombras tejidas a mano. <\/p>\n\n\n\n<p>Se comprometi\u00f3 a que se aliviar\u00edan los requisitos de divisas para los exportadores para \u201cfacilitar la exportaci\u00f3n de este valioso producto\u201d. <\/p>\n\n\n\n<p>Haji Aghamiri afirm\u00f3 que a\u00fan hay esperanza para las alfombras persas si se restablecen las relaciones entre Ir\u00e1n y Occidente. \u00abSi se levantan las sanciones y restablecemos nuestras conexiones con el mundo, podr\u00edamos volver a conquistar el mercado de las alfombras art\u00edsticas tejidas a mano\u00bb. <\/p>\n\n\n\n<p>Bahrami ten\u00eda una visi\u00f3n menos optimista. \u00ab\u00bfEl futuro? El futuro se acab\u00f3. El sonido del telar en pueblos y ciudades se ha silenciado\u00bb, dijo. <\/p>\n\n\n\n<p>No creo que las alfombras tejidas a mano vuelvan a resurgir. Al menos no de forma que podamos volver a nuestros a\u00f1os de auge.<\/p>\n\n\n\n<p>Fuente: <a href=\"https:\/\/www.ft.com\/content\/824a6139-37a2-4558-b9c5-5e8bf3a8c1ee\">https:\/\/www.ft.com\/content\/824a6139-37a2-4558-b9c5-5e8bf3a8c1ee<\/a><\/p>\n","protected":false},"excerpt":{"rendered":"<p>Las exportaciones alcanzan los niveles m\u00e1s bajos registrados, poniendo en riesgo la artesan\u00eda de tejer alfombras finas Bita Ghaffari \/ [&hellip;]<\/p>\n","protected":false},"author":1,"featured_media":113400,"comment_status":"open","ping_status":"open","sticky":false,"template":"","format":"standard","meta":{"site-sidebar-layout":"default","site-content-layout":"","ast-site-content-layout":"default","site-content-style":"default","site-sidebar-style":"default","ast-global-header-display":"","ast-banner-title-visibility":"","ast-main-header-display":"","ast-hfb-above-header-display":"","ast-hfb-below-header-display":"","ast-hfb-mobile-header-display":"","site-post-title":"","ast-breadcrumbs-content":"","ast-featured-img":"","footer-sml-layout":"","theme-transparent-header-meta":"","adv-header-id-meta":"","stick-header-meta":"","header-above-stick-meta":"","header-main-stick-meta":"","header-below-stick-meta":"","astra-migrate-meta-layouts":"default","ast-page-background-enabled":"default","ast-page-background-meta":{"desktop":{"background-color":"var(--ast-global-color-4)","background-image":"","background-repeat":"repeat","background-position":"center center","background-size":"auto","background-attachment":"scroll","background-type":"","background-media":"","overlay-type":"","overlay-color":"","overlay-opacity":"","overlay-gradient":""},"tablet":{"background-color":"","background-image":"","background-repeat":"repeat","background-position":"center center","background-size":"auto","background-attachment":"scroll","background-type":"","background-media":"","overlay-type":"","overlay-color":"","overlay-opacity":"","overlay-gradient":""},"mobile":{"background-color":"","background-image":"","background-repeat":"repeat","background-position":"center center","background-size":"auto","background-attachment":"scroll","background-type":"","background-media":"","overlay-type":"","overlay-color":"","overlay-opacity":"","overlay-gradient":""}},"ast-content-background-meta":{"desktop":{"background-color":"var(--ast-global-color-5)","background-image":"","background-repeat":"repeat","background-position":"center center","background-size":"auto","background-attachment":"scroll","background-type":"","background-media":"","overlay-type":"","overlay-color":"","overlay-opacity":"","overlay-gradient":""},"tablet":{"background-color":"var(--ast-global-color-5)","background-image":"","background-repeat":"repeat","background-position":"center center","background-size":"auto","background-attachment":"scroll","background-type":"","background-media":"","overlay-type":"","overlay-color":"","overlay-opacity":"","overlay-gradient":""},"mobile":{"background-color":"var(--ast-global-color-5)","background-image":"","background-repeat":"repeat","background-position":"center center","background-size":"auto","background-attachment":"scroll","background-type":"","background-media":"","overlay-type":"","overlay-color":"","overlay-opacity":"","overlay-gradient":""}},"footnotes":""},"categories":[8],"tags":[44754,44755],"class_list":["post-113399","post","type-post","status-publish","format-standard","has-post-thumbnail","hentry","category-noticias","tag-alfombras-persas","tag-peligro-prodeuccion-alfombras-persas"],"_links":{"self":[{"href":"https:\/\/losperiodistas.com.mx\/portal\/wp-json\/wp\/v2\/posts\/113399","targetHints":{"allow":["GET"]}}],"collection":[{"href":"https:\/\/losperiodistas.com.mx\/portal\/wp-json\/wp\/v2\/posts"}],"about":[{"href":"https:\/\/losperiodistas.com.mx\/portal\/wp-json\/wp\/v2\/types\/post"}],"author":[{"embeddable":true,"href":"https:\/\/losperiodistas.com.mx\/portal\/wp-json\/wp\/v2\/users\/1"}],"replies":[{"embeddable":true,"href":"https:\/\/losperiodistas.com.mx\/portal\/wp-json\/wp\/v2\/comments?post=113399"}],"version-history":[{"count":1,"href":"https:\/\/losperiodistas.com.mx\/portal\/wp-json\/wp\/v2\/posts\/113399\/revisions"}],"predecessor-version":[{"id":113404,"href":"https:\/\/losperiodistas.com.mx\/portal\/wp-json\/wp\/v2\/posts\/113399\/revisions\/113404"}],"wp:featuredmedia":[{"embeddable":true,"href":"https:\/\/losperiodistas.com.mx\/portal\/wp-json\/wp\/v2\/media\/113400"}],"wp:attachment":[{"href":"https:\/\/losperiodistas.com.mx\/portal\/wp-json\/wp\/v2\/media?parent=113399"}],"wp:term":[{"taxonomy":"category","embeddable":true,"href":"https:\/\/losperiodistas.com.mx\/portal\/wp-json\/wp\/v2\/categories?post=113399"},{"taxonomy":"post_tag","embeddable":true,"href":"https:\/\/losperiodistas.com.mx\/portal\/wp-json\/wp\/v2\/tags?post=113399"}],"curies":[{"name":"wp","href":"https:\/\/api.w.org\/{rel}","templated":true}]}}