{"id":113395,"date":"2025-12-26T07:34:33","date_gmt":"2025-12-26T13:34:33","guid":{"rendered":"https:\/\/losperiodistas.com.mx\/portal\/?p=113395"},"modified":"2025-12-26T07:56:35","modified_gmt":"2025-12-26T13:56:35","slug":"los-canelones-de-sant-esteve-como-las-sobras-de-navidad-dan-lugar-a-la-tradicion-mas-arraigada-de-la-navidad-catalana-dap","status":"publish","type":"post","link":"https:\/\/losperiodistas.com.mx\/portal\/los-canelones-de-sant-esteve-como-las-sobras-de-navidad-dan-lugar-a-la-tradicion-mas-arraigada-de-la-navidad-catalana-dap\/","title":{"rendered":"Los canelones de Sant Esteve: c\u00f3mo las sobras de Navidad dan lugar a la tradici\u00f3n m\u00e1s arraigada de la Navidad catalana \/ DAP"},"content":{"rendered":"\n<figure class=\"wp-block-image size-large\"><img fetchpriority=\"high\" decoding=\"async\" width=\"1024\" height=\"680\" src=\"https:\/\/losperiodistas.com.mx\/portal\/wp-content\/uploads\/2025\/12\/1366_2000-1024x680.jpg\" alt=\"\" class=\"wp-image-113396\" srcset=\"https:\/\/losperiodistas.com.mx\/portal\/wp-content\/uploads\/2025\/12\/1366_2000-1024x680.jpg 1024w, https:\/\/losperiodistas.com.mx\/portal\/wp-content\/uploads\/2025\/12\/1366_2000-300x199.jpg 300w, https:\/\/losperiodistas.com.mx\/portal\/wp-content\/uploads\/2025\/12\/1366_2000-768x510.jpg 768w, https:\/\/losperiodistas.com.mx\/portal\/wp-content\/uploads\/2025\/12\/1366_2000.jpg 1366w\" sizes=\"(max-width: 1024px) 100vw, 1024px\" \/><\/figure>\n\n\n\n<p><\/p>\n\n\n\n<p class=\"has-vivid-red-color has-text-color has-link-color has-medium-font-size wp-elements-e80246768f2c7d23e3ed72caaed3ef96\"><strong>Natalia C. \/ Directo Al Paladar<\/strong><\/p>\n\n\n\n<p>Editor<\/p>\n\n\n\n<p>El d\u00eda despu\u00e9s de Navidad&nbsp;<a href=\"https:\/\/www.directoalpaladar.com\/recetario\/menu-navidad-a-catalana-para-celebrar-san-esteban-historia-fiesta-siete-recetas-que-nunca-faltan\">Catalunya celebra San Esteban<\/a>, Sant Esteve (el primer m\u00e1rtir del cristianismo lapidado en el a\u00f1o 33). Esta efem\u00e9ride, y sobre todo, el hecho de caer en el d\u00eda despu\u00e9s de Navidad es&nbsp;<strong>una nueva excusa para reunirse otro d\u00eda m\u00e1s con la familia<\/strong>&nbsp;y hacerlo alrededor de un buen plato de&nbsp;<a href=\"https:\/\/www.directoalpaladar.com\/recetas-de-pasta\/la-receta-de-canelones-de-mi-abuela\">canelones<\/a>, un plato de leyendas encontradas para todos los gustos.<\/p>\n\n\n\n<p>Aunque parece un ritual casi medieval, la degustaci\u00f3n de canelones en Sant Esteve&nbsp;<strong>se populariz\u00f3 hace poco m\u00e1s de un siglo<\/strong>. Estos no aparecen en ning\u00fan recetario catal\u00e1n justamente hasta principios del siglo XX, y se sabe adem\u00e1s que restaurantes emblem\u00e1ticos como la Maison Dor\u00e9e de Barcelona los serv\u00eda ya en el siglo XIX a una burgues\u00eda que los consideraba un plato especialmente refinado.<\/p>\n\n\n\n<p>La gran dificultad de llevar los canelones a las casas era en aquel entonces la elaboraci\u00f3n de la pasta, no el relleno, un problema que se termin\u00f3 en 1911 cuando el empresario Ramon Flo Valls empez\u00f3 a comercializar en Barcelona sus&nbsp;<strong>primeras placas secas bajo la marca El Pavo en 1911<\/strong>. Este avance populariz\u00f3 definitivamente los canelones en todo tipo de restaurantes e incluso lleg\u00f3 a la gran mayor\u00eda de hogares.<\/p>\n\n\n\n<p>Adem\u00e1s, esto tambi\u00e9n supuso una multiplicaci\u00f3n de las recetas: en cada casa hay una forma de cocinarlos y se conoce que&nbsp;<strong>existe hasta un centenar de recetas documentadas<\/strong>. No obstante, la receta b\u00e1sica incluye carne de cerdo, ternera y pollo acompa\u00f1ada de un sofrito de cebolla y tomate, pudiendo variar mucho la proporci\u00f3n y el a\u00f1adido de otros ingredientes.<\/p>\n\n\n\n<p>Por ejemplo,&nbsp;<strong>hay quienes a\u00f1aden h\u00edgado de pollo, cerebro de cordero y hasta foie gras<\/strong>&nbsp;o pat\u00e9 para conseguir m\u00e1s untuosidad (dando lugar en este \u00faltimo caso a los&nbsp;<a href=\"https:\/\/www.directoalpaladar.com\/recetas-de-pasta\/canelones-rossini-receta-original-que-nunca-falla\">canelones Rossini<\/a>&nbsp;en honor al compositor y gastr\u00f3nomo), mientras que algunos aromatizan la mezcla con trufa rallada.<\/p>\n\n\n\n<p><img decoding=\"async\" height=\"1532\" width=\"2047\" srcset=\"https:\/\/i.blogs.es\/12ea73\/2500463526_6c0ba3a614_k\/450_1000.jpg 450w, https:\/\/i.blogs.es\/12ea73\/2500463526_6c0ba3a614_k\/650_1200.jpg 681w,https:\/\/i.blogs.es\/12ea73\/2500463526_6c0ba3a614_k\/1024_2000.jpg 1024w, https:\/\/i.blogs.es\/12ea73\/2500463526_6c0ba3a614_k\/1366_2000.jpg 1366w\" src=\"https:\/\/i.blogs.es\/12ea73\/2500463526_6c0ba3a614_k\/450_1000.jpg\" alt=\"Canel\u00f3n relleno\">Existen rellenos muy diversos m\u00e1s all\u00e1 de la tradici\u00f3n<\/p>\n\n\n\n<p>Tambi\u00e9n&nbsp;<strong>hay quienes han innovado sobre la receta original<\/strong>&nbsp;y han optado por rellenos de espinacas, verduras variadas, setas, bacalao, pescado y marisco, at\u00fan, pato, etc.<\/p>\n\n\n\n<h2 class=\"wp-block-heading\">\u00bfReaprovechamiento de la&nbsp;<em>carn d\u2019olla<\/em>?<\/h2>\n\n\n\n<p>M\u00e1s all\u00e1 de estos hechos, reza la tradici\u00f3n que los canelones de Sant Esteve tienen raz\u00f3n de ser como&nbsp;<strong>cocina de aprovechamiento y reelaboraci\u00f3n de los restos<\/strong>&nbsp;de las jornadas anteriores, especialmente de la pilota de la&nbsp;<a href=\"https:\/\/www.directoalpaladar.com\/recetas-de-legumbres-y-verduras\/receta-escudella-i-carn-dolla-reconfortante-plato-cuchara-catalan\">escudella i carn d\u2019olla<\/a>. Sin embargo, no todos los expertos defienden este origen.<\/p>\n\n\n\n<p>Seg\u00fan explica&nbsp;<strong>Salvador Prius<\/strong>&nbsp;en un art\u00edculo en la Revista del Centre de Lectura de Reus de 1996, en Catalunya Sant Esteve toma forma comiendo canelones como&nbsp;<strong>s\u00edmbolo de la estrecha relaci\u00f3n que mantuvieron en la Edad Media las tierras catalanas con las \u00e1rabes<\/strong>&nbsp;que, despu\u00e9s de haber descubierto la pasta en la cocinas persas que a su vez las hab\u00edan tra\u00eddo de China, la introdujeron en Occidente.<\/p>\n\n\n\n<figure class=\"wp-block-image\"><img decoding=\"async\" src=\"https:\/\/i.blogs.es\/8353c9\/pexels-eva-bronzini-6103027\/450_1000.jpg\" alt=\"Pexels Eva Bronzini 6103027\"\/><\/figure>\n\n\n\n<p>Seg\u00fan esta versi\u00f3n, los canelones se introdujeron en la&nbsp;<a href=\"https:\/\/www.directoalpaladar.com\/cultura-gastronomica\/las-12-1-mejores-recetas-de-la-cocina-catalana\">cocina catalana<\/a>&nbsp;<strong>a trav\u00e9s de los cocineros italianos y franceses<\/strong>&nbsp;que abrieron sus restaurantes en Barcelona a lo largo del siglo XIX y, de la mano de las casas burguesas, sustituyeron a la comida t\u00edpica del d\u00eda 26 hasta entonces.<\/p>\n\n\n\n<p>En concreto, antes de la implantaci\u00f3n de los canelones de Sant Esteve en Catalunya se com\u00eda&nbsp;<a href=\"https:\/\/www.directoalpaladar.com\/recetas-de-arroces\/asi-receta-legendario-arroz-a-cazuela-madre-joan-roca\">arroz a la cazuela<\/a>, conocido como&nbsp;<strong><em>arr\u00f2s de colls i punys<\/em><\/strong>&nbsp;(de cuellos y pu\u00f1os), un plato muy barcelon\u00e9s a base de los restos de la cocina navide\u00f1a. De hecho, su nombre hace referencia a los cuellos y alas del pollo aprovechados procedentes de la escudella del d\u00eda anterior.<\/p>\n\n\n\n<p>En su art\u00edculo Prius destacaba tambi\u00e9n que la cocina de aprovechamiento, tan catalana, encontr\u00f3 en los suntuosos canelones una&nbsp;<strong>suculenta posibilidad de ampliar el recetario tradicional<\/strong>, como la del pan con tomate que, cuando lleg\u00f3 el tomate, el pan del d\u00eda anterior, mojado con tomate, aceite y sal, \u201cresultaba no ser tan seco\u201d.<\/p>\n\n\n\n<h2 class=\"wp-block-heading\">\u00bfUn plato de la burgues\u00eda?<\/h2>\n\n\n\n<p>En cambio, el historiador de la gastronom\u00eda&nbsp;<strong>Jaume F\u00e0brega<\/strong>&nbsp;considera en su libro \u2018La cuina modernista\u2019 que tachar los canelones de cocina de reaprovechamiento es una&nbsp;<strong>leyenda urbana<\/strong>. Seg\u00fan sus investigaciones, fue el primer restaurante de lujo en la Pen\u00ednsula Chez Justin, en Barcelona, donde se ense\u00f1\u00f3 a comer a la burgues\u00eda estos canelones de la mano de su cocinero, italiano.<\/p>\n\n\n\n<p>Tambi\u00e9n&nbsp;<strong>Jesmina Alsina Cuin\u00e9<\/strong>, de la empresa de canelones La Crossandra, considera que&nbsp;<strong>hay varias opiniones respecto a la elaboraci\u00f3n de los canelones<\/strong>: \u201cHay quien dice que era un plato muy refinado, popularizado entre la burgues\u00eda\u201d, mientras que otros opinan que era un plato de reaprovechamiento cocinado a partir de las sobras de la&nbsp;<em>escudella i carn d\u2019olla<\/em>.<\/p>\n\n\n\n<figure class=\"wp-block-image\"><a href=\"https:\/\/www.directoalpaladar.com\/recetas-de-pasta\/receta-canelones-a-catalana-clasico-plato-dia-san-esteban\"><img decoding=\"async\" src=\"https:\/\/i.blogs.es\/3c3a08\/canelones-a-la-catalana-san-esteban\/375_142.jpg\" alt=\"Receta de canelones a la catalana, el cl\u00e1sico plato del d\u00eda de San Esteban\"\/><\/a><\/figure>\n\n\n\n<p><a href=\"https:\/\/www.directoalpaladar.com\/recetas-de-pasta\/receta-canelones-a-catalana-clasico-plato-dia-san-esteban\">En Directo al Paladar<\/a><\/p>\n\n\n\n<p><a href=\"https:\/\/www.directoalpaladar.com\/recetas-de-pasta\/receta-canelones-a-catalana-clasico-plato-dia-san-esteban\">Receta de canelones a la catalana, el cl\u00e1sico plato del d\u00eda de San Esteban<\/a><\/p>\n\n\n\n<p>No obstante, m\u00e1s all\u00e1 de las leyendas fundacionales, es habitual que actualmente las familias, hijas del atareado siglo XXI, no tengan tiempo de reelaborar restos entre fiesta y fiesta, y se decanten por&nbsp;<strong>celebrar Sant Esteve en un restaurante<\/strong>&nbsp;o compren canelones elaborados por empresas especializadas.<\/p>\n\n\n\n<p>En este caso, se adquieren los d\u00edas previos a Sant Esteve como&nbsp;<strong>\u201cun plato gourmet, con ingredientes de primera calidad y de proximidad\u201d<\/strong>, explica Cuin\u00e9, aunque sin perder la tradici\u00f3n. \u201cMantenemos viva la tradici\u00f3n artesana, los enrollamos a mano, uno a uno, como hac\u00edan nuestros antepasados y como hacemos a\u00fan en casa\u201d, detalla.<\/p>\n\n\n\n<h2 class=\"wp-block-heading\">Relleno de carne seg\u00fan manda la tradici\u00f3n<\/h2>\n\n\n\n<p>En Sant Esteve,&nbsp;<strong>la tradici\u00f3n manda \u201ccon diferencia\u201d degustar canelones de carne<\/strong>&nbsp;frente a otras variantes. No obstante, seg\u00fan Cuin\u00e9 \u201ccada d\u00eda m\u00e1s, a los consumidores les gusta innovar y probar nuevas variedades\u201d.<\/p>\n\n\n\n<figure class=\"wp-block-image\"><img decoding=\"async\" src=\"https:\/\/i.blogs.es\/fa11cc\/37829120152_6b00cb78cb_c\/450_1000.jpg\" alt=\"Canelones\"\/><\/figure>\n\n\n\n<p>Igualmente, Cuin\u00e9 incide en la&nbsp;<strong>importancia de ajustarse a las necesidades del presente<\/strong>, de manera que los consumidores tengan a su disposici\u00f3n variantes adaptadas a las alergias e intolerancias, como el gluten y la lactosa, o \u201csimplemente estilos de vida, como la dieta vegana\u201d.<\/p>\n\n\n\n<h2 class=\"wp-block-heading\">Crujientes y rellenos de&nbsp;<em>rostit<\/em><\/h2>\n\n\n\n<p>En Catalunya,&nbsp;<strong>los canelones no se comen al dente, como s\u00ed son apreciados en otras latitudes<\/strong>. En las casas y restaurantes catalanes, los canelones se sirven bien cocidos y ligeramente secados al horno, de manera que queden crujientes. Seg\u00fan el escritor y gastr\u00f3nomo Josep Pla, los canelones tienen que estar bien \u201ctostados\u201d, aparte de tener una perfecta presentaci\u00f3n.<\/p>\n\n\n\n<p>Otra diferencia clara respecto a los italianos es que&nbsp;<strong>la carne procede del&nbsp;<em>rostit<\/em>, y no de la carne picada<\/strong>&nbsp;o de la botifarra. Esto es: carne asada como plato t\u00edpico hecho en una cazuela de barro o de hierro, donde esta queda melosa y gana sabor de un d\u00eda para otro.<\/p>\n\n\n\n<figure class=\"wp-block-image\"><img decoding=\"async\" src=\"https:\/\/i.blogs.es\/a858ea\/2499640673_ba550c0940_k\/450_1000.jpg\" alt=\"Canelones italianos\"\/><\/figure>\n\n\n\n<p>Adem\u00e1s, la carne del&nbsp;<em>rostit<\/em>&nbsp;<strong>primero se cuece en la sart\u00e9n donde despu\u00e9s se har\u00e1 el sofrito<\/strong>&nbsp;y luego se trocea, mientras que los t\u00edpicos canelones a la bolo\u00f1esa est\u00e1n rellenos de carne ya picada sofrita junto a una salsa que t\u00edpicamente tiene apio y zanahoria.<\/p>\n\n\n\n<p>En cuanto a la cobertura, la tradici\u00f3n manda&nbsp;<strong>sepultarlos en bechamel, salsa de origen franc\u00e9s, y queso rallado<\/strong>&nbsp;antes de gratinar al horno, aunque hay quienes rebajan esta salsa con un toque de salsa de tomate, consiguiendo un toque rosado final muy caracter\u00edstico.<\/p>\n\n\n\n<p>Fuente: <a href=\"https:\/\/www.directoalpaladar.com\/cultura-gastronomica\/canelones-sant-esteve-como-sobras-navidad-dan-lugar-a-tradicion-arraigada-navidad-catalana-1\">https:\/\/www.directoalpaladar.com\/cultura-gastronomica\/canelones-sant-esteve-como-sobras-navidad-dan-lugar-a-tradicion-arraigada-navidad-catalana-1<\/a><\/p>\n","protected":false},"excerpt":{"rendered":"<p>Natalia C. \/ Directo Al Paladar Editor El d\u00eda despu\u00e9s de Navidad&nbsp;Catalunya celebra San Esteban, Sant Esteve (el primer m\u00e1rtir [&hellip;]<\/p>\n","protected":false},"author":1,"featured_media":113396,"comment_status":"open","ping_status":"open","sticky":false,"template":"","format":"standard","meta":{"site-sidebar-layout":"default","site-content-layout":"","ast-site-content-layout":"default","site-content-style":"default","site-sidebar-style":"default","ast-global-header-display":"","ast-banner-title-visibility":"","ast-main-header-display":"","ast-hfb-above-header-display":"","ast-hfb-below-header-display":"","ast-hfb-mobile-header-display":"","site-post-title":"","ast-breadcrumbs-content":"","ast-featured-img":"","footer-sml-layout":"","theme-transparent-header-meta":"","adv-header-id-meta":"","stick-header-meta":"","header-above-stick-meta":"","header-main-stick-meta":"","header-below-stick-meta":"","astra-migrate-meta-layouts":"default","ast-page-background-enabled":"default","ast-page-background-meta":{"desktop":{"background-color":"var(--ast-global-color-4)","background-image":"","background-repeat":"repeat","background-position":"center center","background-size":"auto","background-attachment":"scroll","background-type":"","background-media":"","overlay-type":"","overlay-color":"","overlay-opacity":"","overlay-gradient":""},"tablet":{"background-color":"","background-image":"","background-repeat":"repeat","background-position":"center center","background-size":"auto","background-attachment":"scroll","background-type":"","background-media":"","overlay-type":"","overlay-color":"","overlay-opacity":"","overlay-gradient":""},"mobile":{"background-color":"","background-image":"","background-repeat":"repeat","background-position":"center center","background-size":"auto","background-attachment":"scroll","background-type":"","background-media":"","overlay-type":"","overlay-color":"","overlay-opacity":"","overlay-gradient":""}},"ast-content-background-meta":{"desktop":{"background-color":"var(--ast-global-color-5)","background-image":"","background-repeat":"repeat","background-position":"center center","background-size":"auto","background-attachment":"scroll","background-type":"","background-media":"","overlay-type":"","overlay-color":"","overlay-opacity":"","overlay-gradient":""},"tablet":{"background-color":"var(--ast-global-color-5)","background-image":"","background-repeat":"repeat","background-position":"center center","background-size":"auto","background-attachment":"scroll","background-type":"","background-media":"","overlay-type":"","overlay-color":"","overlay-opacity":"","overlay-gradient":""},"mobile":{"background-color":"var(--ast-global-color-5)","background-image":"","background-repeat":"repeat","background-position":"center center","background-size":"auto","background-attachment":"scroll","background-type":"","background-media":"","overlay-type":"","overlay-color":"","overlay-opacity":"","overlay-gradient":""}},"footnotes":""},"categories":[8],"tags":[44749,44750,44752,44751,44753],"class_list":["post-113395","post","type-post","status-publish","format-standard","has-post-thumbnail","hentry","category-noticias","tag-canelones-catalanes","tag-canelos-de-san-esteban","tag-carn-dolla","tag-reaprvechamiento-c0mida","tag-san-esteban"],"_links":{"self":[{"href":"https:\/\/losperiodistas.com.mx\/portal\/wp-json\/wp\/v2\/posts\/113395","targetHints":{"allow":["GET"]}}],"collection":[{"href":"https:\/\/losperiodistas.com.mx\/portal\/wp-json\/wp\/v2\/posts"}],"about":[{"href":"https:\/\/losperiodistas.com.mx\/portal\/wp-json\/wp\/v2\/types\/post"}],"author":[{"embeddable":true,"href":"https:\/\/losperiodistas.com.mx\/portal\/wp-json\/wp\/v2\/users\/1"}],"replies":[{"embeddable":true,"href":"https:\/\/losperiodistas.com.mx\/portal\/wp-json\/wp\/v2\/comments?post=113395"}],"version-history":[{"count":1,"href":"https:\/\/losperiodistas.com.mx\/portal\/wp-json\/wp\/v2\/posts\/113395\/revisions"}],"predecessor-version":[{"id":113397,"href":"https:\/\/losperiodistas.com.mx\/portal\/wp-json\/wp\/v2\/posts\/113395\/revisions\/113397"}],"wp:featuredmedia":[{"embeddable":true,"href":"https:\/\/losperiodistas.com.mx\/portal\/wp-json\/wp\/v2\/media\/113396"}],"wp:attachment":[{"href":"https:\/\/losperiodistas.com.mx\/portal\/wp-json\/wp\/v2\/media?parent=113395"}],"wp:term":[{"taxonomy":"category","embeddable":true,"href":"https:\/\/losperiodistas.com.mx\/portal\/wp-json\/wp\/v2\/categories?post=113395"},{"taxonomy":"post_tag","embeddable":true,"href":"https:\/\/losperiodistas.com.mx\/portal\/wp-json\/wp\/v2\/tags?post=113395"}],"curies":[{"name":"wp","href":"https:\/\/api.w.org\/{rel}","templated":true}]}}