{"id":113262,"date":"2025-12-24T10:11:03","date_gmt":"2025-12-24T16:11:03","guid":{"rendered":"https:\/\/losperiodistas.com.mx\/portal\/?p=113262"},"modified":"2025-12-24T10:11:04","modified_gmt":"2025-12-24T16:11:04","slug":"la-navidad-de-la-esperanza-en-la-iconica-belen-el-mundo","status":"publish","type":"post","link":"https:\/\/losperiodistas.com.mx\/portal\/la-navidad-de-la-esperanza-en-la-iconica-belen-el-mundo\/","title":{"rendered":"La Navidad de la esperanza en la ic\u00f3nica Bel\u00e9n | El Mundo"},"content":{"rendered":"\n<p class=\"has-medium-font-size\">Tras dos a\u00f1os de guerra en la Franja de Gaza, vuelven los festejos navide\u00f1os p\u00fablicos en la peque\u00f1a villa que a\u00fan espera la vuelta masiva de turistas y peregrinos<\/p>\n\n\n\n<figure class=\"wp-block-image size-large\"><img fetchpriority=\"high\" decoding=\"async\" width=\"1024\" height=\"768\" src=\"https:\/\/losperiodistas.com.mx\/portal\/wp-content\/uploads\/2025\/12\/17665859066850-1024x768.webp\" alt=\"\" class=\"wp-image-113263\" srcset=\"https:\/\/losperiodistas.com.mx\/portal\/wp-content\/uploads\/2025\/12\/17665859066850-1024x768.webp 1024w, https:\/\/losperiodistas.com.mx\/portal\/wp-content\/uploads\/2025\/12\/17665859066850-300x225.webp 300w, https:\/\/losperiodistas.com.mx\/portal\/wp-content\/uploads\/2025\/12\/17665859066850-768x576.webp 768w, https:\/\/losperiodistas.com.mx\/portal\/wp-content\/uploads\/2025\/12\/17665859066850.webp 1220w\" sizes=\"(max-width: 1024px) 100vw, 1024px\" \/><figcaption class=\"wp-element-caption\">Bas\u00edlica de la Natividad en Bel\u00e9n. SAL EMERGUI<\/figcaption><\/figure>\n\n\n\n<p class=\"has-vivid-red-color has-text-color has-link-color has-medium-font-size wp-elements-f32b674dc35878e24476a530166b94b2\"><strong>Sal Emergui \/ El Mundo<\/strong><\/p>\n\n\n\n<p>Bel\u00e9n<\/p>\n\n\n\n<p>Mucho mejor que en los \u00faltimos dos convulsos a\u00f1os, pero lejos del enorme potencial de Bel\u00e9n que lucha para no quedarse en postal de Navidad. \u00c9sta es la sensaci\u00f3n de la minor\u00eda cristiana en la peque\u00f1a villa donde desean que estas fechas caracterizadas por la calma marquen el inicio de la recuperaci\u00f3n econ\u00f3mica tras una larga sequ\u00eda tur\u00edstica causada primero por el coronavirus y despu\u00e9s por la guerra en la&nbsp;<a href=\"https:\/\/www.elmundo.es\/e\/fr\/franja-de-gaza.html\">Franja de Gaza<\/a>&nbsp;y sus efectos.<\/p>\n\n\n\n<p>\u00abEn nuestra tienda sol\u00edan trabajar al menos 15 personas y est\u00e1bamos ocupados los 365 d\u00edas del a\u00f1o. Desafortunadamente, como t\u00fa mismo ves, hoy somos muchos menos\u00bb, lamenta Johnny Canavati en su tienda de&nbsp;<em>souvenirs&nbsp;<\/em>en la ciudad donde la tradici\u00f3n cristiana sit\u00faa el nacimiento de Jes\u00fas.<\/p>\n\n\n\n<p>Este conocido cristiano de Bel\u00e9n describe de forma tan precisa como triste la mejora de la situaci\u00f3n a ra\u00edz del alto el fuego en Gaza: \u00abEn los \u00faltimos a\u00f1os, ten\u00edamos la tienda cerrada y ahora est\u00e1 abierta y al menos nos sentamos y tomamos caf\u00e9 esperando clientes\u00bb. Mientras espera, intenta contagiarse de optimismo:&nbsp;<strong>\u00abSeg\u00fan nos han dicho agencias de&nbsp;<\/strong><em><strong>tours&nbsp;<\/strong><\/em><strong>de turismo, en febrero del pr\u00f3ximo a\u00f1o las cosas funcionar\u00e1n un poco mejor de nuevo\u00bb<\/strong>. Y aporta su granito de arena para atraer visitantes al se\u00f1alar a este diario que \u00abBel\u00e9n siempre es segura. Yo tengo 71 a\u00f1os y te puedo decir que se est\u00e1 bien en Bel\u00e9n, no hay quejas. Es la ciudad de David, el lugar donde Cristo naci\u00f3, es intocable\u00bb.<\/p>\n\n\n\n<p>En esta localidad palestina situada en Cisjordania, el alivio por la tregua aunque sea peligrosamente fr\u00e1gil en la Franja de Gaza se entremezcla con la decepci\u00f3n porque los peregrinos no han vuelto en masa a Tierra Santa. \u00abEn los \u00faltimos dos a\u00f1os se puede decir que no hubo festividad de Navidad en Bel\u00e9n. Este a\u00f1o, s\u00ed que por ejemplo vemos turistas aunque no muchos\u00bb, cuenta Ibrahim Hanania acompa\u00f1ado por su esposa Marlen y dos nietas en la salida de la Bas\u00edlica de la Natividad y antes de llegar al enorme \u00e1rbol de Navidad que vuelve a lucir en la Plaza del Pesebre por primera vez desde 2022.<\/p>\n\n\n\n<p><strong>\u00abEstamos contentos de que haya tregua en Gaza. A nadie le gusta ni quiere la guerra. No es buena para los palestinos ni para nadie\u00bb<\/strong>, a\u00f1ade este artesano que tiene un hijo en Zaragoza. Como su padre, Hanania fabrica productos de madera para vender especialmente en estas fechas. O intentarlo.<\/p>\n\n\n\n<p>El turismo constituye alrededor del 80% de la econom\u00eda de Bel\u00e9n.&nbsp;<strong>\u00abYo vengo cada Navidad y la verdad es que aqu\u00ed estamos muy bien\u00bb<\/strong>, afirma la ucraniana Ira acompa\u00f1ada por tres amigas y compatriotas que como ella trabajan en Israel. En este pa\u00eds, dicen, la situaci\u00f3n es mucho mejor que en Ucrania donde, casi cuatro a\u00f1os despu\u00e9s del ataque ruso, el presidente estadounidense, Donald Trump, no ha logrado imponer un alto el fuego como hizo en octubre entre Israel y Hamas.<\/p>\n\n\n\n<p>El nombre de Trump surge en la conversaci\u00f3n con Bishara que en otros tiempos era un ocupado gu\u00eda tur\u00edstico. Dado que israel\u00edes y palestinos conf\u00edan cada vez menos en sus propios l\u00edderes, le pregunto si conf\u00eda en el presidente estadounidense. La respuesta es inmediata. \u00abS\u00ed, porque hace la paz en todo el mundo. Es el \u00fanico que puede traer la paz aqu\u00ed. Es fuerte y puede presionar\u00bb.<\/p>\n\n\n\n<p>\u00abPese a todo, yo soy optimista de que habr\u00e1 paz. Jes\u00fas vino a ser el Pr\u00edncipe de la Paz pero lo llamo el Rey de la Paz. Los reyes se coronan con oro y diamantes, pero \u00e9l era un rey distinto. Su corona llevaba como joya una cruz. Su paz era su poder, y a trav\u00e9s de ella trajo salvaci\u00f3n. \u00c9l es fuente de inspiraci\u00f3n para toda la Humanidad\u00bb, comenta el religioso, gu\u00eda y compositor, Kevin D&#8217;Sousa. Procedente de la India y casado con una palestina de una familia de origen salvadore\u00f1o, vive en Tierra Santa desde hace 27 a\u00f1os. \u00abEn Bel\u00e9n, el Mes\u00edas naci\u00f3 y nuestra redenci\u00f3n empez\u00f3\u00bb, asegura cerca de la peque\u00f1a entrada de la Gruta de la Natividad a la que bajan varios fieles para elevar sus rezos y afianzar su fe.<\/p>\n\n\n\n<p>En la superficie, el alcalde Maher Nicola Canawati reivindica la seguridad de la ciudad y abre la puerta a los visitantes. \u00abEstamos preparados para recibirlos.&nbsp;<strong>Bel\u00e9n debe ser centro de turismo y peregrinaci\u00f3n<\/strong>\u00ab, declara mostrando solidaridad y apoyo a \u00abnuestra gente en Gaza que es nuestra gente\u00bb.<\/p>\n\n\n\n<p>Las declaraciones, las tiendas, el ambiente y el gran \u00e1rbol confirman que<strong>&nbsp;se trata de la primera celebraci\u00f3n navide\u00f1a p\u00fablica desde el 2022<\/strong>. Aunque su situaci\u00f3n es infinitamente mejor que en el ente controlado por Hamas, los palestinos tampoco ten\u00edan mucho que festejar en Cisjordania, territorio ocupado por Israel en la guerra del 67 y bajo gobierno de la Autoridad Nacional Palestina.<\/p>\n\n\n\n<p>Antes de su tradicional entrada para la Nochebuena en Bel\u00e9n y tras su visita hace unos d\u00edas a la Franja de Gaza para reunirse con la peque\u00f1a comunidad cristiana formada por casi 600 personas y celebrar una \u00abNavidad anticipada\u00bb, el Patriarca Latino de Jerusal\u00e9n, el cardenal Pierbattista Pizzaballa envi\u00f3 un mensaje desde Jerusal\u00e9n: \u00abSabemos que todos los problemas, ya sean pol\u00edticos, sociales, econ\u00f3micos, espirituales, etc., siguen presentes, pero tambi\u00e9n es importante tener este respiro de todo el dolor y disfrutar de la Navidad\u00bb.<\/p>\n\n\n\n<p>La tregua es el gran aliado del sector tur\u00edstico que en 2023 ten\u00eda ambiciosos planes en Bel\u00e9n. Pero el ataque de Hamas del 7 de octubre de ese a\u00f1o contra Israel, la posterior ofensiva israel\u00ed devastando amplias zonas de la Franja de Gaza y la escalada regional provocaron la anulaci\u00f3n de las reservas que hab\u00edan llegado tras la pandemia.<\/p>\n\n\n\n<p>El estado de \u00e1nimo de Bel\u00e9n depende en gran parte de lo que sucede en el resto de la inestable Cisjordania y la vecina Jerusal\u00e9n, pero tambi\u00e9n a unos 70 kil\u00f3metros (Gaza), a m\u00e1s de 400 kil\u00f3metros (L\u00edbano) y unos 2.000 kil\u00f3metros (Ir\u00e1n).<\/p>\n\n\n\n<p>Volvemos a Johnny. O como \u00e9l dice con orgullo, Juan de Bel\u00e9n. Su ce\u00f1o se frunce cuando pregunto por la situaci\u00f3n de los cristianos en la ciudad. \u00abPor falta de trabajo, en el pasado se iban miembros de una familia cristiana.<strong>&nbsp;Ahora lamentablemente se van familias enteras.<\/strong>&nbsp;Bel\u00e9n depende de los turistas y cuatro a\u00f1os sin trabajo es una cat\u00e1strofe para la gente\u00bb, comenta.<\/p>\n\n\n\n<p>\u00abDigo a todos los cristianos en el mundo que vengan a visitar el lugar de nacimiento de Jes\u00fas. Que venga a ayudar a los cristianos de Bel\u00e9n\u00bb, concluye en su mensaje navide\u00f1o mientras espera clientes en su tienda.<\/p>\n\n\n\n<p>Fuente: <a href=\"https:\/\/www.elmundo.es\/internacional\/2025\/12\/24\/694bf5bfe85ecefc718b4571.html\">https:\/\/www.elmundo.es\/internacional\/2025\/12\/24\/694bf5bfe85ecefc718b4571.html<\/a><\/p>\n","protected":false},"excerpt":{"rendered":"<p>Tras dos a\u00f1os de guerra en la Franja de Gaza, vuelven los festejos navide\u00f1os p\u00fablicos en la peque\u00f1a villa que [&hellip;]<\/p>\n","protected":false},"author":1,"featured_media":113263,"comment_status":"open","ping_status":"open","sticky":false,"template":"","format":"standard","meta":{"site-sidebar-layout":"default","site-content-layout":"","ast-site-content-layout":"default","site-content-style":"default","site-sidebar-style":"default","ast-global-header-display":"","ast-banner-title-visibility":"","ast-main-header-display":"","ast-hfb-above-header-display":"","ast-hfb-below-header-display":"","ast-hfb-mobile-header-display":"","site-post-title":"","ast-breadcrumbs-content":"","ast-featured-img":"","footer-sml-layout":"","theme-transparent-header-meta":"","adv-header-id-meta":"","stick-header-meta":"","header-above-stick-meta":"","header-main-stick-meta":"","header-below-stick-meta":"","astra-migrate-meta-layouts":"default","ast-page-background-enabled":"default","ast-page-background-meta":{"desktop":{"background-color":"var(--ast-global-color-4)","background-image":"","background-repeat":"repeat","background-position":"center center","background-size":"auto","background-attachment":"scroll","background-type":"","background-media":"","overlay-type":"","overlay-color":"","overlay-opacity":"","overlay-gradient":""},"tablet":{"background-color":"","background-image":"","background-repeat":"repeat","background-position":"center center","background-size":"auto","background-attachment":"scroll","background-type":"","background-media":"","overlay-type":"","overlay-color":"","overlay-opacity":"","overlay-gradient":""},"mobile":{"background-color":"","background-image":"","background-repeat":"repeat","background-position":"center center","background-size":"auto","background-attachment":"scroll","background-type":"","background-media":"","overlay-type":"","overlay-color":"","overlay-opacity":"","overlay-gradient":""}},"ast-content-background-meta":{"desktop":{"background-color":"var(--ast-global-color-5)","background-image":"","background-repeat":"repeat","background-position":"center center","background-size":"auto","background-attachment":"scroll","background-type":"","background-media":"","overlay-type":"","overlay-color":"","overlay-opacity":"","overlay-gradient":""},"tablet":{"background-color":"var(--ast-global-color-5)","background-image":"","background-repeat":"repeat","background-position":"center center","background-size":"auto","background-attachment":"scroll","background-type":"","background-media":"","overlay-type":"","overlay-color":"","overlay-opacity":"","overlay-gradient":""},"mobile":{"background-color":"var(--ast-global-color-5)","background-image":"","background-repeat":"repeat","background-position":"center center","background-size":"auto","background-attachment":"scroll","background-type":"","background-media":"","overlay-type":"","overlay-color":"","overlay-opacity":"","overlay-gradient":""}},"footnotes":""},"categories":[8],"tags":[1488,44668],"class_list":["post-113262","post","type-post","status-publish","format-standard","has-post-thumbnail","hentry","category-noticias","tag-franja-de-gaza","tag-navidad-en-belen"],"_links":{"self":[{"href":"https:\/\/losperiodistas.com.mx\/portal\/wp-json\/wp\/v2\/posts\/113262","targetHints":{"allow":["GET"]}}],"collection":[{"href":"https:\/\/losperiodistas.com.mx\/portal\/wp-json\/wp\/v2\/posts"}],"about":[{"href":"https:\/\/losperiodistas.com.mx\/portal\/wp-json\/wp\/v2\/types\/post"}],"author":[{"embeddable":true,"href":"https:\/\/losperiodistas.com.mx\/portal\/wp-json\/wp\/v2\/users\/1"}],"replies":[{"embeddable":true,"href":"https:\/\/losperiodistas.com.mx\/portal\/wp-json\/wp\/v2\/comments?post=113262"}],"version-history":[{"count":1,"href":"https:\/\/losperiodistas.com.mx\/portal\/wp-json\/wp\/v2\/posts\/113262\/revisions"}],"predecessor-version":[{"id":113264,"href":"https:\/\/losperiodistas.com.mx\/portal\/wp-json\/wp\/v2\/posts\/113262\/revisions\/113264"}],"wp:featuredmedia":[{"embeddable":true,"href":"https:\/\/losperiodistas.com.mx\/portal\/wp-json\/wp\/v2\/media\/113263"}],"wp:attachment":[{"href":"https:\/\/losperiodistas.com.mx\/portal\/wp-json\/wp\/v2\/media?parent=113262"}],"wp:term":[{"taxonomy":"category","embeddable":true,"href":"https:\/\/losperiodistas.com.mx\/portal\/wp-json\/wp\/v2\/categories?post=113262"},{"taxonomy":"post_tag","embeddable":true,"href":"https:\/\/losperiodistas.com.mx\/portal\/wp-json\/wp\/v2\/tags?post=113262"}],"curies":[{"name":"wp","href":"https:\/\/api.w.org\/{rel}","templated":true}]}}