{"id":113244,"date":"2025-12-24T08:30:48","date_gmt":"2025-12-24T14:30:48","guid":{"rendered":"https:\/\/losperiodistas.com.mx\/portal\/?p=113244"},"modified":"2025-12-24T08:30:50","modified_gmt":"2025-12-24T14:30:50","slug":"la-noche-de-rabanos-reune-a-miles-en-oaxaca-y-preserva-una-tradicion-de-1897-excelsior","status":"publish","type":"post","link":"https:\/\/losperiodistas.com.mx\/portal\/la-noche-de-rabanos-reune-a-miles-en-oaxaca-y-preserva-una-tradicion-de-1897-excelsior\/","title":{"rendered":"La Noche de R\u00e1banos re\u00fane a miles en Oaxaca y preserva una tradici\u00f3n de 1897 | Exc\u00e9lsior"},"content":{"rendered":"\n<h2 class=\"wp-block-heading\">Miles de personas celebraron la Noche de R\u00e1banos en Oaxaca, tradici\u00f3n decembrina con arte ef\u00edmero, historia y fuerte impacto cultural y tur\u00edstico.<\/h2>\n\n\n\n<figure class=\"wp-block-image size-full\"><img fetchpriority=\"high\" decoding=\"async\" width=\"813\" height=\"542\" src=\"https:\/\/losperiodistas.com.mx\/portal\/wp-content\/uploads\/2025\/12\/694b4a8799387.jpeg\" alt=\"\" class=\"wp-image-113245\" srcset=\"https:\/\/losperiodistas.com.mx\/portal\/wp-content\/uploads\/2025\/12\/694b4a8799387.jpeg 813w, https:\/\/losperiodistas.com.mx\/portal\/wp-content\/uploads\/2025\/12\/694b4a8799387-300x200.jpeg 300w, https:\/\/losperiodistas.com.mx\/portal\/wp-content\/uploads\/2025\/12\/694b4a8799387-768x512.jpeg 768w\" sizes=\"(max-width: 813px) 100vw, 813px\" \/><figcaption class=\"wp-element-caption\">Figuras elaboradas con r\u00e1banos forman una escena art\u00edstica durante la tradicional Noche de R\u00e1banos, celebrada en el centro hist\u00f3rico de Oaxaca de Ju\u00e1rez. Gobierno de Oaxaca<\/figcaption><\/figure>\n\n\n\n<p class=\"has-vivid-red-color has-text-color has-link-color has-medium-font-size wp-elements-1ae88437e1a2f0d873e57b1c1cf46292\"><strong>Por:\u00a0<a href=\"https:\/\/www.excelsior.com.mx\/autor\/patricia-briseno\" target=\"_blank\" rel=\"noreferrer noopener\">Patricia Brise\u00f1o<\/a> \/ Exc\u00e9lsior<\/strong><\/p>\n\n\n\n<p><\/p>\n\n\n\n<p>En la v\u00edspera de la&nbsp;<strong>Nochebuena<\/strong>&nbsp;se cumpli\u00f3 la cita de la celebraci\u00f3n m\u00e1s emblem\u00e1tica de la capital oaxaque\u00f1a. Miles de personas \u2014locales y visitantes\u2014 se concentraron alrededor del Jard\u00edn de la Constituci\u00f3n para sorprenderse con las obras art\u00edsticas presentadas en la&nbsp;<strong>Noche de R\u00e1banos<\/strong>, un evento representativo previo a la Navidad.<\/p>\n\n\n\n<p>Alrededor del&nbsp;<strong>mediod\u00eda<\/strong>, mujeres y hombres inscritos en la&nbsp;<strong>edici\u00f3n 128<\/strong>&nbsp;alistaron las figuras elaboradas con r\u00e1banos de distintos tama\u00f1os, para que a lo largo del d\u00eda los paseantes acudieran a la muestra colectiva, que dura s\u00f3lo unas cuantas horas debido a las&nbsp;<strong>caracter\u00edsticas del tub\u00e9rculo<\/strong>&nbsp;y a su r\u00e1pido proceso de oxidaci\u00f3n.Play Video<\/p>\n\n\n\n<p><\/p>\n\n\n\n<figure class=\"wp-block-image\"><img decoding=\"async\" src=\"https:\/\/imagenes.excelsior.com.mx\/files\/image_449_252\/uploads\/2025\/12\/23\/694b4c4a4fac6.jpeg\" alt=\"thumb\"\/><figcaption class=\"wp-element-caption\">Asistentes recorren la muestra de figuras de la Noche de R\u00e1banos en el Jard\u00edn de la Constituci\u00f3n, una tradici\u00f3n decembrina que cada a\u00f1o re\u00fane a miles de personas en Oaxaca.Gobierno de Oaxaca<\/figcaption><\/figure>\n\n\n\n<p><strong>Inspiraci\u00f3n art\u00edstica y tradiciones oaxaque\u00f1as<\/strong><\/p>\n\n\n\n<p>La mayor\u00eda de las creaciones est\u00e1n inspiradas en&nbsp;<strong>motivos navide\u00f1os<\/strong>, como el nacimiento y la llegada de los Reyes Magos, as\u00ed como en&nbsp;<strong>tradiciones oaxaque\u00f1as<\/strong>, entre ellas la festividad de la Virgen de la Soledad y el&nbsp;<em>D\u00eda de Muertos<\/em>, adem\u00e1s de bailes,&nbsp;<strong>trajes t\u00edpicos<\/strong>&nbsp;y pasajes de la historia de la ciudad. Por la noche, el&nbsp;<strong>gobierno estatal<\/strong>&nbsp;entreg\u00f3 reconocimientos y est\u00edmulos econ\u00f3micos a los trabajos m\u00e1s destacados.<\/p>\n\n\n\n<figure class=\"wp-block-image\"><img decoding=\"async\" src=\"https:\/\/imagenes.excelsior.com.mx\/files\/image_449_252\/uploads\/2025\/12\/23\/694b4b67022b5.jpeg\" alt=\"thumb\"\/><figcaption class=\"wp-element-caption\">Escena tradicional elaborada con r\u00e1banos representa motivos festivos y culturales durante la Noche de R\u00e1banos, una de las celebraciones m\u00e1s emblem\u00e1ticas de Oaxaca.Gobierno de Oaxaca<\/figcaption><\/figure>\n\n\n\n<p>En esta ocasi\u00f3n, la exposici\u00f3n tambi\u00e9n incluy\u00f3&nbsp;<strong>estampas representativas<\/strong>&nbsp;de las costumbres y tradiciones oaxaque\u00f1as elaboradas por&nbsp;<strong>personas privadas de la libertad (PPL)<\/strong>, alumnos del&nbsp;<em>Taller Gr\u00e1fica Siqueiros<\/em>&nbsp;del Centro Penitenciario de la Villa de Etla.<\/p>\n\n\n\n<p>Asimismo, internos del&nbsp;<strong>Centro Penitenciario Varonil de Tanivet<\/strong>&nbsp;participaron con la obra&nbsp;<em>\u201cSue\u00f1os, tierra y libertad\u201d<\/em>, una propuesta que simboliza&nbsp;<strong>aspiraciones, pertenencia y el valor de la independencia<\/strong>&nbsp;desde una mirada art\u00edstica.<\/p>\n\n\n\n<p><strong>Or\u00edgenes hist\u00f3ricos de la Noche de R\u00e1banos<\/strong><\/p>\n\n\n\n<p>La primera&nbsp;<strong>Noche de R\u00e1banos<\/strong>&nbsp;se realiz\u00f3 en&nbsp;<strong>1897<\/strong>&nbsp;en la Plaza del Marqu\u00e9s o Plaza de Armas, hoy Jard\u00edn de la Constituci\u00f3n. Desde entonces, esta costumbre se celebra&nbsp;<strong>cada a\u00f1o<\/strong>&nbsp;como parte esencial de las festividades decembrinas de Oaxaca.<\/p>\n\n\n\n<figure class=\"wp-block-image\"><img decoding=\"async\" src=\"https:\/\/imagenes.excelsior.com.mx\/files\/image_449_252\/uploads\/2025\/12\/23\/694b4c9a31949.jpeg\" alt=\"thumb\"\/><figcaption class=\"wp-element-caption\">Figura art\u00edstica elaborada con r\u00e1banos destaca por su complejidad y creatividad durante la Noche de R\u00e1banos, celebraci\u00f3n tradicional realizada en el centro de Oaxaca.Gobierno de Oaxaca<\/figcaption><\/figure>\n\n\n\n<p>Hace unos&nbsp;<strong>30 a\u00f1os<\/strong>, el gobierno del estado y el&nbsp;Ayuntamiento de Oaxaca de Ju\u00e1rez&nbsp;coordinan la entrega de&nbsp;<strong>15 toneladas de r\u00e1banos<\/strong>&nbsp;de distintos tama\u00f1os a los participantes de las categor\u00edas&nbsp;<strong>infantil y adultos<\/strong>.<\/p>\n\n\n\n<p>De acuerdo con registros hist\u00f3ricos del Ayuntamiento de Oaxaca de Ju\u00e1rez y cr\u00f3nicas retomadas por&nbsp;<em>Exc\u00e9lsior<\/em>, la Noche de R\u00e1banos fue instaurada de manera oficial el&nbsp;<strong>23 de diciembre de 1897<\/strong>&nbsp;como una estrategia para impulsar la venta de&nbsp;<strong>productos hort\u00edcolas locales<\/strong>, particularmente del r\u00e1bano cultivado en los&nbsp;<em>Valles Centrales<\/em>, tras una sobreproducci\u00f3n registrada a finales del siglo XIX.<\/p>\n\n\n\n<p><strong>Impacto cultural y econ\u00f3mico actual<\/strong><\/p>\n\n\n\n<p>Actualmente, el certamen contempla varias&nbsp;<strong>categor\u00edas<\/strong>:<\/p>\n\n\n\n<ul class=\"wp-block-list\">\n<li><strong>R\u00e1banos tradicionales\u00a0<\/strong><\/li>\n\n\n\n<li><strong>R\u00e1banos libres<\/strong><\/li>\n\n\n\n<li><strong>Flor inmortal<\/strong><\/li>\n\n\n\n<li><strong>Totomoxtle<\/strong><\/li>\n<\/ul>\n\n\n\n<p>El evento reparte una&nbsp;<strong>bolsa econ\u00f3mica<\/strong>&nbsp;que en a\u00f1os recientes ha superado el&nbsp;<strong>mill\u00f3n de pesos<\/strong>&nbsp;en premios y est\u00edmulos, con el objetivo de&nbsp;<strong>preservar esta manifestaci\u00f3n cultural<\/strong>, considerada&nbsp;<strong>Patrimonio Cultural Inmaterial del estado de Oaxaca<\/strong>.<\/p>\n\n\n\n<p>Adem\u00e1s, datos de la&nbsp;<em>Secretar\u00eda de Turismo de Oaxaca<\/em>&nbsp;indican que el evento atrae anualmente a&nbsp;<strong>m\u00e1s de 100 mil asistentes<\/strong>&nbsp;y genera una&nbsp;<strong>derrama econ\u00f3mica superior a los 30 millones de pesos<\/strong>&nbsp;durante la temporada decembrina.<\/p>\n\n\n\n<p>\u00abpev\u00bb&nbsp;<\/p>\n\n\n\n<p>Fuente: <a href=\"https:\/\/www.excelsior.com.mx\/nacional\/noche-rabanos-oaxaca\">https:\/\/www.excelsior.com.mx\/nacional\/noche-rabanos-oaxaca<\/a><\/p>\n","protected":false},"excerpt":{"rendered":"<p>Miles de personas celebraron la Noche de R\u00e1banos en Oaxaca, tradici\u00f3n decembrina con arte ef\u00edmero, historia y fuerte impacto cultural [&hellip;]<\/p>\n","protected":false},"author":1,"featured_media":113245,"comment_status":"open","ping_status":"open","sticky":false,"template":"","format":"standard","meta":{"site-sidebar-layout":"default","site-content-layout":"","ast-site-content-layout":"default","site-content-style":"default","site-sidebar-style":"default","ast-global-header-display":"","ast-banner-title-visibility":"","ast-main-header-display":"","ast-hfb-above-header-display":"","ast-hfb-below-header-display":"","ast-hfb-mobile-header-display":"","site-post-title":"","ast-breadcrumbs-content":"","ast-featured-img":"","footer-sml-layout":"","theme-transparent-header-meta":"","adv-header-id-meta":"","stick-header-meta":"","header-above-stick-meta":"","header-main-stick-meta":"","header-below-stick-meta":"","astra-migrate-meta-layouts":"default","ast-page-background-enabled":"default","ast-page-background-meta":{"desktop":{"background-color":"var(--ast-global-color-4)","background-image":"","background-repeat":"repeat","background-position":"center center","background-size":"auto","background-attachment":"scroll","background-type":"","background-media":"","overlay-type":"","overlay-color":"","overlay-opacity":"","overlay-gradient":""},"tablet":{"background-color":"","background-image":"","background-repeat":"repeat","background-position":"center center","background-size":"auto","background-attachment":"scroll","background-type":"","background-media":"","overlay-type":"","overlay-color":"","overlay-opacity":"","overlay-gradient":""},"mobile":{"background-color":"","background-image":"","background-repeat":"repeat","background-position":"center center","background-size":"auto","background-attachment":"scroll","background-type":"","background-media":"","overlay-type":"","overlay-color":"","overlay-opacity":"","overlay-gradient":""}},"ast-content-background-meta":{"desktop":{"background-color":"var(--ast-global-color-5)","background-image":"","background-repeat":"repeat","background-position":"center center","background-size":"auto","background-attachment":"scroll","background-type":"","background-media":"","overlay-type":"","overlay-color":"","overlay-opacity":"","overlay-gradient":""},"tablet":{"background-color":"var(--ast-global-color-5)","background-image":"","background-repeat":"repeat","background-position":"center center","background-size":"auto","background-attachment":"scroll","background-type":"","background-media":"","overlay-type":"","overlay-color":"","overlay-opacity":"","overlay-gradient":""},"mobile":{"background-color":"var(--ast-global-color-5)","background-image":"","background-repeat":"repeat","background-position":"center center","background-size":"auto","background-attachment":"scroll","background-type":"","background-media":"","overlay-type":"","overlay-color":"","overlay-opacity":"","overlay-gradient":""}},"footnotes":""},"categories":[8],"tags":[6296,44659],"class_list":["post-113244","post","type-post","status-publish","format-standard","has-post-thumbnail","hentry","category-noticias","tag-noche-de-los-rabanos","tag-tradiciones-oaxaca"],"_links":{"self":[{"href":"https:\/\/losperiodistas.com.mx\/portal\/wp-json\/wp\/v2\/posts\/113244","targetHints":{"allow":["GET"]}}],"collection":[{"href":"https:\/\/losperiodistas.com.mx\/portal\/wp-json\/wp\/v2\/posts"}],"about":[{"href":"https:\/\/losperiodistas.com.mx\/portal\/wp-json\/wp\/v2\/types\/post"}],"author":[{"embeddable":true,"href":"https:\/\/losperiodistas.com.mx\/portal\/wp-json\/wp\/v2\/users\/1"}],"replies":[{"embeddable":true,"href":"https:\/\/losperiodistas.com.mx\/portal\/wp-json\/wp\/v2\/comments?post=113244"}],"version-history":[{"count":1,"href":"https:\/\/losperiodistas.com.mx\/portal\/wp-json\/wp\/v2\/posts\/113244\/revisions"}],"predecessor-version":[{"id":113246,"href":"https:\/\/losperiodistas.com.mx\/portal\/wp-json\/wp\/v2\/posts\/113244\/revisions\/113246"}],"wp:featuredmedia":[{"embeddable":true,"href":"https:\/\/losperiodistas.com.mx\/portal\/wp-json\/wp\/v2\/media\/113245"}],"wp:attachment":[{"href":"https:\/\/losperiodistas.com.mx\/portal\/wp-json\/wp\/v2\/media?parent=113244"}],"wp:term":[{"taxonomy":"category","embeddable":true,"href":"https:\/\/losperiodistas.com.mx\/portal\/wp-json\/wp\/v2\/categories?post=113244"},{"taxonomy":"post_tag","embeddable":true,"href":"https:\/\/losperiodistas.com.mx\/portal\/wp-json\/wp\/v2\/tags?post=113244"}],"curies":[{"name":"wp","href":"https:\/\/api.w.org\/{rel}","templated":true}]}}